{"id":183716,"date":"2025-06-17T16:06:08","date_gmt":"2025-06-17T16:06:08","guid":{"rendered":"https:\/\/www.europesays.com\/fr\/183716\/"},"modified":"2025-06-17T16:06:08","modified_gmt":"2025-06-17T16:06:08","slug":"louis-bielle-biarrey-va-manquer-la-demi-finale-face-a-toulon-gros-coup-dur-pour-lubb","status":"publish","type":"post","link":"https:\/\/www.europesays.com\/fr\/183716\/","title":{"rendered":"Louis Bielle-Biarrey va manquer la demi-finale face \u00e0 Toulon, gros coup dur pour l\u2019UBB"},"content":{"rendered":"<p>D\u2019apr\u00e8s les informations de Canal +, l\u2019ailier de l\u2019UBB sera absent pour d\u00e9fier le RCT en demi-finale \u00e0 Lyon ce samedi soir (21h05).<\/p>\n<p class=\"fig-paragraph\"><a href=\"http:\/\/www.lefigaro.fr\/sports\/rugby\/top-14\/top-14-signaux-positifs-pour-les-retours-de-lucu-buros-et-falatea-ubb-20250616\" data-fig-type=\"NewsFlash\" data-gtm-custom-categorie=\"navigation\" data-gtm-custom-action=\"crossclick\" data-gtm-custom-label=\"Contextuel\" data-gtm-event=\"customEventSPE\" data-fig-domain=\"LEFIGARO\" target=\"_blank\" rel=\"noopener\">Maxime Lucu<\/a>, Sipili Falatea et Romain Buros pourraient \u00eatre align\u00e9s ce samedi soir face \u00e0 Toulon en\u00a0<a href=\"http:\/\/www.lefigaro.fr\/sports\/rugby\/top-14\/ubb-toulon-a-quelle-heure-et-sur-quelle-chaine-regarder-la-seconde-demi-finale-du-top-14-20250616\" data-fig-type=\"NewsFlash\" data-gtm-custom-categorie=\"navigation\" data-gtm-custom-action=\"crossclick\" data-gtm-custom-label=\"Contextuel\" data-gtm-event=\"customEventSPE\" data-fig-domain=\"LEFIGARO\" target=\"_blank\" rel=\"noopener\">demi-finale de Top 14<\/a>. Le g\u00e9ant australo-tongien Adam Coleman sera lui absent. Une grosse perte pour l\u2019UBB qui devra \u00e9galement se passer de son serial marqueur\u00a0<a href=\"http:\/\/www.lefigaro.fr\/sports\/rugby\/top-14\/top-14-un-toulouse-record-bielle-biarrey-sur-le-fil-vannes-trop-friable-la-saison-reguliere-en-chiffres-20250609\" data-fig-type=\"NewsFlash\" data-gtm-custom-categorie=\"navigation\" data-gtm-custom-action=\"crossclick\" data-gtm-custom-label=\"Contextuel\" data-gtm-event=\"customEventSPE\" data-fig-domain=\"LEFIGARO\" target=\"_blank\" rel=\"noopener\">Louis Bielle-Biarrey<\/a>.<\/p>\n<p class=\"fig-paragraph\">D\u2019apr\u00e8s les informations de Canal +, l\u2019ailier du XV de France est forfait \u00e0 cause d\u2019une commotion. Un \u00e9norme coup dur pour le club girondin. Cette saison, Bielle-Biarrey a inscrit 33 essais en 29 rencontres toutes comp\u00e9titions confondues, en club et en s\u00e9lection.<\/p>\n<p class=\"fig-paragraph\">En face, l\u2019ailier\u00a0<a href=\"http:\/\/www.lefigaro.fr\/sports\/rugby\/6-nations\/xv-de-france-je-ne-m-attendais-pas-du-tout-a-etre-selectionne-murmure-gael-drean-20250121\" data-fig-type=\"NewsFlash\" data-gtm-custom-categorie=\"navigation\" data-gtm-custom-action=\"crossclick\" data-gtm-custom-label=\"Contextuel\" data-gtm-event=\"customEventSPE\" data-fig-domain=\"LEFIGARO\" target=\"_blank\" rel=\"noopener\">Ga\u00ebl Dr\u00e9an<\/a>\u00a0pourrait faire son retour avec Toulon alors que\u00a0<a href=\"http:\/\/www.lefigaro.fr\/sports\/rugby\/top-14\/top-14-victime-d-une-commotion-le-toulonnais-gabin-villiere-forfait-contre-castres-20250612\" data-fig-type=\"NewsFlash\" data-gtm-custom-categorie=\"navigation\" data-gtm-custom-action=\"crossclick\" data-gtm-custom-label=\"Contextuel\" data-gtm-event=\"customEventSPE\" data-fig-domain=\"LEFIGARO\" target=\"_blank\" rel=\"noopener\">Gabin Villi\u00e8re<\/a>\u00a0sera absent.<\/p>\n<p class=\"fig-paragraph\"><strong>\u00c0 VOIR AUSSI \u2013 <\/strong>Insolite\u00a0: le footballeur fran\u00e7ais Rayan Cherki casse une cam\u00e9ra \u00e0 l\u2019entra\u00eenement avec Manchester City<\/p>\n","protected":false},"excerpt":{"rendered":"D\u2019apr\u00e8s les informations de Canal +, l\u2019ailier de l\u2019UBB sera absent pour d\u00e9fier le RCT en demi-finale \u00e0&hellip;\n","protected":false},"author":2,"featured_media":183717,"comment_status":"","ping_status":"","sticky":false,"template":"","format":"standard","meta":{"footnotes":""},"categories":[1416],"tags":[525,4590,1981,2313,814,1011,27,12099,955,4589,2311,3461,1980,479,1468,2259,60,478,2310,2312,4364],"class_list":{"0":"post-183716","1":"post","2":"type-post","3":"status-publish","4":"format-standard","5":"has-post-thumbnail","7":"category-rugby","8":"tag-calendrier","9":"tag-championnat-france","10":"tag-classement","11":"tag-clermont","12":"tag-direct","13":"tag-fr","14":"tag-france","15":"tag-louis-bielle-biarrey","16":"tag-match","17":"tag-phase-finale","18":"tag-racing","19":"tag-rct","20":"tag-resultats","21":"tag-rugby","22":"tag-rugby-football","23":"tag-score","24":"tag-sports","25":"tag-top-14","26":"tag-toulon","27":"tag-toulouse","28":"tag-ubb"},"share_on_mastodon":{"url":"https:\/\/pubeurope.com\/@fr\/114699566006998525","error":""},"_links":{"self":[{"href":"https:\/\/www.europesays.com\/fr\/wp-json\/wp\/v2\/posts\/183716","targetHints":{"allow":["GET"]}}],"collection":[{"href":"https:\/\/www.europesays.com\/fr\/wp-json\/wp\/v2\/posts"}],"about":[{"href":"https:\/\/www.europesays.com\/fr\/wp-json\/wp\/v2\/types\/post"}],"author":[{"embeddable":true,"href":"https:\/\/www.europesays.com\/fr\/wp-json\/wp\/v2\/users\/2"}],"replies":[{"embeddable":true,"href":"https:\/\/www.europesays.com\/fr\/wp-json\/wp\/v2\/comments?post=183716"}],"version-history":[{"count":0,"href":"https:\/\/www.europesays.com\/fr\/wp-json\/wp\/v2\/posts\/183716\/revisions"}],"wp:featuredmedia":[{"embeddable":true,"href":"https:\/\/www.europesays.com\/fr\/wp-json\/wp\/v2\/media\/183717"}],"wp:attachment":[{"href":"https:\/\/www.europesays.com\/fr\/wp-json\/wp\/v2\/media?parent=183716"}],"wp:term":[{"taxonomy":"category","embeddable":true,"href":"https:\/\/www.europesays.com\/fr\/wp-json\/wp\/v2\/categories?post=183716"},{"taxonomy":"post_tag","embeddable":true,"href":"https:\/\/www.europesays.com\/fr\/wp-json\/wp\/v2\/tags?post=183716"}],"curies":[{"name":"wp","href":"https:\/\/api.w.org\/{rel}","templated":true}]}}