{"id":183724,"date":"2025-06-17T16:11:14","date_gmt":"2025-06-17T16:11:14","guid":{"rendered":"https:\/\/www.europesays.com\/fr\/183724\/"},"modified":"2025-06-17T16:11:14","modified_gmt":"2025-06-17T16:11:14","slug":"cyclisme-la-route-doccitanie-parcours-profil-favoris-la-route-doccitanie-2025","status":"publish","type":"post","link":"https:\/\/www.europesays.com\/fr\/183724\/","title":{"rendered":"Cyclisme. La Route d&rsquo;Occitanie &#8211; Parcours, profil, favoris&#8230; la Route d&rsquo;Occitanie 2025"},"content":{"rendered":"<p> Lire la suite de l&rsquo;article&#13;<\/p>\n<p>\u00a0<\/p>\n<p>&#13;<br \/>\nProdhomme, Rodriguez, Godon&#8230; du beau monde au d\u00e9part&#13;<\/p>\n<p>19 \u00e9quipes seront au d\u00e9part, dont cinq de l&rsquo;\u00e9lite mondiale.\u00a0Organis\u00e9e apr\u00e8s le\u00a0<strong>Crit\u00e9rium du Dauphin\u00e9<\/strong>, l&rsquo;\u00e9preuve qui pr\u00e9c\u00e8de la toute nouvelle classique\u00a0<strong>Andorra MoraBanc Cl\u00e0ssica<\/strong>, dont la 1\u00e8re \u00e9dition aura lieu ce dimanche 22 juin,\u00a0est\u00a0l\u2019ultime course \u00e0 \u00e9tapes avant d&rsquo;aborder les grands rendez-vous nationaux et internationaux de l\u2019\u00e9t\u00e9 (Championnats de France, Tour de France) et attire donc un plateau int\u00e9ressant.<\/p>\n<p>&#13;<\/p>\n<p>En vue du classement g\u00e9n\u00e9ral, plusieurs beaux noms seront \u00e0 surveiller, avec <strong>Davide Piganzoli<\/strong> (Polti VisitMalta) et <strong>Nicolas Prodhomme<\/strong> (Decathlon AG2R), respectivement 14e et 15e du dernier <strong>Giro d&rsquo;Italia<\/strong>. M\u00eame si le grand favori est sans doute <strong>Cristian Rodriguez<\/strong> (Ark\u00e9a-B&amp;B Hotels), r\u00e9cent vainqueur de la <strong>Mercan&rsquo;Tour Classic<\/strong>.<strong> Steff Cras<\/strong> (TotalEnergies), <strong>Jefferson Alexander Cepeda<\/strong> (EF Education-EasyPost),<strong> R\u00e9my Rochas<\/strong> (Groupama-FDJ), <strong>Jesus Herrada<\/strong> (Cofidis)&#8230; seront \u00e9galament \u00e0 surveiller. Parmi les chasseurs d&rsquo;\u00e9tapes, on peut \u00e9galement noter la pr\u00e9sence de <strong>Marijn van den Berg <\/strong>(EF Education-EasyPost), <strong>Thibaud Gruel <\/strong>(Groupama-FDJ), <strong>Pierre Gautherat<\/strong>, <strong>Dorian Godon<\/strong> (Decathlon AG2R) ou autre <strong>Eric Antonio Fagundez<\/strong> (Burgos Burpellet BH).<\/p>\n<p>&#13;<\/p>\n<p>\u00a0<\/p>\n<p>&#13;<br \/>\nLe parcours de La Route d&rsquo;Occitanie &#8211; CIC 2025&#13;<\/p>\n<p><strong>Mercredi 18 juin<\/strong>\u00a0&#8211; \u00e9tape 1 : Saint-Affrique \u2013 Roquefort\u00a0\/ 10,5 km, CLM individuel (d\u00e9part premier coureur \u00e0 14h00, arriv\u00e9e du dernier vers 16h25)<\/p>\n<p>&#13;<\/p>\n<p><img decoding=\"async\" src=\"https:\/\/www.europesays.com\/fr\/wp-content\/uploads\/2025\/06\/rdo1.jpg\" style=\"max-width:100%;max-height:100%;\" alt=\"image\" loading=\"lazy\"\/><\/p>\n<p>&#13;<\/p>\n<p>\u00a0<\/p>\n<p>&#13;<\/p>\n<p><strong>Jeudi 19 juin<\/strong>\u00a0&#8211; \u00e9tape 2 :\u00a0Gignac Vall\u00e9e de l\u2019H\u00e9rault \u2013 Carmaux S\u00e9gala\u00a0\/ 195,8 km\u00a0(d\u00e9part r\u00e9el \u00e0 11h40, arriv\u00e9e vers 16h00)<\/p>\n<p>&#13;<\/p>\n<p><img decoding=\"async\" src=\"https:\/\/www.europesays.com\/fr\/wp-content\/uploads\/2025\/06\/rdo2.jpg\" style=\"max-width:100%;max-height:100%;\" alt=\"image\" loading=\"lazy\"\/><\/p>\n<p>&#13;<\/p>\n<p>\u00a0<\/p>\n<p>&#13;<\/p>\n<p><strong>Vendredi 20 juin<\/strong>\u00a0&#8211; \u00e9tape 3 : Pujaudran \u2013 Luz-Saint-Sauveur Luz Ardiden \/ 173,8 km\u00a0(d\u00e9part r\u00e9el \u00e0 11h45, arriv\u00e9e vers 16h00)<\/p>\n<p>&#13;<\/p>\n<p><img decoding=\"async\" src=\"https:\/\/www.europesays.com\/fr\/wp-content\/uploads\/2025\/06\/rdo3.jpg\" style=\"max-width:100%;max-height:100%;\" alt=\"image\" loading=\"lazy\"\/><\/p>\n<p>&#13;<\/p>\n<p>\u00a0<\/p>\n<p>&#13;<\/p>\n<p><strong>Samedi 21 juin<\/strong>\u00a0&#8211; \u00e9tape 4 : Saint-Gaudens \u2013 Saint-Girons Ari\u00e8ge Pyr\u00e9n\u00e9es \/ 128,5 km\u00a0(d\u00e9part r\u00e9el \u00e0 12h40, arriv\u00e9e vers 15h52)<\/p>\n<p>&#13;<\/p>\n<p><img decoding=\"async\" src=\"https:\/\/www.europesays.com\/fr\/wp-content\/uploads\/2025\/06\/rdo4.jpg\" style=\"max-width:100%;max-height:100%;\" alt=\"image\" loading=\"lazy\"\/><\/p>\n<p>&#13;<\/p>\n<p>\u00a0<\/p>\n<p>&#13;<br \/>\nListe de d\u00e9part&#13;<\/p>\n<p><strong>Ark\u00e9a &#8211; B&amp;B Hotels<\/strong><br \/>1. GARC\u00cdA PIERNA Ra\u00fal<br \/>2. SVESTAD-B\u00c5RDSENG Embret<br \/>3. RODR\u00cdGUEZ Cristi\u00e1n<br \/>4. GUGLIELMI Simon<br \/>5. POULARD Baptiste<br \/>6. LELANDAIS R\u00e9mi<br \/>7. FAYOLLE Jean-Loup<\/p>\n<p><strong>EF Education &#8211; EasyPost<\/strong><br \/>11. CEPEDA Jefferson Alexander<br \/>12. VAN DEN BERG Marijn<br \/>13. TODOME Yuhi<br \/>14. QUINN Sean<br \/>15. CARTHY Hugh<br \/>16. MACKELLAR Alastair<br \/>17. VAN DER LEE Jardi Christiaan<\/p>\n<p><strong>Cofidis<\/strong><br \/>21. HERRADA Jes\u00fas<br \/>22. CARR Simon<br \/>23. PEREZ Anthony<br \/>24. LASTRA Jonathan<br \/>25. DEBEAUMARCH\u00c9 Nicolas<br \/>27. IZQUIERDO Cl\u00e9ment<\/p>\n<p><strong>Groupama &#8211; FDJ<\/strong><br \/>31. BARTHE Cyril<br \/>32. DONNENWIRTH Tom<br \/>33. GENIETS Kevin<br \/>34. GERMANI Lorenzo<br \/>35. GRUEL Thibaud<br \/>36. MOLARD Rudy<br \/>37. ROCHAS R\u00e9my<\/p>\n<p><strong>Decathlon AG2R La Mondiale Team<\/strong><br \/>41. PRODHOMME Nicolas<br \/>42. DE PESTEL Sander<br \/>43. VENDRAME Andrea<br \/>44. GODON Dorian<br \/>45. DEWULF Stan<br \/>46. GAUTHERAT Pierre<br \/>47. BLAISE Arthur<\/p>\n<p><strong>Team TotalEnergies<\/strong><br \/>51. CRAS Steff<br \/>52. DELBOVE Joris<br \/>53. RETAILLEAU Valentin<br \/>54. VADIC Baptiste<br \/>55. JOUSSEAUME Alan<br \/>56. DUJARDIN Sandy<br \/>57. GRELLIER Fabien<\/p>\n<p><strong>Caja Rural &#8211; Seguros RGA<\/strong><br \/>61. BALDERSTONE Abel<br \/>62. BERWICK Sebastian<br \/>63. BOU Joan<br \/>64. DARDER Sergi<br \/>65. D\u00cdAZ Alex<br \/>66. CASTELLON Jan<br \/>67. ARRIOLA-BENGOA Julen<\/p>\n<p><strong>Burgos Burpellet BH<\/strong><br \/>71. FAG\u00daNDEZ Eric Antonio<br \/>72. OKAMIKA Ander<br \/>73. BURNETT Josh<br \/>74. GARC\u00cdA PIERNA Carlos<br \/>75. FAURA Jos\u00e9 Luis<br \/>76. DELGADO David<br \/>77. FERN\u00c1NDEZ Sinuh\u00e9<\/p>\n<p><strong>Equipo Kern Pharma<\/strong><br \/>81. BERRADE Urko<br \/>82. GUTI\u00c9RREZ Jorge<br \/>83. COBO Iv\u00e1n<br \/>84. WENZEL Mats<br \/>85. RUIZ Ibon<br \/>86. AZNAR Hugo<br \/>87. GIMENO Nil<\/p>\n<p><strong>BIKE AID<\/strong><br \/>91. SCHIFFER Anton<br \/>92. DORN Vinzent<br \/>93. MATTHEIS Oliver<br \/>94. LENNEMANN Anton<br \/>95. STERNSDORFF Lennard<br \/>96. BAK Simon<br \/>97. BOUVIER L\u00e9o<\/p>\n<p><strong>Euskaltel &#8211; Euskadi<\/strong><br \/>101. ISASA Xabier<br \/>102. JUARISTI Txomin<br \/>103. BIZKARRA Mikel<br \/>104. VAN DER TUUK Danny<br \/>105. MINTEGI Iker<br \/>106. ALUSTIZA Nicol\u00e1s<br \/>107. ZUBELDIA Unai<\/p>\n<p><strong>Wagner Bazin WB<\/strong><br \/>111. TIZZA Marco<br \/>112. PAPON Victor<br \/>113. VILLA Giacomo<br \/>114. RENARD-HAQUIN Henri-Fran\u00e7ois<br \/>115. BAGUELIN Jocelyn<br \/>116. MEENS Johan<br \/>117. DE TIER Floris<\/p>\n<p><strong>Team Polti VisitMalta<\/strong><br \/>121. PIGANZOLI Davide<br \/>122. G\u00d3MEZ Germ\u00e1n Dar\u00edo<br \/>123. TERCERO Fernando<br \/>124. MART\u00cdN Alex<br \/>125. DE CASSAN Davide<br \/>126. TONELLI Alessandro<br \/>127. GARC\u00cdA Pablo<\/p>\n<p><strong>Unibet Tietema Rockets<\/strong><br \/>131. CARBONI Giovanni<br \/>132. MAIRE Adrien<br \/>133. EIKING Odd Christian<br \/>134. MERIS Sergio<br \/>135. VERSCHUREN Killian<br \/>136. HUYET Baptiste<br \/>137. GELEIJN Owen<\/p>\n<p><strong>CIC &#8211; U &#8211; Nantes<\/strong><br \/>141. CHAUSSINAND Joris<br \/>142. LANGELLA Lenaic<br \/>143. GU\u00c9GAN Ma\u00ebl<br \/>144. JOALLAND Ya\u00ebl<br \/>145. MARIAULT Axel<br \/>146. DEVROUTE Corentin<br \/>147. AUG\u00c9 Ronan<\/p>\n<p><strong>St Michel &#8211; Preference Home &#8211; Auber93<\/strong><br \/>151. DELACROIX Th\u00e9o<br \/>152. BREUILLARD Nicolas<br \/>153. CHAMPION Thomas<br \/>154. SIMON Yohann<br \/>155. BENETEAU Lucas<br \/>156. VAN NIEKERK Morn\u00e9<br \/>157. CARDIS Romain<\/p>\n<p><strong>Van Rysel Roubaix<\/strong><br \/>161. JUILLARD Maximilien<br \/>162. CAPRON R\u00e9mi<br \/>163. GUILLON C\u00e9lestin<br \/>164. JARNET Maxime<br \/>165. TH\u00c9OT Killian<br \/>166. MORIN Emmanuel<br \/>167. MOLLY Kenny<\/p>\n<p><strong>Nice M\u00e9tropole C\u00f4te d&rsquo;Azur<\/strong><br \/>171. H\u00c4NNINEN Jaakko<br \/>172. MIFSUD Andrea<br \/>173. GUICHARD Carter<br \/>174. KONIJN Alexander<br \/>175. GIRARD Damien<br \/>176. KNECHT Noah<br \/>177. NARBONNE ZUCCARELLI Axel<\/p>\n<p><strong>Team Sistecredito<\/strong><br \/>181. GARCIA Estiven<br \/>182. MU\u00d1OZ Jaider<br \/>183. RODRIGUEZ Juan Felipe<br \/>184. URI\u00c1N Juan David<br \/>185. RODRIGUEZ Hugo<br \/>186. TORO Felipe<br \/>187. MEJ\u00cdA Esteban<\/p>\n","protected":false},"excerpt":{"rendered":"Lire la suite de l&rsquo;article&#13; \u00a0 &#13; Prodhomme, Rodriguez, Godon&#8230; du beau monde au d\u00e9part&#13; 19 \u00e9quipes seront&hellip;\n","protected":false},"author":2,"featured_media":183725,"comment_status":"","ping_status":"","sticky":false,"template":"","format":"standard","meta":{"footnotes":""},"categories":[1411],"tags":[1154,207,1011,27,32184,209,60,208],"class_list":{"0":"post-183724","1":"post","2":"type-post","3":"status-publish","4":"format-standard","5":"has-post-thumbnail","7":"category-cyclisme","8":"tag-cycling","9":"tag-cyclisme","10":"tag-fr","11":"tag-france","12":"tag-la-route-d","13":"tag-route","14":"tag-sports","15":"tag-velo"},"share_on_mastodon":{"url":"https:\/\/pubeurope.com\/@fr\/114699585998935443","error":""},"_links":{"self":[{"href":"https:\/\/www.europesays.com\/fr\/wp-json\/wp\/v2\/posts\/183724","targetHints":{"allow":["GET"]}}],"collection":[{"href":"https:\/\/www.europesays.com\/fr\/wp-json\/wp\/v2\/posts"}],"about":[{"href":"https:\/\/www.europesays.com\/fr\/wp-json\/wp\/v2\/types\/post"}],"author":[{"embeddable":true,"href":"https:\/\/www.europesays.com\/fr\/wp-json\/wp\/v2\/users\/2"}],"replies":[{"embeddable":true,"href":"https:\/\/www.europesays.com\/fr\/wp-json\/wp\/v2\/comments?post=183724"}],"version-history":[{"count":0,"href":"https:\/\/www.europesays.com\/fr\/wp-json\/wp\/v2\/posts\/183724\/revisions"}],"wp:featuredmedia":[{"embeddable":true,"href":"https:\/\/www.europesays.com\/fr\/wp-json\/wp\/v2\/media\/183725"}],"wp:attachment":[{"href":"https:\/\/www.europesays.com\/fr\/wp-json\/wp\/v2\/media?parent=183724"}],"wp:term":[{"taxonomy":"category","embeddable":true,"href":"https:\/\/www.europesays.com\/fr\/wp-json\/wp\/v2\/categories?post=183724"},{"taxonomy":"post_tag","embeddable":true,"href":"https:\/\/www.europesays.com\/fr\/wp-json\/wp\/v2\/tags?post=183724"}],"curies":[{"name":"wp","href":"https:\/\/api.w.org\/{rel}","templated":true}]}}