{"id":183732,"date":"2025-06-17T16:15:10","date_gmt":"2025-06-17T16:15:10","guid":{"rendered":"https:\/\/www.europesays.com\/fr\/183732\/"},"modified":"2025-06-17T16:15:10","modified_gmt":"2025-06-17T16:15:10","slug":"les-meilleurs-livres-pour-expatries-a-lire-sur-la-plage-de-barcelone","status":"publish","type":"post","link":"https:\/\/www.europesays.com\/fr\/183732\/","title":{"rendered":"Les meilleurs livres pour expatri\u00e9s \u00e0 lire sur la plage de Barcelone"},"content":{"rendered":"<p>5 livres \u00e0 bouquiner sous le soleil de Barcelone<\/p>\n<p>La Ville des prodiges \u2013 Eduardo Mendoza<\/p>\n<p>Un classique \u00e0 ne surtout pas manquer pour commencer l&rsquo;\u00e9t\u00e9 ! Roman embl\u00e9matique de l\u2019\u00e9crivain espagnol Eduardo Mendoza en 1986, \u00ab\u00a0La Ville des prodiges\u00a0\u00bb plonge le lecteur dans l&rsquo;\u00e2me de Barcelone entre\u00a01888 \u00e0 1929.\u00a0Une p\u00e9riode de grand tournant pour la ville, d\u00e9laissant sa cit\u00e9 m\u00e9di\u00e9vale pour\u00a0une m\u00e9tropole moderne.\u00a0\u00c9lu meilleur livre de l\u2019ann\u00e9e 1988, cette satire sociale et politique est\u00a0une lecture incontournable pour comprendre l&rsquo;\u00e9volution de Barcelone.<\/p>\n<p>Barcelone \u2013 Manuel V\u00e1zquez Montalb\u00e1n<\/p>\n<p>Publi\u00e9e en 1995, l&rsquo;oeuvre litt\u00e9raire de\u00a0Manuel V\u00e1zquez Montalb\u00e1n est un m\u00e9lange parfait entre guide touristique et roman. \u00ab\u00a0Barcelone\u00a0\u00bb est une lecture embl\u00e9matique pour les expatri\u00e9s souhaitant conna\u00eetre la Catalogne du point de vue d&rsquo;un passionn\u00e9. En plus de dresser le portrait de sa ville natale, l&rsquo;auteur am\u00e8ne sa vision personnelle de la r\u00e9gion, en laissant parler son identit\u00e9 catalane. Entre\u00a0journalisme, chronique et r\u00e9cit, ce livre est une v\u00e9ritable invitation \u00e0 d\u00e9couvrir Barcelone.<\/p>\n<p>Lettres de Barcelone \u2013 Caroline Leblanc<\/p>\n<p>Dans un tout autre style, \u00ab\u00a0Lettres de Barcelone\u00a0\u00bb offre une immersion dans la vie barcelonaise d&rsquo;une expatri\u00e9e. \u00c0 travers ce recueil de textes, la Fran\u00e7aise Caroline Leblanc offre une vision intime et personnelle de son s\u00e9jour \u00e0 Barcelone entre 2016 et 2019. Chaque lettre capture un instant pr\u00e9cis de son quotidien dans la ville espagnole, entre balades, visites, ou bien f\u00eates locales. Un livre passionnant pour les expatri\u00e9s, qui peuvent y retrouver les joies du quotidien m\u00eal\u00e9es aux d\u00e9fis de vivre loin de chez soi.<\/p>\n<p>Avouez-vous que vous n\u2019\u00eates pas normale &#8211; Peggy-Laure Bernard<\/p>\n<p>Le premier roman de Peggy-Laure Bernard invite le lecteur \u00e0 trouver son chemin, loin des standards impos\u00e9s par la soci\u00e9t\u00e9.\u00a0N\u00e9e en France, c&rsquo;est en 2016 que l&rsquo;auteure d\u00e9cide de quitter son pays natal direction Barcelone. Une histoire qu&rsquo;elle retrace dans son livre, <a href=\"https:\/\/lepetitjournal.com\/barcelone\/a-voir-a-faire\/livre-peggy-laure-bernard-barcelone-351110\" target=\"_blank\" rel=\"nofollow noopener\">\u00ab\u00a0Avouez-vous que vous n\u2019\u00eates pas normale\u00a0\u00bb<\/a>, qui exprime\u00a0le besoin de vivre ailleurs et l&rsquo;acceptation du d\u00e9calage. Son style accessible et sa proximit\u00e9 avec le lecteur ne peuvent qu&rsquo;\u00eatre enrichissants pour les expatri\u00e9s.<\/p>\n<p>R\u00e9ussir sa vie d&rsquo;expat&rsquo; \u2013 Magdalena Zilveti-Chaland<\/p>\n<p>Sp\u00e9cialement d\u00e9di\u00e9 \u00e0 l&rsquo;expatriation, cet ouvrage propose une approche unique du d\u00e9veloppement personnel et des d\u00e9fis \u00e9motionnels li\u00e9s au changement de vie. Publi\u00e9 en 2015, \u00a0\u00bb \u00ab\u00a0R\u00e9ussir sa vie d&rsquo;expat'\u00a0\u00bb s&rsquo;adresse tant aux expatri\u00e9s qu&rsquo;\u00e0 leurs conjoints ou famille rest\u00e9s au pays. Elle-m\u00eame expatri\u00e9e en Californie depuis 2004, apr\u00e8s avoir grandi \u00e0 Paris, Magdalena Zilveti-Chaland apporte sa propre perspective de la vie \u00e0 l&rsquo;\u00e9tranger. Une lecture accompagn\u00e9e de t\u00e9moignages et exercices pratiques, facilitant sa compr\u00e9hension.<\/p>\n<p>O\u00f9 se procurer des lectures fran\u00e7aises \u00e0 Barcelone ?<\/p>\n<p>Librairie Jaimes &#8211;\u00a0Carrer de Val\u00e8ncia, 318<\/p>\n<p>C&rsquo;est la librairie fran\u00e7aise par excellence. Fond\u00e9e en 1941, Jaimes se d\u00e9veloppe autour d&rsquo;une <a href=\"https:\/\/lepetitjournal.com\/barcelone\/communaute\/christian-vigne-libraire-barcelone-romancier-409377\" target=\"_blank\" rel=\"nofollow noopener\">biblioth\u00e8que sp\u00e9cialement consacr\u00e9e \u00e0 l&rsquo;actualit\u00e9 \u00e9trang\u00e8re<\/a>. Principalement centr\u00e9e sur l&rsquo;Hexagone, les expatri\u00e9s peuvent y retrouver des lectures, essais et catalogues des grandes expositions fran\u00e7aises. Son rayon jeunesse est aussi tr\u00e8s important.\u00a0<\/p>\n<p>Institut Fran\u00e7ais de Barcelone &#8211;\u00a0Carrer de Moi\u00e0, 8<\/p>\n<p>En plein coeur de Barcelone, il plonge les expatri\u00e9s dans la culture fran\u00e7aise. Cours de fran\u00e7ais, clubs de lectures, expositions, concerts ou bien espaces de d\u00e9bats, ici, la promotion du dialogue franco-espagnol est \u00e0 l&rsquo;honneur. L&rsquo;institut cache \u00e9galement une m\u00e9diath\u00e8que avec une belle s\u00e9lection de livres, films, CD et revues en fran\u00e7ais.\u00a0<\/p>\n<p>La Central &#8211;\u00a0Carrer de Mallorca, 237 \/ Carrer d&rsquo;Elisabets, 6, Ciutat Vella<\/p>\n<p>Bien qu&rsquo;elle soit une cha\u00eene de librairies espagnoles, La Central propose un rayon litt\u00e9ratures \u00e9trang\u00e8res bien fourni.\u00a0Les lectures fran\u00e7aises y sont d&rsquo;ailleurs bien repr\u00e9sent\u00e9es, entre philosophie, art, litt\u00e9rature et sciences humaines. Install\u00e9e initialement dans le quartier de l&rsquo;Exiample, la boutique s&rsquo;est d\u00e9velopp\u00e9e dans une ancienne chapelle du Raval et devrait tr\u00e8s bient\u00f4t ouvrir en plein coeur de la rue pi\u00e9tonne Consell de Cent.<\/p>\n<p>L\u2019Occasion R\u00eav\u00e9e &#8211;\u00a0El Born<\/p>\n<p>Elle est <a href=\"https:\/\/lepetitjournal.com\/barcelone\/communaute\/loccasion-revee-le-rendez-vous-du-livre-de-seconde-main-en-francais-barcelone-362639\" target=\"_blank\" rel=\"nofollow noopener\">la toute premi\u00e8re librairie d&rsquo;occasion quasi-exclusivement francophone<\/a> de Barcelone.\u00a0Fond\u00e9e par Jeanne\u202fL\u00e9pine, ancienne journaliste et galeriste parisienne, L&rsquo;Occasion R\u00eav\u00e9e est l&rsquo;adresse parfaite pour trouver des livres fran\u00e7ais d\u2019occasion \u00e0 petits prix, dans une ambiance chaleureuse et conviviale.<\/p>\n","protected":false},"excerpt":{"rendered":"5 livres \u00e0 bouquiner sous le soleil de Barcelone La Ville des prodiges \u2013 Eduardo Mendoza Un classique&hellip;\n","protected":false},"author":2,"featured_media":183733,"comment_status":"","ping_status":"","sticky":false,"template":"","format":"standard","meta":{"footnotes":""},"categories":[1357],"tags":[1379,58,59,1011,27,1380],"class_list":{"0":"post-183732","1":"post","2":"type-post","3":"status-publish","4":"format-standard","5":"has-post-thumbnail","7":"category-livres","8":"tag-books","9":"tag-divertissement","10":"tag-entertainment","11":"tag-fr","12":"tag-france","13":"tag-livres"},"share_on_mastodon":{"url":"https:\/\/pubeurope.com\/@fr\/114699601748654103","error":""},"_links":{"self":[{"href":"https:\/\/www.europesays.com\/fr\/wp-json\/wp\/v2\/posts\/183732","targetHints":{"allow":["GET"]}}],"collection":[{"href":"https:\/\/www.europesays.com\/fr\/wp-json\/wp\/v2\/posts"}],"about":[{"href":"https:\/\/www.europesays.com\/fr\/wp-json\/wp\/v2\/types\/post"}],"author":[{"embeddable":true,"href":"https:\/\/www.europesays.com\/fr\/wp-json\/wp\/v2\/users\/2"}],"replies":[{"embeddable":true,"href":"https:\/\/www.europesays.com\/fr\/wp-json\/wp\/v2\/comments?post=183732"}],"version-history":[{"count":0,"href":"https:\/\/www.europesays.com\/fr\/wp-json\/wp\/v2\/posts\/183732\/revisions"}],"wp:featuredmedia":[{"embeddable":true,"href":"https:\/\/www.europesays.com\/fr\/wp-json\/wp\/v2\/media\/183733"}],"wp:attachment":[{"href":"https:\/\/www.europesays.com\/fr\/wp-json\/wp\/v2\/media?parent=183732"}],"wp:term":[{"taxonomy":"category","embeddable":true,"href":"https:\/\/www.europesays.com\/fr\/wp-json\/wp\/v2\/categories?post=183732"},{"taxonomy":"post_tag","embeddable":true,"href":"https:\/\/www.europesays.com\/fr\/wp-json\/wp\/v2\/tags?post=183732"}],"curies":[{"name":"wp","href":"https:\/\/api.w.org\/{rel}","templated":true}]}}