{"id":183734,"date":"2025-06-17T16:16:09","date_gmt":"2025-06-17T16:16:09","guid":{"rendered":"https:\/\/www.europesays.com\/fr\/183734\/"},"modified":"2025-06-17T16:16:09","modified_gmt":"2025-06-17T16:16:09","slug":"avec-mes-personnages-romantiques-on-ne-mattendait-pas-en-bison-samuse-damien-sargue","status":"publish","type":"post","link":"https:\/\/www.europesays.com\/fr\/183734\/","title":{"rendered":"\u00ab\u00a0Avec mes personnages romantiques, on ne m\u2019attendait pas en Bison\u00a0\u00bb, s\u2019amuse Damien Sargue"},"content":{"rendered":"<p>This is the voice. Vendredi soir, Damien Sargue et son personnage du Bison ont quitt\u00e9 l\u2019aventure \u00ab\u00a0<a href=\"https:\/\/www.20minutes.fr\/arts-stars\/television\/mask-singer\/\" class=\"color-ultramarine c-link\" target=\"_blank\" rel=\"noopener\">Mask Singer<\/a>\u00a0\u00bb, sur <a href=\"https:\/\/www.20minutes.fr\/dossier\/tf1\" class=\"color-ultramarine c-link\" target=\"_blank\" rel=\"noopener\">TF1<\/a>. Auteur de performances vocales de haute-vol\u00e9e, le chanteur de 43 ans n\u2019a pas boud\u00e9 son plaisir sur le plateau du jeu anim\u00e9 par <a href=\"https:\/\/www.20minutes.fr\/television\/camille-combal\/\" class=\"color-ultramarine c-link\" target=\"_blank\" rel=\"noopener\">Camille Combal<\/a>. Pour 20 Minutes, le mythique Rom\u00e9o de Rom\u00e9o et Juliette revient sur son coup de c\u0153ur pour \u00ab\u00a0Mask Singer\u00a0\u00bb.<\/p>\n<p>Comment vous avez v\u00e9cu l\u2019exp\u00e9rience \u00ab\u00a0Mask Singer\u00a0\u00bb avec votre imposant costume du Bison\u00a0?<\/p>\n<p>Plut\u00f4t bien. C\u2019\u00e9tait une nouveaut\u00e9 pour moi, mais c\u2019\u00e9tait aussi l\u2019occasion de sortir de mes spectacles musicaux, que ce soient les com\u00e9dies musicales ou les concerts. Avec \u00ab\u00a0Mask Singer\u00a0\u00bb, il y avait aussi un truc d\u2019agent secret. Sur le plateau et en coulisses, personne ne devait savoir qui nous \u00e9tions derri\u00e8re nos costumes. C\u2019\u00e9tait une tr\u00e8s bonne exp\u00e9rience, vraiment.<\/p>\n<p>Comment en \u00eates-vous venu \u00e0 participer \u00e0 ce jeu\u00a0?<\/p>\n<p>J\u2019ai la chance de pas mal travailler en ce moment, donc c\u2019\u00e9tait un peu compliqu\u00e9 en mati\u00e8re de planning. Mais la proposition de la production de l\u2019\u00e9mission est tomb\u00e9e au bon moment, au jour pr\u00e8s m\u00eame. J\u2019ai pu modifier mon agenda et encha\u00eener les enregistrements. Et puis, \u00e7a me tentait d\u2019autant plus de faire \u00ab\u00a0Mask Singer\u00a0\u00bb que ma fille, ma femme et moi, nous regardons l\u2019\u00e9mission.<\/p>\n<p>Justement, vous avez livr\u00e9 une prestation \u00e9mouvante en plateau avec une petite fille sur le titre \u00ab\u00a0Eva\u00a0\u00bb, de Kendji Girac\u2026<\/p>\n<p>Oui, la premi\u00e8re fois que j\u2019ai entendu cette chanson, je me suis dit\u00a0: \u00ab\u00a0Elle est trop belle\u00a0!\u00a0\u00bb. Le clip qu\u2019a fait <a href=\"https:\/\/www.20minutes.fr\/dossier\/kendji\" class=\"color-ultramarine c-link\" target=\"_blank\" rel=\"noopener\">Kendji Girac<\/a> est joli et hyper bien fait. On le voit, sans vraiment voir sa petite fille. C\u2019est un clip qui a \u00e9t\u00e9 pens\u00e9 dans le respect de l\u2019anonymat des plus jeunes. Et pourtant, comme on le voit dans le clip, il y a cette proximit\u00e9, cet amour, entre un p\u00e8re et sa fille. En tant que papa d\u2019une petite fille, \u00e7a m\u2019a encore plus touch\u00e9. C\u2019\u00e9tait un clin d\u2019\u0153il pour Billie-Rose [sa fille].<\/p>\n<p>Pourquoi avoir opt\u00e9 pour le Bison\u00a0?<\/p>\n<p>D\u00e9j\u00e0, sur le papier, il est tr\u00e8s beau ce Bison, il faut bien l\u2019avouer. Il avait ce c\u00f4t\u00e9 viking, nordique, et comme je suis Normand, c\u2019\u00e9tait un petit clin d\u2019\u0153il. Et puis, moi, avec mes personnages romantiques, on ne m\u2019attendait pas avec ce costume rigide du Bison.<\/p>\n<p>Quelle a \u00e9t\u00e9 votre r\u00e9action lorsque Chantal Ladesou vous a \u00ab\u00a0kabook\u00e9\u00a0\u00bb\u00a0?<\/p>\n<p>J\u2019\u00e9tais super \u00e9tonn\u00e9 (rires)\u00a0! Depuis le d\u00e9but du programme, mon nom ne fuitait pas. Elle m\u2019a trouv\u00e9, bravo \u00e0 elle. Je me suis dit\u00a0: \u00ab\u00a0Il ne faut plus que je bouge, c\u2019est mort, c\u2019est fini\u00a0\u00bb. J\u2019ai r\u00e9ussi \u00e0 continuer quand m\u00eame. Mais celui que je redoutais le plus, c\u2019\u00e9tait <a href=\"https:\/\/www.20minutes.fr\/arts-stars\/television\/laurent-ruquier\/\" class=\"color-ultramarine c-link\" target=\"_blank\" rel=\"noopener\">Laurent Ruquier<\/a>. Il aime beaucoup les indices, puis il est fort dans les enqu\u00eates. Je pensais qu\u2019il allait me trouver en cinq minutes, d\u2019autant qu\u2019on se conna\u00eet un peu. Apr\u00e8s, tout le monde a suivi l\u2019avis de Chantal\u2026 La graine \u00e9tait plant\u00e9e.<\/p>\n<p>Comment vos proches ont-ils r\u00e9agi \u00e0 votre sortie\u00a0?<\/p>\n<p>Tr\u00e8s objectivement, ils ont dit que c\u2019\u00e9tait super (rires). Ils m\u2019ont fait plein de compliments. Ma m\u00e8re m\u2019a dit, \u00ab\u00a0A chaque fois, c\u2019\u00e9tait g\u00e9nial\u00a0\u00bb. Il faut les prendre ces petits compliments. Cela fait plaisir.<\/p>\n<\/p>\n<p>Si vous deviez participer \u00e0 un autre jeu t\u00e9l\u00e9, ce serait lequel\u00a0?<\/p>\n<p>\u00c7a fait longtemps que je ne suis pas retourn\u00e9 dans \u00ab\u00a0<a href=\"https:\/\/www.20minutes.fr\/dossier\/fort_boyard-1\" class=\"color-ultramarine c-link\" target=\"_blank\" rel=\"noopener\">Fort Boyard<\/a>\u00a0\u00bb\u00a0! Je l\u2019ai fait deux fois et c\u2019est tr\u00e8s sympa. Et, si un jour, ils font un \u00ab\u00a0<a href=\"https:\/\/www.20minutes.fr\/arts-stars\/television\/koh_lanta\/\" class=\"color-ultramarine c-link\" target=\"_blank\" rel=\"noopener\">Koh-Lanta<\/a>, sp\u00e9ciale c\u00e9l\u00e9brit\u00e9s\u00a0\u00bb, je me dirai pourquoi pas, m\u00eame si je sais que je vais devoir pas mal prendre sur moi. C\u2019est aussi un jeu qu\u2019on aime beaucoup \u00e0 la maison.<\/p>\n<p>A quoi va ressembler votre apr\u00e8s \u00ab\u00a0Mask Singer\u00a0\u00bb\u00a0?<\/p>\n<p>Je suis toujours en tourn\u00e9e avec Les Com\u00e9dies Musicales, Le Best Of. Puis, je vais aller en <a href=\"https:\/\/www.20minutes.fr\/dossier\/chine\" class=\"color-ultramarine c-link\" target=\"_blank\" rel=\"noopener\">Chine<\/a> pendant quatre mois pour faire mes adieux \u00e0 Rom\u00e9o. Cela fait quand m\u00eame un petit moment que je fais ce r\u00f4le. Avec C\u00e9cilia Cara, ma partenaire de toujours, on a cr\u00e9\u00e9 une com\u00e9die romantique qu\u2019on a d\u00e9j\u00e0 eu la chance de produire \u00e0 deux reprises dans un tr\u00e8s beau th\u00e9\u00e2tre, \u00e0 Shanghai. Je vais retourner avec elle \u00e0 Ta\u00efwan pour deux dates exceptionnelles. Et davantage de concerts l\u2019ann\u00e9e prochaine. Enfin, j\u2019ai la chance de revenir sur \u00ab\u00a0Notre-Dame de Paris\u00a0\u00bb, c\u2019est avec ce show-l\u00e0 que j\u2019avais commenc\u00e9 il y a quelques ann\u00e9es.<\/p>\n<p>Un retour de \u00ab\u00a0Rom\u00e9o et Juliette\u00a0\u00bb en France, vingt-cinq ans apr\u00e8s, c\u2019est en projet\u00a0?<\/p>\n<p>Il y a un projet. Maintenant, il faut qu\u2019il se fasse. C\u2019est la production qui d\u00e9cide, mais il y a quelque chose qui existe, oui.<\/p>\n","protected":false},"excerpt":{"rendered":"This is the voice. Vendredi soir, Damien Sargue et son personnage du Bison ont quitt\u00e9 l\u2019aventure \u00ab\u00a0Mask Singer\u00a0\u00bb,&hellip;\n","protected":false},"author":2,"featured_media":183735,"comment_status":"","ping_status":"","sticky":false,"template":"","format":"standard","meta":{"footnotes":""},"categories":[1356],"tags":[193,309,58,59,15745,1011,27,7780,680,1759,5983,3341,32185,22053,252,199,1364],"class_list":{"0":"post-183734","1":"post","2":"type-post","3":"status-publish","4":"format-standard","5":"has-post-thumbnail","7":"category-television","8":"tag-camille-combal","9":"tag-chine","10":"tag-divertissement","11":"tag-entertainment","12":"tag-fort-boyard","13":"tag-fr","14":"tag-france","15":"tag-kendji-girac","16":"tag-koh-lanta","17":"tag-laurent-ruquier","18":"tag-mask-singer","19":"tag-notre-dame-de-paris","20":"tag-shanghai","21":"tag-taiwan","22":"tag-television","23":"tag-tf1","24":"tag-tv"},"share_on_mastodon":{"url":"https:\/\/pubeurope.com\/@fr\/114699605434337628","error":""},"_links":{"self":[{"href":"https:\/\/www.europesays.com\/fr\/wp-json\/wp\/v2\/posts\/183734","targetHints":{"allow":["GET"]}}],"collection":[{"href":"https:\/\/www.europesays.com\/fr\/wp-json\/wp\/v2\/posts"}],"about":[{"href":"https:\/\/www.europesays.com\/fr\/wp-json\/wp\/v2\/types\/post"}],"author":[{"embeddable":true,"href":"https:\/\/www.europesays.com\/fr\/wp-json\/wp\/v2\/users\/2"}],"replies":[{"embeddable":true,"href":"https:\/\/www.europesays.com\/fr\/wp-json\/wp\/v2\/comments?post=183734"}],"version-history":[{"count":0,"href":"https:\/\/www.europesays.com\/fr\/wp-json\/wp\/v2\/posts\/183734\/revisions"}],"wp:featuredmedia":[{"embeddable":true,"href":"https:\/\/www.europesays.com\/fr\/wp-json\/wp\/v2\/media\/183735"}],"wp:attachment":[{"href":"https:\/\/www.europesays.com\/fr\/wp-json\/wp\/v2\/media?parent=183734"}],"wp:term":[{"taxonomy":"category","embeddable":true,"href":"https:\/\/www.europesays.com\/fr\/wp-json\/wp\/v2\/categories?post=183734"},{"taxonomy":"post_tag","embeddable":true,"href":"https:\/\/www.europesays.com\/fr\/wp-json\/wp\/v2\/tags?post=183734"}],"curies":[{"name":"wp","href":"https:\/\/api.w.org\/{rel}","templated":true}]}}