{"id":183736,"date":"2025-06-17T16:17:11","date_gmt":"2025-06-17T16:17:11","guid":{"rendered":"https:\/\/www.europesays.com\/fr\/183736\/"},"modified":"2025-06-17T16:17:11","modified_gmt":"2025-06-17T16:17:11","slug":"britney-spears-annonce-quelle-change-de-nom-voici-comment-il-faut-desormais-appeler-la-chanteuse","status":"publish","type":"post","link":"https:\/\/www.europesays.com\/fr\/183736\/","title":{"rendered":"Britney Spears annonce qu&rsquo;elle change de nom, voici comment il faut d\u00e9sormais appeler la chanteuse"},"content":{"rendered":"<p>            Par<br \/>\n        <strong><br \/>\n            <a href=\"https:\/\/actu.fr\/auteur\/redaction-actu\" title=\"Consulter tous les articles de R\u00e9daction Actu\" target=\"_blank\" rel=\"noopener\">R\u00e9daction Actu<\/a><br \/>\n        <\/strong><\/p>\n<p>        Publi\u00e9 le<\/p>\n<p>            17 juin 2025 \u00e0 16h54        <\/p>\n<p>Britney Spears ne veut plus \u00eatre Britney Spears. Le compte Instagram de l\u2019artiste mentionne, ce mardi 17 juin 2025, <strong>un nouveau pseudonyme<\/strong> en quatre mots. Ce n\u2019est pas la premi\u00e8re fois que la chanteuse annonce un changement de nom.<\/p>\n<p>Une annonce faite sur les r\u00e9seaux sociaux<\/p>\n<p class=\" wall-content\">La chanteuse de 43\u00a0ans a fait cette annonce sur les r\u00e9seaux sociaux. L\u2019interpr\u00e8te de Toxic cumule pr\u00e8s de 42\u00a0millions d\u2019abonn\u00e9s sur Instagram.<\/p>\n<p class=\" wall-content\">La biographie de son compte indique d\u00e9sormais une mention suppl\u00e9mentaire qui serait le nouveau pseudonyme de la chanteuse.<\/p>\n<p class=\" wall-content\"><a href=\"https:\/\/actu.fr\/insolite\/il-se-trompe-et-commande-10-000-t-shirts-liberez-la-bretagne-au-lieu-de-liberez-britney_43532380.html\" target=\"_blank\" rel=\"noopener\">Britney Spears<\/a> veut changer son nom pour s\u2019appeler <strong>Xila Maria River Red<\/strong>. La chanteuse n\u2019a apport\u00e9 aucune pr\u00e9cision sur ce changement.<\/p>\n<p>    <img   decoding=\"async\" loading=\"lazy\" src=\"https:\/\/www.europesays.com\/fr\/wp-content\/uploads\/2025\/06\/capture-decran-2025-06-17-160444-960x640.png\" alt=\"Le profil de Britney Spears sur Instagram. \" width=\"960\" height=\"640\"\/><br \/>\n    Le profil de Britney Spears sur Instagram. (\u00a9Capture d\u2019\u00e9cran Instagram)Vid\u00e9os : en ce moment sur Actu<\/p>\n<p class=\" wall-content\">Cependant, son profil Instagram porte toujours le nom \u00ab\u2009britneyspears\u2009\u00bb.<\/p>\n<p>D\u2019autres changements de nom<\/p>\n<p class=\" wall-content\">Ce n\u2019est pas la premi\u00e8re fois que la star annonce un changement de pseudonyme. D\u00e9j\u00e0 en 2023, elle avait indiqu\u00e9 vouloir s\u2019appeler Maria River Red, puis en 2024, elle avait annonc\u00e9 opter pour XILA.<\/p>\n<p class=\" wall-content\">La star poste r\u00e9guli\u00e8rement sur Instagram des photos \u00e9nigmatiques, des vid\u00e9os de danse ou de son quotidien.<\/p>\n<p class=\" wall-content\">Depuis 2021,<a href=\"https:\/\/actu.fr\/loisirs-culture\/la-tutelle-de-la-chanteuse-britney-spears-enfin-levee-par-la-justice-americaine_46414111.html\" target=\"_blank\" rel=\"noopener\"> la chanteuse est lib\u00e9r\u00e9e de la tutelle<\/a> exerc\u00e9e par son p\u00e8re. L\u2019interpr\u00e8te de Oops\u2026 I did it again avait annonc\u00e9 en 2024 avoir d\u00e9m\u00e9nag\u00e9 au Mexique pour fuir les paparazzis.<\/p>\n<p class=\" wall-content\">Suivez toute l\u2019actualit\u00e9 de vos villes et m\u00e9dias favoris en vous inscrivant \u00e0 <a href=\"https:\/\/moncompte.actu.fr\" title=\"D\u00e9couvez Mon Actu\" rel=\"nofollow noopener\" data-trk=\"{&quot;cta&quot;:{&quot;action&quot;:&quot;https:\\\/\\\/moncompte.actu.fr&quot;,&quot;category&quot;:&quot;mon compte&quot;,&quot;from&quot;:&quot;article footer&quot;,&quot;name&quot;:&quot;Mon actu&quot;,&quot;type&quot;:&quot;cta&quot;}}\" target=\"_blank\">Mon Actu<\/a>.<\/p>\n","protected":false},"excerpt":{"rendered":"Par R\u00e9daction Actu Publi\u00e9 le 17 juin 2025 \u00e0 16h54 Britney Spears ne veut plus \u00eatre Britney Spears.&hellip;\n","protected":false},"author":2,"featured_media":183737,"comment_status":"","ping_status":"","sticky":false,"template":"","format":"standard","meta":{"footnotes":""},"categories":[1355],"tags":[8719,58,59,1011,27,1652,1361,873,973],"class_list":{"0":"post-183736","1":"post","2":"type-post","3":"status-publish","4":"format-standard","5":"has-post-thumbnail","7":"category-musique","8":"tag-britney-spears","9":"tag-divertissement","10":"tag-entertainment","11":"tag-fr","12":"tag-france","13":"tag-loisirs-culture","14":"tag-music","15":"tag-musique","16":"tag-people"},"share_on_mastodon":{"url":"https:\/\/pubeurope.com\/@fr\/114699609292415500","error":""},"_links":{"self":[{"href":"https:\/\/www.europesays.com\/fr\/wp-json\/wp\/v2\/posts\/183736","targetHints":{"allow":["GET"]}}],"collection":[{"href":"https:\/\/www.europesays.com\/fr\/wp-json\/wp\/v2\/posts"}],"about":[{"href":"https:\/\/www.europesays.com\/fr\/wp-json\/wp\/v2\/types\/post"}],"author":[{"embeddable":true,"href":"https:\/\/www.europesays.com\/fr\/wp-json\/wp\/v2\/users\/2"}],"replies":[{"embeddable":true,"href":"https:\/\/www.europesays.com\/fr\/wp-json\/wp\/v2\/comments?post=183736"}],"version-history":[{"count":0,"href":"https:\/\/www.europesays.com\/fr\/wp-json\/wp\/v2\/posts\/183736\/revisions"}],"wp:featuredmedia":[{"embeddable":true,"href":"https:\/\/www.europesays.com\/fr\/wp-json\/wp\/v2\/media\/183737"}],"wp:attachment":[{"href":"https:\/\/www.europesays.com\/fr\/wp-json\/wp\/v2\/media?parent=183736"}],"wp:term":[{"taxonomy":"category","embeddable":true,"href":"https:\/\/www.europesays.com\/fr\/wp-json\/wp\/v2\/categories?post=183736"},{"taxonomy":"post_tag","embeddable":true,"href":"https:\/\/www.europesays.com\/fr\/wp-json\/wp\/v2\/tags?post=183736"}],"curies":[{"name":"wp","href":"https:\/\/api.w.org\/{rel}","templated":true}]}}