{"id":183740,"date":"2025-06-17T16:19:09","date_gmt":"2025-06-17T16:19:09","guid":{"rendered":"https:\/\/www.europesays.com\/fr\/183740\/"},"modified":"2025-06-17T16:19:09","modified_gmt":"2025-06-17T16:19:09","slug":"ce-symptome-est-le-premier-a-apparaitre-alerte-un-medecin","status":"publish","type":"post","link":"https:\/\/www.europesays.com\/fr\/183740\/","title":{"rendered":"ce sympt\u00f4me est le premier \u00e0 apparaitre alerte un m\u00e9decin"},"content":{"rendered":"<p>                    Le cancer du pancr\u00e9as gagne du terrain, sans faire de bruit <\/p>\n<p data-start=\"900\" data-end=\"1248\">Le <a href=\"https:\/\/www.modesettravaux.fr\/beaute-bien-etre\/sante-beaute-bien-etre\/cancer-du-pancreas-ces-5-symptomes-discrets-a-ne-jamais-ignorer-selon-le-dr-jimmy-mohamed-132133.html\" rel=\"nofollow noopener\" target=\"_blank\">pancr\u00e9as<\/a>, discret mais vital, est rarement au centre de l\u2019attention. Pourtant, c\u2019est l\u00e0 que se niche l\u2019un des cancers les plus agressifs du <a href=\"https:\/\/www.modesettravaux.fr\/beaute-bien-etre\/sante-beaute-bien-etre\/jai-supprime-ces-2-aliments-et-tout-a-change-le-conseil-radical-dun-cancerologue-pour-se-premunir-du-cancer-133920.html\" rel=\"nofollow noopener\" target=\"_blank\">syst\u00e8me digestif.<\/a> En 2023, pr\u00e8s de <strong data-start=\"1078\" data-end=\"1123\">16 000 nouveaux cas ont \u00e9t\u00e9 diagnostiqu\u00e9s<\/strong> en France. Et ce chiffre ne fait qu\u2019augmenter : <strong data-start=\"1172\" data-end=\"1235\">+1,6 % chaque ann\u00e9e chez les hommes, +2,1 % chez les femmes<\/strong> depuis 2010.<\/p>\n<p data-start=\"1250\" data-end=\"1645\">Le vrai probl\u00e8me ? Ce <a href=\"https:\/\/www.modesettravaux.fr\/beaute-bien-etre\/sante-beaute-bien-etre\/cancer-du-colon-ces-huiles-de-cuisson-largement-utilisees-pourraient-expliquer-la-hausse-des-cas-chez-les-jeunes-140961.html\" rel=\"nofollow noopener\" target=\"_blank\">cancer<\/a> avance sans crier gare. Dans 90 % des cas, <strong data-start=\"1322\" data-end=\"1364\">il est d\u00e9couvert \u00e0 un stade inop\u00e9rable<\/strong>, comme l\u2019indique le centre de lutte contre le cancer Gustave Roussy. Son taux de mortalit\u00e9 demeure \u00e9lev\u00e9, car <strong data-start=\"1475\" data-end=\"1527\">il reste ind\u00e9tectable par les examens de routine<\/strong>. Seule solution pour esp\u00e9rer agir : rep\u00e9rer <a href=\"https:\/\/www.modesettravaux.fr\/beaute-bien-etre\/sante-beaute-bien-etre\/pancreas-12-aliments-qui-lui-veulent-du-bien-34117.html\" rel=\"nofollow noopener\" target=\"_blank\">les tout premiers signes<\/a>, souvent confondus avec des affections b\u00e9nignes.<\/p>\n<p> Cancer du pancr\u00e9as : un chirurgien r\u00e9v\u00e8le le tout premier signe \u00e0 surveiller <\/p>\n<p data-start=\"1713\" data-end=\"2109\"><strong data-start=\"1713\" data-end=\"1773\">Le Dr Alexandre Mensier, chirurgien visc\u00e9ral et digestif<\/strong>, alerte sur un <a href=\"https:\/\/www.modesettravaux.fr\/beaute-bien-etre\/sante-beaute-bien-etre\/thyroide-ce-symptome-discret-peut-etre-le-tout-premier-signe-dun-cancer-132656.html\" rel=\"nofollow noopener\" target=\"_blank\">sympt\u00f4me<\/a> bien pr\u00e9cis dans une vid\u00e9o diffus\u00e9e sur son compte Instagram <strong data-start=\"1859\" data-end=\"1884\">@thefrench_chirurgien<\/strong>. Il y \u00e9voque ce qu\u2019il appelle \u00ab <strong data-start=\"1917\" data-end=\"1949\">le signal d\u2019alarme num\u00e9ro un<\/strong> \u00bb \u00e0 ne pas ignorer. Un indice qui appara\u00eet souvent <strong data-start=\"2001\" data-end=\"2024\">avant toute douleur<\/strong>, parfois des semaines avant le moindre bilan sanguin ou l\u00e9sion visible \u00e0 l\u2019imagerie.<\/p>\n<p data-start=\"2111\" data-end=\"2428\">Il s\u2019agit du <strong data-start=\"2124\" data-end=\"2146\">syndrome ict\u00e9rique<\/strong>, ou ict\u00e8re nu. Ce terme d\u00e9signe un ph\u00e9nom\u00e8ne tr\u00e8s identifiable : <strong data-start=\"2212\" data-end=\"2358\">un jaunissement progressif de la peau, du blanc de l\u2019\u0153il (scl\u00e8re), accompagn\u00e9 de changements notables dans la couleur des urines et des selles<\/strong>. En clair, un signal que l\u2019on peut litt\u00e9ralement voir dans le miroir.<\/p>\n<blockquote class=\"instagram-media \" style=\"background: #ffffff;border: 0;margin: 1px;width: 100%;padding: 0;max-width: 500px;\" data-instgrm-permalink=\"https:\/\/www.instagram.com\/reel\/DDkZ-sKoRMR\/?utm_source=ig_embed\" data-instgrm-version=\"14\"\/><p>\n   Peau jaune, yeux ternes, urines fonc\u00e9es : un corps qui alerte <\/p>\n<p data-start=\"2502\" data-end=\"2865\"><strong>\u00ab En gros, vous allez devenir tout jaune \u00bb<\/strong>, d\u00e9crit le Dr Mensier. Ce jaunissement est souvent interpr\u00e9t\u00e9 \u00e0 tort comme une fatigue passag\u00e8re ou un trouble du <a href=\"https:\/\/www.modesettravaux.fr\/beaute-bien-etre\/sante-beaute-bien-etre\/cancer-du-foie-cette-boisson-reduirait-le-risque-de-tomber-gravement-malade-40849.html\" rel=\"nofollow noopener\" target=\"_blank\">foie<\/a>. En r\u00e9alit\u00e9, c\u2019est <strong data-start=\"2683\" data-end=\"2721\">la tumeur dans la t\u00eate du pancr\u00e9as<\/strong> qui provoque ce changement brutal. Elle <strong data-start=\"2762\" data-end=\"2803\">compresse la voie biliaire principale<\/strong>, emp\u00eachant la bile de s\u2019\u00e9couler correctement vers l\u2019intestin.<\/p>\n<p data-start=\"2867\" data-end=\"2988\">Cons\u00e9quence : la bile reflue dans le foie, passe dans la circulation sanguine, puis est filtr\u00e9e par les <a href=\"https:\/\/www.modesettravaux.fr\/beaute-bien-etre\/sante-beaute-bien-etre\/reins-6-aliments-qui-favorisent-leur-bon-fonctionnement-34717.html\" rel=\"nofollow noopener\" target=\"_blank\">reins<\/a>. R\u00e9sultat :<\/p>\n<ul data-start=\"2989\" data-end=\"3127\">\n<li data-start=\"2989\" data-end=\"3034\">\n<p data-start=\"2991\" data-end=\"3034\">Une <strong data-start=\"2995\" data-end=\"3025\">peau et des yeux jaun\u00e2tres<\/strong> (ict\u00e8re).<\/p>\n<\/li>\n<li data-start=\"3035\" data-end=\"3085\">\n<p data-start=\"3037\" data-end=\"3085\"><strong data-start=\"3037\" data-end=\"3064\">Des urines tr\u00e8s fonc\u00e9es<\/strong>, marron presque noir.<\/p>\n<\/li>\n<li data-start=\"3086\" data-end=\"3127\">\n<p data-start=\"3088\" data-end=\"3127\"><strong data-start=\"3088\" data-end=\"3108\">Des selles p\u00e2les<\/strong>, voire blanch\u00e2tres.<\/p>\n<\/li>\n<\/ul>\n<p data-start=\"3129\" data-end=\"3324\">Un tableau qui peut sembler impressionnant, mais n\u2019est pas douloureux, ce qui contribue \u00e0 son invisibilisation. Et pourtant, <strong data-start=\"3253\" data-end=\"3323\">c\u2019est souvent le tout premier signal visible du cancer du pancr\u00e9as<\/strong>.<\/p>\n<p> Cancer du pancr\u00e9as : quand ce sympt\u00f4me appara\u00eet, il faut agir vite <\/p>\n<p data-start=\"3382\" data-end=\"3685\">Ce <a href=\"https:\/\/www.modesettravaux.fr\/beaute-bien-etre\/sante-beaute-bien-etre\/cancer-ce-symptome-banal-est-en-realite-le-plus-sous-estime-selon-les-oncologues-136793.html\" rel=\"nofollow noopener\" target=\"_blank\">sympt\u00f4me<\/a> n\u2019est pas \u00e0 surveiller \u00ab plus tard \u00bb : <strong data-start=\"3433\" data-end=\"3473\">il impose une consultation imm\u00e9diate<\/strong>. Pour confirmer l\u2019origine, un simple <strong data-start=\"3511\" data-end=\"3532\">scanner abdominal<\/strong> ou une <strong data-start=\"3540\" data-end=\"3559\">\u00e9cho-endoscopie<\/strong> peuvent suffire \u00e0 poser un diagnostic. Le Dr Mensier insiste : \u00ab Il est urgent de consulter d\u00e8s l\u2019apparition de ces <a href=\"https:\/\/www.modesettravaux.fr\/beaute-bien-etre\/sante-beaute-bien-etre\/cancer-ces-deux-signes-qui-apparaissent-la-nuit-doivent-vous-alerter-previent-le-dr-kierzek-134318.html\" rel=\"nofollow noopener\" target=\"_blank\">signes<\/a>. \u00bb<\/p>\n<p data-start=\"3687\" data-end=\"3958\">\u00c0 ce jour, il n\u2019existe <strong data-start=\"3710\" data-end=\"3748\">aucun test de d\u00e9pistage g\u00e9n\u00e9ralis\u00e9<\/strong> pour ce cancer. Le corps est donc notre meilleur alli\u00e9. Et <strong data-start=\"3808\" data-end=\"3833\">le syndrome ict\u00e9rique<\/strong>, bien que souvent ignor\u00e9, pourrait permettre d\u2019intervenir avant qu\u2019il ne soit <a href=\"https:\/\/www.modesettravaux.fr\/beaute-bien-etre\/sante-beaute-bien-etre\/cancer-ce-medicament-ultra-populaire-empecherait-les-cellules-cancereuses-de-se-repandre-selon-la-science-132556.html\" rel=\"nofollow noopener\" target=\"_blank\">trop tard<\/a>. \u00c0 condition de savoir l\u2019identifier.<\/p>\n<p> <img loading=\"lazy\" aria-describedby=\"caption-attachment-34118\" itemprop=\"thumbnailUrl\" decoding=\"async\" class=\"size-full wp-image-34118 img-responsive \" src=\"https:\/\/www.europesays.com\/fr\/wp-content\/uploads\/2025\/06\/shutterstock_1381662893.jpg\" alt=\"\" width=\"672\" height=\"448\"\/> \u00a9  Shutterstock<\/p>\n<p id=\"caption-attachment-34118\" class=\"wp-caption-text\">Le jaunissement de la peau et des yeux, accompagn\u00e9 d\u2019urines fonc\u00e9es et de selles d\u00e9color\u00e9es, peut signaler un cancer du pancr\u00e9as \u00e0 un stade pr\u00e9coce.<\/p>\n<p>                   <script async src=\"\/\/www.instagram.com\/embed.js\"><\/script><\/p>\n","protected":false},"excerpt":{"rendered":"Le cancer du pancr\u00e9as gagne du terrain, sans faire de bruit Le pancr\u00e9as, discret mais vital, est rarement&hellip;\n","protected":false},"author":2,"featured_media":183741,"comment_status":"","ping_status":"","sticky":false,"template":"","format":"standard","meta":{"footnotes":""},"categories":[10],"tags":[1011,27,72,71],"class_list":{"0":"post-183740","1":"post","2":"type-post","3":"status-publish","4":"format-standard","5":"has-post-thumbnail","7":"category-sante","8":"tag-fr","9":"tag-france","10":"tag-health","11":"tag-sante"},"share_on_mastodon":{"url":"https:\/\/pubeurope.com\/@fr\/114699617172031075","error":""},"_links":{"self":[{"href":"https:\/\/www.europesays.com\/fr\/wp-json\/wp\/v2\/posts\/183740","targetHints":{"allow":["GET"]}}],"collection":[{"href":"https:\/\/www.europesays.com\/fr\/wp-json\/wp\/v2\/posts"}],"about":[{"href":"https:\/\/www.europesays.com\/fr\/wp-json\/wp\/v2\/types\/post"}],"author":[{"embeddable":true,"href":"https:\/\/www.europesays.com\/fr\/wp-json\/wp\/v2\/users\/2"}],"replies":[{"embeddable":true,"href":"https:\/\/www.europesays.com\/fr\/wp-json\/wp\/v2\/comments?post=183740"}],"version-history":[{"count":0,"href":"https:\/\/www.europesays.com\/fr\/wp-json\/wp\/v2\/posts\/183740\/revisions"}],"wp:featuredmedia":[{"embeddable":true,"href":"https:\/\/www.europesays.com\/fr\/wp-json\/wp\/v2\/media\/183741"}],"wp:attachment":[{"href":"https:\/\/www.europesays.com\/fr\/wp-json\/wp\/v2\/media?parent=183740"}],"wp:term":[{"taxonomy":"category","embeddable":true,"href":"https:\/\/www.europesays.com\/fr\/wp-json\/wp\/v2\/categories?post=183740"},{"taxonomy":"post_tag","embeddable":true,"href":"https:\/\/www.europesays.com\/fr\/wp-json\/wp\/v2\/tags?post=183740"}],"curies":[{"name":"wp","href":"https:\/\/api.w.org\/{rel}","templated":true}]}}