{"id":183744,"date":"2025-06-17T16:21:08","date_gmt":"2025-06-17T16:21:08","guid":{"rendered":"https:\/\/www.europesays.com\/fr\/183744\/"},"modified":"2025-06-17T16:21:08","modified_gmt":"2025-06-17T16:21:08","slug":"david-hekili-kenui-bell-acteur-vu-dans-lilo-stich-hawaii-5-0-et-magnum-est-mort-a-46-ans","status":"publish","type":"post","link":"https:\/\/www.europesays.com\/fr\/183744\/","title":{"rendered":"David Hekili Kenui Bell, acteur vu dans \u00ab\u00a0Lilo &#038; Stich\u00a0\u00bb, \u00ab\u00a0Hawaii 5-0\u00a0\u00bb et \u00ab\u00a0Magnum\u00a0\u00bb est mort \u00e0 46 ans"},"content":{"rendered":"<p><a href=\"https:\/\/www.20minutes.fr\/dossier\/hollywood\" class=\"color-ultramarine c-link\" rel=\"nofollow noopener\" target=\"_blank\">Hollywood<\/a> est en deuil\u00a0: l\u2019acteur americano-hawa\u00efen David Hekili Kenui Bell, connu pour avoir r\u00e9cemment jou\u00e9 dans l\u2019<a href=\"https:\/\/www.20minutes.fr\/arts-stars\/4156101-20250530-lilo-stitch-version-2025-remake-divise-rassemble-voici-pense\" class=\"color-ultramarine c-link\" rel=\"nofollow noopener\" target=\"_blank\">adaptation cin\u00e9matographique du film Lilo &amp; Stitch<\/a>, est d\u00e9c\u00e9d\u00e9 \u00e0 l\u2019\u00e2ge de 46 ans. C\u2019est sa s\u0153ur Jalene qui a annonc\u00e9 la triste nouvelle sur sa page <a href=\"https:\/\/www.20minutes.fr\/high-tech\/facebook\/\" class=\"color-ultramarine c-link\" rel=\"nofollow noopener\" target=\"_blank\">Facebook<\/a>, dimanche 15\u00a0juin 2025.<\/p>\n<p class=\"mb-m@xs text-l@xs\">En cliquant sur\u00ab J\u2019accepte \u00bb, vous acceptez le d\u00e9p\u00f4t de cookies par des services externes et aurez ainsi acc\u00e8s aux contenus de nos partenaires.<\/p>\n<p class=\"mb-xl@xs text-s@xs\">Plus d\u2019informations sur la page<a href=\"https:\/\/www.20minutes.fr\/gestion-cookies\" class=\"mx-xxs@xs color-ultramarine\" rel=\"nofollow noopener\" target=\"_blank\">Politique de gestion des cookies<\/a><\/p>\n<p>J\u2019accepte<\/p>\n<p>\u00ab\u00a0C\u2019est le c\u0153ur lourd que j\u2019annonce que mon doux, g\u00e9n\u00e9reux, talentueux, dr\u00f4le, brillant et beau petit fr\u00e8re, David H. K.\u00a0Bell, a rejoint notre P\u00e8re C\u00e9leste\u00a0\u00bb, a-t-elle \u00e9crit en l\u00e9gende d\u2019une s\u00e9rie de photos de famille.<\/p>\n<p>Pas de suspicion d\u2019acte criminel<\/p>\n<p><a href=\"https:\/\/people.com\/lilo-and-stitch-actor-david-hekili-kenui-bell-dead-11755839\" rel=\"nofollow noopener\" target=\"_blank\" class=\"color-ultramarine c-link\">Selon le magazine am\u00e9ricain People<\/a>, les autorit\u00e9s hawa\u00efennes ont indiqu\u00e9 que l\u2019acteur \u00e9tait d\u00e9c\u00e9d\u00e9 le jeudi 12\u00a0juin 2025. Un porte-parole de la police a r\u00e9v\u00e9l\u00e9 qu\u2019une <a href=\"https:\/\/www.20minutes.fr\/dossier\/autopsie\" class=\"color-ultramarine c-link\" rel=\"nofollow noopener\" target=\"_blank\">autopsie <\/a>\u00e9tait en cours pour d\u00e9terminer les causes de la mort, mais a pr\u00e9cis\u00e9 qu\u2019aucun <a href=\"https:\/\/www.20minutes.fr\/dossier\/crime\" class=\"color-ultramarine c-link\" rel=\"nofollow noopener\" target=\"_blank\">acte criminel<\/a> n\u2019\u00e9tait, pour l\u2019heure, suspect\u00e9.<\/p>\n<p>David Hekili Kenui Bell \u00e9tait surtout c\u00e9l\u00e8bre pour avoir tenu le r\u00f4le du \u00ab\u00a0Big Hawaiian Dude\u00a0\u00bb (\u00ab l\u2019imposant mec hawa\u00efen\u00a0\u00bb), un personnage qui fait sans cesse tomber sa glace, dans le live action Lilo &amp; Stitch, sorti en France le 21\u00a0mai 2025.<\/p>\n<\/p>\n<p><a href=\"https:\/\/www.20minutes.fr\/dossier\/deces\" class=\"c-link c-btn c-btn--primary\" rel=\"nofollow noopener\" target=\"_blank\">Notre dossier \u00ab D\u00e9c\u00e8s \u00bb<\/a><\/p>\n<p>Avant cela, il \u00e9tait apparu dans un \u00e9pisode de la <a href=\"https:\/\/www.20minutes.fr\/arts-stars\/people\/4097962-20240625-taylor-wily-acteur-star-serie-hawaii-5-0-mort-56-ans\" class=\"color-ultramarine c-link\" rel=\"nofollow noopener\" target=\"_blank\">s\u00e9rie Hawaii 5-0<\/a> (un reboot de la s\u00e9rie Hawa\u00ef Police d\u2019\u00c9tat) et dans deux \u00e9pisodes de la <a href=\"https:\/\/www.20minutes.fr\/arts-stars\/serie\/2689431-20200107-magnum-revient-tf1-moustache\" class=\"color-ultramarine c-link\" rel=\"nofollow noopener\" target=\"_blank\">nouvelle version de Magnum<\/a>, reprise de la <a href=\"https:\/\/www.20minutes.fr\/arts-stars\/serie\/\" class=\"color-ultramarine c-link\" rel=\"nofollow noopener\" target=\"_blank\">s\u00e9rie <\/a>culte des ann\u00e9es\u00a01980 avec Tom Selleck.<\/p>\n","protected":false},"excerpt":{"rendered":"Hollywood est en deuil\u00a0: l\u2019acteur americano-hawa\u00efen David Hekili Kenui Bell, connu pour avoir r\u00e9cemment jou\u00e9 dans l\u2019adaptation cin\u00e9matographique&hellip;\n","protected":false},"author":2,"featured_media":183745,"comment_status":"","ping_status":"","sticky":false,"template":"","format":"standard","meta":{"footnotes":""},"categories":[8],"tags":[253,650,3983,58,59,4688,2081,1011,27,5548,2137,973,521,133],"class_list":{"0":"post-183744","1":"post","2":"type-post","3":"status-publish","4":"format-standard","5":"has-post-thumbnail","7":"category-divertissement","8":"tag-acteur","9":"tag-cinema","10":"tag-deces","11":"tag-divertissement","12":"tag-entertainment","13":"tag-facebook","14":"tag-film","15":"tag-fr","16":"tag-france","17":"tag-hawai","18":"tag-hollywood","19":"tag-people","20":"tag-serie","21":"tag-video"},"share_on_mastodon":{"url":"https:\/\/pubeurope.com\/@fr\/114699625159120122","error":""},"_links":{"self":[{"href":"https:\/\/www.europesays.com\/fr\/wp-json\/wp\/v2\/posts\/183744","targetHints":{"allow":["GET"]}}],"collection":[{"href":"https:\/\/www.europesays.com\/fr\/wp-json\/wp\/v2\/posts"}],"about":[{"href":"https:\/\/www.europesays.com\/fr\/wp-json\/wp\/v2\/types\/post"}],"author":[{"embeddable":true,"href":"https:\/\/www.europesays.com\/fr\/wp-json\/wp\/v2\/users\/2"}],"replies":[{"embeddable":true,"href":"https:\/\/www.europesays.com\/fr\/wp-json\/wp\/v2\/comments?post=183744"}],"version-history":[{"count":0,"href":"https:\/\/www.europesays.com\/fr\/wp-json\/wp\/v2\/posts\/183744\/revisions"}],"wp:featuredmedia":[{"embeddable":true,"href":"https:\/\/www.europesays.com\/fr\/wp-json\/wp\/v2\/media\/183745"}],"wp:attachment":[{"href":"https:\/\/www.europesays.com\/fr\/wp-json\/wp\/v2\/media?parent=183744"}],"wp:term":[{"taxonomy":"category","embeddable":true,"href":"https:\/\/www.europesays.com\/fr\/wp-json\/wp\/v2\/categories?post=183744"},{"taxonomy":"post_tag","embeddable":true,"href":"https:\/\/www.europesays.com\/fr\/wp-json\/wp\/v2\/tags?post=183744"}],"curies":[{"name":"wp","href":"https:\/\/api.w.org\/{rel}","templated":true}]}}