{"id":183749,"date":"2025-06-17T16:24:12","date_gmt":"2025-06-17T16:24:12","guid":{"rendered":"https:\/\/www.europesays.com\/fr\/183749\/"},"modified":"2025-06-17T16:24:12","modified_gmt":"2025-06-17T16:24:12","slug":"on-connait-enfin-la-cause-de-la-panne-delectricite-geante-du-28-avril","status":"publish","type":"post","link":"https:\/\/www.europesays.com\/fr\/183749\/","title":{"rendered":"On conna\u00eet enfin la cause de la panne d\u2019\u00e9lectricit\u00e9 g\u00e9ante du 28\u00a0avril"},"content":{"rendered":"<p>On conna\u00eet enfin la cause de la <a href=\"https:\/\/www.20minutes.fr\/monde\/espagne\/4150748-20250428-panne-electricite-massive-faisait-queue-attraction-tout-arrete-port-aventura\" class=\"color-ultramarine c-link\" target=\"_blank\" rel=\"noopener\">panne \u00e9lectrique<\/a> qui a touch\u00e9 la <a href=\"https:\/\/www.20minutes.fr\/monde\/espagne\/4150852-20250429-panne-electricite-massive-dysfonctionnement-reseau-cyberattaque-comment-expliquer-black-out\" class=\"color-ultramarine c-link\" target=\"_blank\" rel=\"noopener\">p\u00e9ninsule ib\u00e9rique le 28\u00a0avril dernier<\/a>. Elle a \u00e9t\u00e9 provoqu\u00e9e par \u00ab\u00a0un ph\u00e9nom\u00e8ne de surtensions\u00a0\u00bb sur le r\u00e9seau ayant entra\u00een\u00e9 \u00ab\u00a0une r\u00e9action en cha\u00eene\u00a0\u00bb, selon les r\u00e9sultats d\u2019un rapport rendu public mardi par le gouvernement espagnol.<\/p>\n<p>\u00ab\u00a0La <a href=\"https:\/\/www.20minutes.fr\/societe\/4150897-20250429-panne-geante-electricite-espagne-portugal-reflexes-avoir-face-coupure-courant\" class=\"color-ultramarine c-link\" target=\"_blank\" rel=\"noopener\">coupure du 28\u00a0avril dernier<\/a> a eu une origine multifactorielle, c\u2019est-\u00e0-dire qu\u2019une combinaison de facteurs a jou\u00e9 un r\u00f4le\u00a0\u00bb, a expliqu\u00e9 la ministre de la Transition \u00e9cologique Sara Aagesen en d\u00e9taillant, \u00e0 l\u2019issue du Conseil des ministres, les conclusions de ce rapport.<\/p>\n<p>\u00ab\u00a0Un ph\u00e9nom\u00e8ne de surtensions\u00a0\u00bb<\/p>\n<p>La chute brutale du syst\u00e8me \u00e9lectrique a \u00e9t\u00e9 provoqu\u00e9e par \u00ab\u00a0un ph\u00e9nom\u00e8ne de surtensions\u00a0\u00bb ayant entra\u00een\u00e9 \u00ab\u00a0une r\u00e9action en cha\u00eene\u00a0\u00bb avec des d\u00e9connexions de plusieurs sites de production d\u2019\u00e9lectricit\u00e9 ayant \u00e0 leur tour \u00ab\u00a0provoqu\u00e9 de nouvelles d\u00e9connexions\u00a0\u00bb, a-t-elle pr\u00e9cis\u00e9.<\/p>\n<p>Le Premier ministre socialiste Pedro S\u00e1nchez avait annonc\u00e9 la cr\u00e9ation d\u2019une commission d\u2019enqu\u00eate chapeaut\u00e9e par le minist\u00e8re de la Transition \u00e9cologique au lendemain de la panne, en invitant les habitants \u00e0 \u00ab\u00a0ne pas sp\u00e9culer\u00a0\u00bb dans l\u2019attente des r\u00e9sultats d\u00e9taill\u00e9s.<\/p>\n<p>Il avait ensuite pr\u00e9cis\u00e9 que ses conclusions pourraient ne pas \u00eatre connues avant plusieurs mois, au vu de la complexit\u00e9 de cet incident, qui a priv\u00e9 <a href=\"https:\/\/www.20minutes.fr\/monde\/espagne\/diaporama-4150780-images-routes-bloquees-metros-fermes-panne-electricite-massive-touche-espagne-portugal\" class=\"color-ultramarine c-link\" target=\"_blank\" rel=\"noopener\">l\u2019Espagne et le Portugal de courant<\/a> pendant de nombreuses heures le 28\u00a0avril, provoquant le chaos dans les transports.<\/p>\n<p>\u00ab\u00a0Ph\u00e9nom\u00e8nes complexes\u00a0\u00bb<\/p>\n<p>Evoquant une s\u00e9rie de \u00ab\u00a0ph\u00e9nom\u00e8nes complexes\u00a0\u00bb, Sara Aagesen a point\u00e9 lors de son intervention le r\u00f4le du gestionnaire du r\u00e9seau espagnol REE, mais aussi de certaines entreprises \u00e9nerg\u00e9tiques, qui ont d\u00e9connect\u00e9 leurs centrales du syst\u00e8me de \u00ab\u00a0fa\u00e7on inappropri\u00e9e [\u2026] pour prot\u00e9ger leurs installations\u00a0\u00bb.<\/p>\n<p>En outre, \u00ab\u00a0le syst\u00e8me ne disposait pas d\u2019une capacit\u00e9 suffisante de contr\u00f4le de la tension\u00a0\u00bb ce jour-l\u00e0, en raison notamment d\u2019un d\u00e9faut de programmation de ces capacit\u00e9s, a poursuivi la ministre, en insistant sur le fait que l\u2019Espagne dispose en th\u00e9orie d\u2019un r\u00e9seau suffisamment solide pour faire face \u00e0 ce type de situation.<\/p>\n<p>\u00ab\u00a0Vuln\u00e9rabilit\u00e9s\u00a0\u00bb et \u00ab\u00a0carences\u00a0\u00bb<\/p>\n<p>En raison de ces erreurs d\u2019appr\u00e9ciations, \u00ab\u00a0nous sommes arriv\u00e9s \u00e0 un point de non-retour avec une r\u00e9action en cha\u00eene incontr\u00f4lable\u00a0\u00bb qui n\u2019aurait pu \u00eatre contr\u00f4l\u00e9e que \u00ab\u00a0s\u2019il y avait eu auparavant\u00a0\u00bb des mesures prises pour absorber les probl\u00e8mes de surtension, a-t-elle ajout\u00e9.<\/p>\n<p>Apr\u00e8s l\u2019incident, plusieurs hypoth\u00e8ses avaient \u00e9t\u00e9 avanc\u00e9es pour expliquer cette panne in\u00e9dite, <a href=\"https:\/\/www.20minutes.fr\/monde\/espagne\/4150927-20250429-panne-electricite-espagne-piste-cyberattaque-ecartee\" class=\"color-ultramarine c-link\" target=\"_blank\" rel=\"noopener\">dont celle d\u2019une cyberattaque<\/a> &#8211; rapidement \u00e9cart\u00e9e par les autorit\u00e9s &#8211; et celle d\u2019une d\u00e9faillance du r\u00e9seau g\u00e9n\u00e9r\u00e9e par un exc\u00e8s de production d\u2019\u00e9nergie solaire.<\/p>\n<\/p>\n<p>Des hypoth\u00e8ses \u00e0 nouveau \u00e9cart\u00e9es mardi par Sara Aagesen, qui a toutefois pr\u00e9cis\u00e9 que des \u00ab\u00a0vuln\u00e9rabilit\u00e9s\u00a0\u00bb et des \u00ab\u00a0carences\u00a0\u00bb avaient \u00e9t\u00e9 rep\u00e9r\u00e9es dans le dispositif de s\u00e9curisation du r\u00e9seau \u00e9lectrique espagnol, pour lesquelles des mesures correctives vont \u00eatre propos\u00e9es.<\/p>\n","protected":false},"excerpt":{"rendered":"On conna\u00eet enfin la cause de la panne \u00e9lectrique qui a touch\u00e9 la p\u00e9ninsule ib\u00e9rique le 28\u00a0avril dernier.&hellip;\n","protected":false},"author":2,"featured_media":183750,"comment_status":"","ping_status":"","sticky":false,"template":"","format":"standard","meta":{"footnotes":""},"categories":[5],"tags":[47,11,579,123,1011,27,14,74,12,10899,6996,28],"class_list":{"0":"post-183749","1":"post","2":"type-post","3":"status-publish","4":"format-standard","5":"has-post-thumbnail","7":"category-international","8":"tag-actualite","9":"tag-actualites","10":"tag-electricite","11":"tag-espagne","12":"tag-fr","13":"tag-france","14":"tag-international","15":"tag-monde","16":"tag-news","17":"tag-panne","18":"tag-portugal","19":"tag-world"},"share_on_mastodon":{"url":"https:\/\/pubeurope.com\/@fr\/114699636817881587","error":""},"_links":{"self":[{"href":"https:\/\/www.europesays.com\/fr\/wp-json\/wp\/v2\/posts\/183749","targetHints":{"allow":["GET"]}}],"collection":[{"href":"https:\/\/www.europesays.com\/fr\/wp-json\/wp\/v2\/posts"}],"about":[{"href":"https:\/\/www.europesays.com\/fr\/wp-json\/wp\/v2\/types\/post"}],"author":[{"embeddable":true,"href":"https:\/\/www.europesays.com\/fr\/wp-json\/wp\/v2\/users\/2"}],"replies":[{"embeddable":true,"href":"https:\/\/www.europesays.com\/fr\/wp-json\/wp\/v2\/comments?post=183749"}],"version-history":[{"count":0,"href":"https:\/\/www.europesays.com\/fr\/wp-json\/wp\/v2\/posts\/183749\/revisions"}],"wp:featuredmedia":[{"embeddable":true,"href":"https:\/\/www.europesays.com\/fr\/wp-json\/wp\/v2\/media\/183750"}],"wp:attachment":[{"href":"https:\/\/www.europesays.com\/fr\/wp-json\/wp\/v2\/media?parent=183749"}],"wp:term":[{"taxonomy":"category","embeddable":true,"href":"https:\/\/www.europesays.com\/fr\/wp-json\/wp\/v2\/categories?post=183749"},{"taxonomy":"post_tag","embeddable":true,"href":"https:\/\/www.europesays.com\/fr\/wp-json\/wp\/v2\/tags?post=183749"}],"curies":[{"name":"wp","href":"https:\/\/api.w.org\/{rel}","templated":true}]}}