{"id":183755,"date":"2025-06-17T16:27:11","date_gmt":"2025-06-17T16:27:11","guid":{"rendered":"https:\/\/www.europesays.com\/fr\/183755\/"},"modified":"2025-06-17T16:27:11","modified_gmt":"2025-06-17T16:27:11","slug":"saint-etienne-metropole-42-km-de-pistes-cyclables-seront-amenages-dici-a-la-fin-de-lete","status":"publish","type":"post","link":"https:\/\/www.europesays.com\/fr\/183755\/","title":{"rendered":"Saint-\u00c9tienne M\u00e9tropole. 4,2 km de pistes cyclables seront am\u00e9nag\u00e9s d&rsquo;ici \u00e0 la fin de l\u2019\u00e9t\u00e9"},"content":{"rendered":"<p>Apr\u00e8s d\u2019importants travaux d\u2019am\u00e9nagement de pistes cyclables dans le quartier de la M\u00e9tare ainsi qu\u2019\u00e0 Solaure, le Plan v\u00e9lo m\u00e9tropolitain, <a href=\"https:\/\/www.leprogres.fr\/loire-42-edition-saint-etienne-metropole\/2019\/06\/15\/la-metropole-met-le-grand-braquet-avec-un-plan-velo-sur-10-ans\" target=\"_blank\" rel=\"noopener\">pr\u00e9sent\u00e9 en 2019<\/a> pour une p\u00e9riode de dix ans, se poursuit \u00e0 Saint-Etienne.<\/p>\n<p>Trois autres quartiers st\u00e9phanois vont \u00eatre \u00e9quip\u00e9s de nouvelles voies d\u00e9di\u00e9es \u00e0 la pratique de la bicyclette. En engageant ces travaux, Saint-Etienne M\u00e9tropole \u00e9quipe de nouveaux axes plus s\u00fbrs pour les cyclistes.<\/p>\n<p>1,1\u00a0km de pistes unidirectionnelles \u00e0 Bergson<\/p>\n<p>Dans cette rue tr\u00e8s fr\u00e9quent\u00e9e de la ville, en moyenne 6\u00a0000 v\u00e9hicules l\u2019empruntent chaque jour, un kilom\u00e8tre de voies cyclables va&#8230;<\/p>\n","protected":false},"excerpt":{"rendered":"Apr\u00e8s d\u2019importants travaux d\u2019am\u00e9nagement de pistes cyclables dans le quartier de la M\u00e9tare ainsi qu\u2019\u00e0 Solaure, le Plan&hellip;\n","protected":false},"author":2,"featured_media":183756,"comment_status":"","ping_status":"","sticky":false,"template":"","format":"standard","meta":{"footnotes":""},"categories":[9653],"tags":[1111,11,2430,4749,33,7539,1777,674,1011,27,12,25,4001,7538,2803],"class_list":{"0":"post-183755","1":"post","2":"type-post","3":"status-publish","4":"format-standard","5":"has-post-thumbnail","7":"category-saint-etienne","8":"tag-actu","9":"tag-actualites","10":"tag-auvergne-rhone-alpes","11":"tag-btp-et-chantiers","12":"tag-economie","13":"tag-edition-loire-sud","14":"tag-eu","15":"tag-europe","16":"tag-fr","17":"tag-france","18":"tag-news","19":"tag-republique-francaise","20":"tag-saint-etienne","21":"tag-saint-etienne-ville","22":"tag-transport"},"share_on_mastodon":{"url":"https:\/\/pubeurope.com\/@fr\/114699648577227211","error":""},"_links":{"self":[{"href":"https:\/\/www.europesays.com\/fr\/wp-json\/wp\/v2\/posts\/183755","targetHints":{"allow":["GET"]}}],"collection":[{"href":"https:\/\/www.europesays.com\/fr\/wp-json\/wp\/v2\/posts"}],"about":[{"href":"https:\/\/www.europesays.com\/fr\/wp-json\/wp\/v2\/types\/post"}],"author":[{"embeddable":true,"href":"https:\/\/www.europesays.com\/fr\/wp-json\/wp\/v2\/users\/2"}],"replies":[{"embeddable":true,"href":"https:\/\/www.europesays.com\/fr\/wp-json\/wp\/v2\/comments?post=183755"}],"version-history":[{"count":0,"href":"https:\/\/www.europesays.com\/fr\/wp-json\/wp\/v2\/posts\/183755\/revisions"}],"wp:featuredmedia":[{"embeddable":true,"href":"https:\/\/www.europesays.com\/fr\/wp-json\/wp\/v2\/media\/183756"}],"wp:attachment":[{"href":"https:\/\/www.europesays.com\/fr\/wp-json\/wp\/v2\/media?parent=183755"}],"wp:term":[{"taxonomy":"category","embeddable":true,"href":"https:\/\/www.europesays.com\/fr\/wp-json\/wp\/v2\/categories?post=183755"},{"taxonomy":"post_tag","embeddable":true,"href":"https:\/\/www.europesays.com\/fr\/wp-json\/wp\/v2\/tags?post=183755"}],"curies":[{"name":"wp","href":"https:\/\/api.w.org\/{rel}","templated":true}]}}