{"id":183762,"date":"2025-06-17T16:31:09","date_gmt":"2025-06-17T16:31:09","guid":{"rendered":"https:\/\/www.europesays.com\/fr\/183762\/"},"modified":"2025-06-17T16:31:09","modified_gmt":"2025-06-17T16:31:09","slug":"feu-dartifice-cinema-en-plein-air-grandes-sardinades-ce-qui-vous-attend-cet-ete-sur-le-port-du-brusc-a-six-fours","status":"publish","type":"post","link":"https:\/\/www.europesays.com\/fr\/183762\/","title":{"rendered":"Feu d&rsquo;artifice, cin\u00e9ma en plein air, grandes sardinades&#8230; Ce qui vous attend cet \u00e9t\u00e9 sur le port du Brusc \u00e0 Six-Fours"},"content":{"rendered":"<p>Le Brusc n\u2019est pas un quartier comme les autres. Ce petit port nich\u00e9 au bout de Six-Fours a gard\u00e9 l\u2019\u00e2me des villages d\u2019antan. Une \u00e2me populaire, familiale et r\u00e9solument proven\u00e7ale, qui chaque \u00e9t\u00e9 s\u2019anime autour des valeurs de transmission, de f\u00eate, et de m\u00e9moire vivante.<\/p>\n<p>Le Comit\u00e9 de liaison des associations bruscaines (CLAB), d\u00e9sormais pr\u00e9sid\u00e9 par Linda Schell, avec \u00e0 ses c\u00f4t\u00e9s Delphine Quin, toutes deux engag\u00e9es depuis de nombreuses ann\u00e9es, propose cette ann\u00e9e encore un programme estival g\u00e9n\u00e9reux, pens\u00e9 pour tous et ancr\u00e9 dans l\u2019identit\u00e9 forte de ce village maritime.<\/p>\n<p>Une culture ancr\u00e9e dans la mer et la m\u00e9moire <\/p>\n<p>Ici, les p\u00eacheurs n\u2019ont jamais quitt\u00e9 le port, et la culture maritime est un h\u00e9ritage vivant. Les f\u00eates commencent d\u00e8s le 29 juin avec la F\u00eate de la Saint-Pierre, saint patron des marins, c\u00e9l\u00e9br\u00e9e dans l\u2019\u00e9glise du Brusc avant de se prolonger sur les quais autour d\u2019une grande bouillabaisse. Sur le quai de la Prud\u2019homie, on c\u00e9l\u00e8bre aussi les pointus, ces barques traditionnelles restaur\u00e9es avec passion. Lou Capian, gardien des traditions navales, organise une f\u00eate enti\u00e8re pour leur rendre hommage le 5 juillet.<\/p>\n<p>Plus tard dans l\u2019\u00e9t\u00e9 (le 18 ao\u00fbt), la c\u00e9r\u00e9monie des Voiles de Marie-Madeleine rappellera la ferveur populaire autour de la mer, de ses dangers et de sa beaut\u00e9.<\/p>\n<p>Bouillabaisse, sardines et tradition gourmande <\/p>\n<p>Pour la bouillabaisse du 29 juin, face \u00e0 la forte demande (quatre associations affichent d\u00e9j\u00e0 complet), seules quelques places sont encore disponibles via l\u2019association La Boule Joyeuse (infos au 06.74.35.60.87). Incontournable aussi : la grande sardinade du 22 juillet, moment f\u00e9d\u00e9rateur et festif sans r\u00e9servation, o\u00f9 des milliers de personnes partagent tables, rires et souvenirs \u00e0 la bonne franquette. En ao\u00fbt, place \u00e0 la mouclade le 5 et \u00e0 une deuxi\u00e8me sardinade le 20.<\/p>\n<p>Le bal\u00e8ti, chaque semaine comme un rituel <\/p>\n<p>Impossible de parler du Brusc sans \u00e9voquer ses bal\u00e8tis. Chaque dimanche soir, la place Adrien-Cader devient le th\u00e9\u00e2tre d\u2019un bal populaire o\u00f9 petits et grands dansent jusqu\u2019\u00e0 la nuit tomb\u00e9e. On y croise des enfants en short, des grands-m\u00e8res en robe fleurie, des touristes conquis et des Bruscains fid\u00e8les. L\u2019ambiance y est unique : modeste, chaleureuse et furieusement vivante.<\/p>\n<p>Le programme se prolonge tout l\u2019\u00e9t\u00e9 avec du cin\u00e9ma sous les \u00e9toiles, des march\u00e9s des cr\u00e9ateurs, des man\u00e8ges et clowns pour les enfants, et deux soir\u00e9es consacr\u00e9es \u00e0 l\u2019histoire du Brusc en photos, anim\u00e9es par D\u00e9d\u00e9 Mercheyer.<\/p>\n<p>            Le programme<br \/>\n            Dimanche 29 juin<\/p>\n<p>F\u00eate de la Saint-Pierre (\u00e9glise Saint-Pierre, 10 h), bouillabaisse d\u2019ouverture (port du Brusc, midi &#8211; sans r\u00e9servation). Samedi 5 juillet : F\u00eate des Pointus (quai de la Prud\u2019homie)<\/p>\n<p>Samedi 12 juillet<\/p>\n<p>Bouillabaisse sur r\u00e9servation (quai de la Prud\u2019homie, infos aupr\u00e8s de La Boule Joyeuse).<\/p>\n<p>Tous les dimanches de juillet et ao\u00fbt, bal\u00e8ti du Brusc (place Adrien-Cader).<\/p>\n<p>Feu d\u2019artifice<\/p>\n<p>14 juillet (port du Brusc).<\/p>\n<p>Cin\u00e9ma en plein air (quai de la Prud\u2019homie) <\/p>\n<p><strong>17 juillet:<\/strong> Moonrise Kingdom <br \/>&#13;<br \/>\n<strong>24 juillet:<\/strong> 9 mois ferme <br \/>&#13;<br \/>\n<strong>7 ao\u00fbt:<\/strong> Les Aristochats.<\/p>\n<p>Tous les vendredis (du 11 juillet au 15 ao\u00fbt), man\u00e8ges et animation enfantine (place Adrien-Cader).<\/p>\n<p><strong>Grandes sardinades (sans r\u00e9servation) les 22 juillet et 20 ao\u00fbt. <\/strong><\/p>\n<p><strong>Grande mouclade (sans r\u00e9servation) le 5 ao\u00fbt.<\/strong><\/p>\n<p>Le Brusc en photos d\u2019hier \u00e0 aujourd\u2019hui (quai de la Prud\u2019homie) <strong>le 31 juillet et le 28 ao\u00fbt.<\/strong><\/p>\n<p>Lundi 18 ao\u00fbt<\/p>\n<p>Voiles de Marie-Madeleine.<\/p>\n","protected":false},"excerpt":{"rendered":"Le Brusc n\u2019est pas un quartier comme les autres. Ce petit port nich\u00e9 au bout de Six-Fours a&hellip;\n","protected":false},"author":2,"featured_media":183763,"comment_status":"","ping_status":"","sticky":false,"template":"","format":"standard","meta":{"footnotes":""},"categories":[9619],"tags":[1111,11,1777,674,1011,27,1393,12,882,25,2310],"class_list":{"0":"post-183762","1":"post","2":"type-post","3":"status-publish","4":"format-standard","5":"has-post-thumbnail","7":"category-toulon","8":"tag-actu","9":"tag-actualites","10":"tag-eu","11":"tag-europe","12":"tag-fr","13":"tag-france","14":"tag-loisirs","15":"tag-news","16":"tag-provence-alpes-cote-dazur","17":"tag-republique-francaise","18":"tag-toulon"},"share_on_mastodon":{"url":"https:\/\/pubeurope.com\/@fr\/114699664590191929","error":""},"_links":{"self":[{"href":"https:\/\/www.europesays.com\/fr\/wp-json\/wp\/v2\/posts\/183762","targetHints":{"allow":["GET"]}}],"collection":[{"href":"https:\/\/www.europesays.com\/fr\/wp-json\/wp\/v2\/posts"}],"about":[{"href":"https:\/\/www.europesays.com\/fr\/wp-json\/wp\/v2\/types\/post"}],"author":[{"embeddable":true,"href":"https:\/\/www.europesays.com\/fr\/wp-json\/wp\/v2\/users\/2"}],"replies":[{"embeddable":true,"href":"https:\/\/www.europesays.com\/fr\/wp-json\/wp\/v2\/comments?post=183762"}],"version-history":[{"count":0,"href":"https:\/\/www.europesays.com\/fr\/wp-json\/wp\/v2\/posts\/183762\/revisions"}],"wp:featuredmedia":[{"embeddable":true,"href":"https:\/\/www.europesays.com\/fr\/wp-json\/wp\/v2\/media\/183763"}],"wp:attachment":[{"href":"https:\/\/www.europesays.com\/fr\/wp-json\/wp\/v2\/media?parent=183762"}],"wp:term":[{"taxonomy":"category","embeddable":true,"href":"https:\/\/www.europesays.com\/fr\/wp-json\/wp\/v2\/categories?post=183762"},{"taxonomy":"post_tag","embeddable":true,"href":"https:\/\/www.europesays.com\/fr\/wp-json\/wp\/v2\/tags?post=183762"}],"curies":[{"name":"wp","href":"https:\/\/api.w.org\/{rel}","templated":true}]}}