{"id":183770,"date":"2025-06-17T16:35:09","date_gmt":"2025-06-17T16:35:09","guid":{"rendered":"https:\/\/www.europesays.com\/fr\/183770\/"},"modified":"2025-06-17T16:35:09","modified_gmt":"2025-06-17T16:35:09","slug":"apres-lincendie-de-bollore-logistics-pres-de-rouen-le-proprietaire-regle-ses-comptes","status":"publish","type":"post","link":"https:\/\/www.europesays.com\/fr\/183770\/","title":{"rendered":"apr\u00e8s l&rsquo;incendie de Bollor\u00e9 Logistics pr\u00e8s de Rouen, le propri\u00e9taire r\u00e8gle ses comptes"},"content":{"rendered":"<p>            Par<br \/>\n        <strong><br \/>\n            <a href=\"https:\/\/actu.fr\/auteur\/yann-rivallan\" title=\"Consulter tous les articles de Yann Rivallan\" target=\"_blank\" rel=\"noopener\">Yann Rivallan<\/a><br \/>\n        <\/strong><\/p>\n<p>        Publi\u00e9 le<\/p>\n<p>            17 juin 2025 \u00e0 17h58        <\/p>\n<p>Depuis plusieurs mois, ce sont eux qui paient la d\u00e9pollution du site de l\u2019incendie de l\u2019entrep\u00f4t <strong>Bollor\u00e9 Logistics<\/strong>. Highway France Logistics 8 est le propri\u00e9taire des murs du b\u00e2timent o\u00f9 ont br\u00fbl\u00e9 des milliers de batteries au lithium \u00e0 Grand-Couronne, pr\u00e8s de <a href=\"https:\/\/actu.fr\/normandie\/rouen_76540\" target=\"_blank\" rel=\"noopener\">Rouen (Seine-Maritime)<\/a>, le 16\u00a0janvier 2023. Mais, parce qu\u2019ils en ont \u00ab\u2009marre d\u2019\u00eatre pris pour les dindons de la farce\u2009\u00bb, analyse <strong>Christophe Holleville<\/strong>, un militant qui suit de pr\u00e8s le dossier Bollor\u00e9 Logistics, le dirigeant de HFL 8 a d\u00e9cid\u00e9 de <strong>contre-attaquer<\/strong>. On vous explique.<\/p>\n<p>Des batteries qui n\u2019avaient rien \u00e0 faire l\u00e0\u2009?<\/p>\n<p class=\" wall-content\">Dans <a href=\"https:\/\/www.igedd.developpement-durable.gouv.fr\/IMG\/pdf\/rep-hfl8_cle5ff1a5.pdf\" target=\"_blank\" rel=\"noopener\">un long courrier<\/a> adress\u00e9 au BEA-RI (Bureau d\u2019Enqu\u00eates et d\u2019Analyses sur les Risques Industriels), le propri\u00e9taire de l\u2019entrep\u00f4t de Grand-Couronne s\u2019\u00e9tonne d\u2019\u00eatre le seul \u00e0 payer <strong>les frais de d\u00e9pollution des sols<\/strong> alors qu\u2019il n\u2019avait pas forc\u00e9ment connaissance de ce qui \u00e9tait stock\u00e9 par son locataire.<\/p>\n<p class=\" wall-content\">Depuis plusieurs mois, les repr\u00e9sentants de Bollor\u00e9 Logistics (l\u2019exploitant de l\u2019entrep\u00f4t) et Blue Solutions (le propri\u00e9taire des batteries), se r\u00e9fugient <a href=\"https:\/\/actu.fr\/normandie\/grand-couronne_76319\/incendie-de-bollore-logistics-pourquoi-le-tribunal-a-donne-raison-aux-industriels_61967866.html\" target=\"_blank\" rel=\"noopener\">derri\u00e8re la l\u00e9gislation<\/a>. Comme ils ne sont pas propri\u00e9taires de l\u2019entrep\u00f4t qui a br\u00fbl\u00e9, ils n\u2019ont en th\u00e9orie <strong>pas \u00e0 assumer la d\u00e9pollution<\/strong>. Elle incombe au propri\u00e9taire. Sauf s\u2019il y a eu une faute grave du locataire.<\/p>\n<p class=\" wall-content\">Avec son courrier, HFL 8 s\u2019attache \u00e0 d\u00e9montrer que Bollor\u00e9 Logistics et Blue Solutions (qui font tous deux partie du groupe Bollor\u00e9) ont <strong>sciemment stock\u00e9 des produits dangereux<\/strong> dans cet entrep\u00f4t alors qu\u2019ils n\u2019en avaient pas le droit. Si cette th\u00e8se est av\u00e9r\u00e9e, les deux entit\u00e9s du groupe Bollor\u00e9 pourraient donc devenir responsables de la d\u00e9pollution du site.<\/p>\n<p>\u00ab\u2009Grand-Couronne servait de d\u00e9chetterie\u2009\u00bb<\/p>\n<p class=\" wall-content\">Dans son courrier, le dirigeant de HFL 8 pointe \u00ab\u2009un doute s\u00e9rieux\u2009\u00bb sur la l\u00e9galit\u00e9 du stockage des batteries au lithium qui ont br\u00fbl\u00e9. Selon plusieurs documents, le propri\u00e9taire de l\u2019entrep\u00f4t estime que les responsables de Blue Solutions <strong>\u00ab\u2009savaient pertinemment\u2009\u00bb<\/strong> que les batteries stock\u00e9es \u00e9taient dangereuses, car elles pr\u00e9sentaient un d\u00e9faut de fabrication identifi\u00e9 et donc un risque d\u2019emballement.<\/p>\n<p>Vid\u00e9os : en ce moment sur Actu<\/p>\n<blockquote class=\"ac-article-quote wall-content\">\n<p>Les modules d\u00e9fectueux, pr\u00e9sentant un risque de court-circuit, \u00e9taient s\u00e9lectionn\u00e9s<br \/>\npour \u00eatre envoy\u00e9s sur le site de stockage de Grand-Couronne, manifestement afin<br \/>\nd\u2019\u00e9loigner le risque d\u2019incendie loin du site de production d\u2019Ergu\u00e9-Gab\u00e9ric [en Bretagne, NDLR].<\/p>\n<p>    <strong>Le dirigeant de HFL 8<\/strong><br \/>\n        Propri\u00e9taire de l&rsquo;entrep\u00f4t incendi\u00e9    <\/p><\/blockquote>\n<p class=\" wall-content\">Ce qui am\u00e8ne le propri\u00e9taire des murs \u00e0 penser que \u00ab\u2009l\u2019ensemble de ces \u00e9l\u00e9ments conduit \u00e0 consid\u00e9rer que <strong>Grand-Couronne servait ainsi de \u00ab\u2009d\u00e9chetterie\u2009\u00bb<\/strong> \u00e0 Blue Solutions dans l\u2019attente du d\u00e9veloppement d\u2019une fili\u00e8re de recyclage interne p\u00e9renne\u2009\u00bb.<\/p>\n<p>Une enqu\u00eate fauss\u00e9e\u2009?<\/p>\n<p class=\" wall-content\">Enfin, HFL 8 \u00e9met des doutes sur l\u2019\u00e9tat des batteries fournies au BEA-RI dans <a href=\"https:\/\/actu.fr\/normandie\/grand-couronne_76319\/apres-l-incendie-de-bollore-logisitics-pres-de-rouen-une-enquete-tire-les-lecons-de-la-catastrophe_62475373.html\" target=\"_blank\" rel=\"noopener\">son enqu\u00eate sur l\u2019origine du d\u00e9part de feu<\/a> le 16\u00a0janvier 2023.<\/p>\n<blockquote class=\"ac-article-quote wall-content\">\n<p>Rien n\u2019\u00e9tablit que les modules transmis par Blue Solutions \u00e9taient repr\u00e9sentatifs des batteries et modules effectivement stock\u00e9s \u00e0 Grand-Couronne, dont il est acquis qu\u2019ils \u00e9taient usag\u00e9s et affect\u00e9s par des d\u00e9fauts d\u2019isolation.<\/p>\n<p>    <strong>Le dirigeant de HFL 8<\/strong><br \/>\n        Propri\u00e9taire de l&rsquo;entrep\u00f4t incendi\u00e9    <\/p><\/blockquote>\n<p class=\" wall-content\">En clair, HFL 8 doute que les batteries soumises aux tests pour d\u00e9terminer les causes de l\u2019incendie \u00e9taient aussi endommag\u00e9es que celles pr\u00e9sentes lors de l\u2019incendie. Aux yeux de HFL 8, les batteries fournies au BEA-RI \u00e9taient <strong>probablement \u00ab\u2009saines\u2009\u00bb<\/strong>, ce qui pourrait avoir fauss\u00e9 l\u2019enqu\u00eate.<\/p>\n<p class=\" wall-content\">Sollicit\u00e9s, les repr\u00e9sentants de Blue Solutions et du groupe Bollor\u00e9 n\u2019ont pour le moment pas souhait\u00e9 r\u00e9agir \u00e0 ce document.<\/p>\n<p>Suivez l\u2019actualit\u00e9 de Rouen sur <a href=\"https:\/\/www.whatsapp.com\/channel\/0029VaKfnf99hXF2ddApFB1D\" target=\"_blank\" rel=\"noopener\">notre cha\u00eene WhatsApp<\/a> et sur <a href=\"https:\/\/www.tiktok.com\/@76actu.fr?lang=fr\" target=\"_blank\" rel=\"noopener\">notre compte TikTok<\/a><\/p>\n<p class=\" wall-content\">Suivez toute l\u2019actualit\u00e9 de vos villes et m\u00e9dias favoris en vous inscrivant \u00e0 <a href=\"https:\/\/moncompte.actu.fr\" title=\"D\u00e9couvez Mon Actu\" rel=\"nofollow noopener\" data-trk=\"{&quot;cta&quot;:{&quot;action&quot;:&quot;https:\\\/\\\/moncompte.actu.fr&quot;,&quot;category&quot;:&quot;mon compte&quot;,&quot;from&quot;:&quot;article footer&quot;,&quot;name&quot;:&quot;Mon actu&quot;,&quot;type&quot;:&quot;cta&quot;}}\" target=\"_blank\">Mon Actu<\/a>.<\/p>\n<ul class=\"ac-article-tag wall-content\">\n<li><a href=\"https:\/\/actu.fr\/tag\/bollore-logistics\" data-trk=\"{&quot;cta&quot;:{&quot;action&quot;:&quot;Bollor\\u00e9 Logistics&quot;,&quot;category&quot;:&quot;tag&quot;,&quot;from&quot;:&quot;article footer&quot;,&quot;name&quot;:&quot;Bollor\\u00e9 Logistics&quot;,&quot;type&quot;:&quot;cta&quot;}}\" target=\"_blank\" rel=\"noopener\">#Bollor\u00e9 Logistics<\/a><\/li>\n<li><a href=\"https:\/\/actu.fr\/tag\/incendie\" data-trk=\"{&quot;cta&quot;:{&quot;action&quot;:&quot;Incendie&quot;,&quot;category&quot;:&quot;tag&quot;,&quot;from&quot;:&quot;article footer&quot;,&quot;name&quot;:&quot;Incendie&quot;,&quot;type&quot;:&quot;cta&quot;}}\" target=\"_blank\" rel=\"noopener\">#Incendie<\/a><\/li>\n<\/ul>\n<p>                    <script async src=\"\/\/www.tiktok.com\/embed.js\"><\/script><\/p>\n","protected":false},"excerpt":{"rendered":"Par Yann Rivallan Publi\u00e9 le 17 juin 2025 \u00e0 17h58 Depuis plusieurs mois, ce sont eux qui paient&hellip;\n","protected":false},"author":2,"featured_media":183771,"comment_status":"","ping_status":"","sticky":false,"template":"","format":"standard","meta":{"footnotes":""},"categories":[9587],"tags":[1111,11,18620,1777,674,1011,27,1310,12,5161,25,9590,104],"class_list":{"0":"post-183770","1":"post","2":"type-post","3":"status-publish","4":"format-standard","5":"has-post-thumbnail","7":"category-rouen","8":"tag-actu","9":"tag-actualites","10":"tag-bollore-logistics","11":"tag-eu","12":"tag-europe","13":"tag-fr","14":"tag-france","15":"tag-incendie","16":"tag-news","17":"tag-normandie","18":"tag-republique-francaise","19":"tag-rouen","20":"tag-societe"},"share_on_mastodon":{"url":"https:\/\/pubeurope.com\/@fr\/114699680118021484","error":""},"_links":{"self":[{"href":"https:\/\/www.europesays.com\/fr\/wp-json\/wp\/v2\/posts\/183770","targetHints":{"allow":["GET"]}}],"collection":[{"href":"https:\/\/www.europesays.com\/fr\/wp-json\/wp\/v2\/posts"}],"about":[{"href":"https:\/\/www.europesays.com\/fr\/wp-json\/wp\/v2\/types\/post"}],"author":[{"embeddable":true,"href":"https:\/\/www.europesays.com\/fr\/wp-json\/wp\/v2\/users\/2"}],"replies":[{"embeddable":true,"href":"https:\/\/www.europesays.com\/fr\/wp-json\/wp\/v2\/comments?post=183770"}],"version-history":[{"count":0,"href":"https:\/\/www.europesays.com\/fr\/wp-json\/wp\/v2\/posts\/183770\/revisions"}],"wp:featuredmedia":[{"embeddable":true,"href":"https:\/\/www.europesays.com\/fr\/wp-json\/wp\/v2\/media\/183771"}],"wp:attachment":[{"href":"https:\/\/www.europesays.com\/fr\/wp-json\/wp\/v2\/media?parent=183770"}],"wp:term":[{"taxonomy":"category","embeddable":true,"href":"https:\/\/www.europesays.com\/fr\/wp-json\/wp\/v2\/categories?post=183770"},{"taxonomy":"post_tag","embeddable":true,"href":"https:\/\/www.europesays.com\/fr\/wp-json\/wp\/v2\/tags?post=183770"}],"curies":[{"name":"wp","href":"https:\/\/api.w.org\/{rel}","templated":true}]}}