{"id":183784,"date":"2025-06-17T16:42:12","date_gmt":"2025-06-17T16:42:12","guid":{"rendered":"https:\/\/www.europesays.com\/fr\/183784\/"},"modified":"2025-06-17T16:42:12","modified_gmt":"2025-06-17T16:42:12","slug":"strasbourg-pour-la-saison-2025-26-le-tns-devient-une-babel-des-langues-pour-tous","status":"publish","type":"post","link":"https:\/\/www.europesays.com\/fr\/183784\/","title":{"rendered":"Strasbourg. Pour la saison 2025\/26, le TNS devient une Babel des langues pour tous"},"content":{"rendered":"<p>Du surtitrage de sept spectacles dans dix langues parl\u00e9es \u00e0 Strasbourg\u00a0: entre l\u2019alsacien et l\u2019h\u00e9breu en passant par le turc ou l\u2019arabe. Andromaqu e de Racine mis en sc\u00e8ne par St\u00e9phane Braunschweig sera ainsi propos\u00e9 en dari, pachto ou grec. <a href=\"https:\/\/tns.fr\/\" target=\"_blank\" rel=\"nofollow noopener\"> Cette offre in\u00e9dite de surtitrage \u00e0 destination du public allophone singularise la saison 2025\/26 que propose le Th\u00e9\u00e2tre national de Strasbourg (TNS)<\/a> dirig\u00e9 par <a href=\"https:\/\/www.dna.fr\/culture-loisirs\/2023\/01\/13\/caroline-guiela-nguyen-defend-un-theatre-a-portee-d-humains\" target=\"_blank\" rel=\"nofollow noopener\">Caroline Guiela Nguyen<\/a>. Seul th\u00e9\u00e2tre national en r\u00e9gion.<\/p>\n<p>    &#13;<br \/>\n    &#13;<br \/>\n    &#13;<br \/>\n    <a href=\"https:\/\/cdn-s-www.dna.fr\/images\/314b16a0-3dfb-4da5-abb2-a4166783c948\/NW_raw\/angelina-et-loredana-iancu-mere-et-fille-a-la-scene-comme-dans-la-vie-et-cara-parvu-interpretent-valentina-la-nouvelle-creation-de-caroline-guiela-nguyen-photo-laura-haby-qui-ouvre-la-saison-prochaine-du-16-septembre-au-3-octobre-photo-laura-haby-1750177238.jpg\" title=\"Angelina et Loredana Iancu, m\u00e8re et fille \u00e0 la sc\u00e8ne comme dans la vie et Cara Parvu interpr\u00e8tent  Valentina , la nouvelle cr\u00e9ation de Caroline Guiela Nguyen. Photo Laura Haby qui ouvre la saison prochaine du 16 septembre au 3 octobre. \u00a0 Photo Laura Haby\" class=\"chocolat-image GA-tracking\" data-ga_type=\"click\" data-ga_category=\"D\u00e9tail\" data-ga_action=\"zoomer\" data-ga_label=\"aggrandir image\" rel=\"nofollow noopener\" target=\"_blank\">&#13;<br \/>\n        <img src=\"https:\/\/www.europesays.com\/fr\/wp-content\/uploads\/2025\/06\/angelina-et-loredana-iancu-mere-et-fille-a-la-scene-comme-dans-la-vie-et-cara-parvu-interpretent-val.jpeg\"   alt=\"Angelina et Loredana Iancu, m\u00e8re et fille \u00e0 la sc\u00e8ne comme dans la vie et Cara Parvu interpr\u00e8tent  Valentina , la nouvelle cr\u00e9ation de Caroline Guiela Nguyen. Photo Laura Haby qui ouvre la saison prochaine du 16 septembre au 3 octobre. \u00a0 Photo Laura Haby\" fetchpriority=\"high\" decoding=\"async\" data-mobile=\"NW_listA_M|1750177238\" data-base=\"NW_listA|1750177238\"\/>&#13;<br \/>\n    <\/a>&#13;<\/p>\n<p> Angelina et Loredana Iancu, m\u00e8re et fille \u00e0 la sc\u00e8ne comme dans la vie et Cara Parvu interpr\u00e8tent  Valentina , la nouvelle cr\u00e9ation de Caroline Guiela Nguyen. Photo Laura Haby qui ouvre la saison prochaine du 16 septembre au 3 octobre. \u00a0 Photo Laura Haby <\/p>\n<p>  Un budget de fonctionnement de 13,8\u00a0millions d\u2019euros\u00a0<\/p>\n<p><a href=\"https:\/\/www.dna.fr\/culture-loisirs\/2024\/07\/10\/lacrima-succes-populaire-pour-un-theatre-populaire\" target=\"_blank\" rel=\"nofollow noopener\">Ses plus r\u00e9cents spectacles cr\u00e9\u00e9s au TNS, au succ\u00e8s tant public que critique, <\/a><a href=\"https:\/\/www.dna.fr\/culture-loisirs\/2024\/07\/10\/lacrima-succes-populaire-pour-un-theatre-populaire\" target=\"_blank\" rel=\"nofollow noopener\">Lacrima <\/a> et \u00a0 <a href=\"https:\/\/www.dna.fr\/culture-loisirs\/2025\/04\/19\/a-strasbourg-caroline-guiela-nguyen-ouvre-les-galas-du-tns-avec-valentina\" target=\"_blank\" rel=\"nofollow noopener\">Valentina<\/a> , font entendre outre le fran\u00e7ais, du roumain, de l\u2019anglais, du tamoul, la langue des signes. <a href=\"https:\/\/www.dna.fr\/culture-loisirs\/2025\/06\/02\/avec-lacrima-le-tns-en-tournee-internationale-avec-des-tensions-internes\" target=\"_blank\" rel=\"nofollow noopener\">En tourn\u00e9e jusqu\u2019en Australie pour Lacrima ,<\/a> ces deux spectacles font rayonner le TNS \u00e0 l\u2019international.<\/p>\n<p>    &#13;<br \/>\n    &#13;<br \/>\n    &#13;<br \/>\n    <a href=\"https:\/\/cdn-s-www.dna.fr\/images\/42cfb836-c363-4442-b53d-f3e198f8a6d4\/NW_raw\/prendre-soin-d-alexander-zeldin-du-7-au-17-octobre-au-tns-l-auteur-et-metteur-en-scene-britannique-alexander-zeldin-se-produit-pour-la-premiere-fois-au-tns-ses-spectacles-joues-dans-le-monde-entier-s-inscrivent-dans-un-theatre-qui-a-l-instar-de-son-compatriote-ken-loach-regarde-le-monde-et-met-en-scene-des-gens-ordinaires-avec-tendresse-empathie-des-hommes-et-des-femmes-qui-aspirent-au-bonheur-photo-gianmarco-bresadola-1750177238.jpg\" title=\"Prendre soin d\u2019Alexander Zeldin, du 7 au 17 octobre au TNS. L\u2019auteur et metteur en sc\u00e8ne britannique Alexander Zeldin se produit pour la premi\u00e8re fois au TNS. Ses spectacles, jou\u00e9s dans le monde entier, s\u2019inscrivent dans un th\u00e9\u00e2tre qui, \u00e0 l\u2019instar de son compatriote Ken Loach, regarde le monde et met en sc\u00e8ne des gens ordinaires avec tendresse, empathie, des hommes et des femmes qui aspirent au bonheur. \u00a0 Photo Gianmarco Bresadola\" class=\"chocolat-image GA-tracking\" data-ga_type=\"click\" data-ga_category=\"D\u00e9tail\" data-ga_action=\"zoomer\" data-ga_label=\"aggrandir image\" rel=\"nofollow noopener\" target=\"_blank\">&#13;<br \/>\n        <img src=\"https:\/\/www.europesays.com\/fr\/wp-content\/uploads\/2025\/06\/prendre-soin-d-alexander-zeldin-du-7-au-17-octobre-au-tns-l-auteur-et-metteur-en-scene-britannique-a.jpeg\"   alt=\"Prendre soin d\u2019Alexander Zeldin, du 7 au 17 octobre au TNS. L\u2019auteur et metteur en sc\u00e8ne britannique Alexander Zeldin se produit pour la premi\u00e8re fois au TNS. Ses spectacles, jou\u00e9s dans le monde entier, s\u2019inscrivent dans un th\u00e9\u00e2tre qui, \u00e0 l\u2019instar de son compatriote Ken Loach, regarde le monde et met en sc\u00e8ne des gens ordinaires avec tendresse, empathie, des hommes et des femmes qui aspirent au bonheur. \u00a0 Photo Gianmarco Bresadola\" fetchpriority=\"high\" decoding=\"async\" data-mobile=\"NW_listA_M|1750177238\" data-base=\"NW_listA|1750177238\"\/>&#13;<br \/>\n    <\/a>&#13;<\/p>\n<p> Prendre soin d\u2019Alexander Zeldin, du 7 au 17 octobre au TNS. L\u2019auteur et metteur en sc\u00e8ne britannique Alexander Zeldin se produit pour la premi\u00e8re fois au TNS. Ses spectacles, jou\u00e9s dans le monde entier, s\u2019inscrivent dans un th\u00e9\u00e2tre qui, \u00e0 l\u2019instar de son compatriote Ken Loach, regarde le monde et met en sc\u00e8ne des gens ordinaires avec tendresse, empathie, des hommes et des femmes qui aspirent au bonheur. \u00a0 Photo Gianmarco Bresadola <\/p>\n<p>En mati\u00e8re de budget\u00a0: celui de fonctionnement pr\u00e9visionnel 2025 d\u2019activit\u00e9s du th\u00e9\u00e2tre et de l\u2019\u00e9cole s\u2019\u00e9l\u00e8ve \u00e0 13,8\u00a0millions d\u2019\u20ac. Les recettes propres, 2,8\u00a0millions d\u2019\u20ac,\u00a0s\u2019additionnent aux 10,4\u00a0millions de subventions publiques (essentiellement du minist\u00e8re de la Culture). Celui de l\u2019investissement atteint les 2,6\u00a0millions d\u2019\u20ac alors que la subvention publique rel\u00e8ve d\u2019un peu plus d\u2019un million. Le TNS indique que \u00ab\u00a0les d\u00e9s\u00e9quilibres pr\u00e9visionnels sur l\u2019exercice 2025 sont financ\u00e9s par pr\u00e9l\u00e8vement sur les r\u00e9serves constitu\u00e9es \u00e0 cet effet\u00a0\u00bb.<\/p>\n<p>    &#13;<br \/>\n    &#13;<br \/>\n    &#13;<br \/>\n    <a href=\"https:\/\/cdn-s-www.dna.fr\/images\/c39cd7dd-65ab-4467-8c2b-ed9faf0b05c8\/NW_raw\/angelica-liddell-(cie-atra-bilis)-metteuse-en-scene-autrice-performeuse-a-signe-une-vingtaine-de-pieces-aussi-bouleversantes-que-clivantes-et-apparait-aujourd-hui-comme-une-artiste-majeure-de-la-scene-europeenne-au-tns-du-29-janvier-au-7-fevrier-2026-elle-presente-en-premiere-francaise-seppuku-el-funeral-de-mishima-o-el-placer-de-morir-photo-bruno-simao-1750177238.jpg\" title=\"Angelica Liddell (cie Atra Bilis) metteuse en sc\u00e8ne, autrice, performeuse, a sign\u00e9 une vingtaine de pi\u00e8ces aussi bouleversantes que clivantes, et appara\u00eet aujourd\u2019hui comme une artiste majeure de la sc\u00e8ne europ\u00e9enne. Au TNS, du 29 janvier au 7 f\u00e9vrier 2026, elle pr\u00e9sente en premi\u00e8re fran\u00e7aise, Seppuku El funeral de Mishima o el placer de morir. \u00a0 Photo Bruno Simao\" class=\"chocolat-image GA-tracking\" data-ga_type=\"click\" data-ga_category=\"D\u00e9tail\" data-ga_action=\"zoomer\" data-ga_label=\"aggrandir image\" rel=\"nofollow noopener\" target=\"_blank\">&#13;<br \/>\n        <img src=\"https:\/\/www.europesays.com\/fr\/wp-content\/uploads\/2025\/06\/angelica-liddell-(cie-atra-bilis)-metteuse-en-scene-autrice-performeuse-a-signe-une-vingtaine-de-pie.jpeg\"   alt=\"Angelica Liddell (cie Atra Bilis) metteuse en sc\u00e8ne, autrice, performeuse, a sign\u00e9 une vingtaine de pi\u00e8ces aussi bouleversantes que clivantes, et appara\u00eet aujourd\u2019hui comme une artiste majeure de la sc\u00e8ne europ\u00e9enne. Au TNS, du 29 janvier au 7 f\u00e9vrier 2026, elle pr\u00e9sente en premi\u00e8re fran\u00e7aise, Seppuku El funeral de Mishima o el placer de morir. \u00a0 Photo Bruno Simao\" fetchpriority=\"high\" decoding=\"async\" data-mobile=\"NW_listA_M|1750177238\" data-base=\"NW_listA|1750177238\"\/>&#13;<br \/>\n    <\/a>&#13;<\/p>\n<p> Angelica Liddell (cie Atra Bilis) metteuse en sc\u00e8ne, autrice, performeuse, a sign\u00e9 une vingtaine de pi\u00e8ces aussi bouleversantes que clivantes, et appara\u00eet aujourd\u2019hui comme une artiste majeure de la sc\u00e8ne europ\u00e9enne. Au TNS, du 29 janvier au 7 f\u00e9vrier 2026, elle pr\u00e9sente en premi\u00e8re fran\u00e7aise, Seppuku El funeral de Mishima o el placer de morir. \u00a0 Photo Bruno Simao <\/p>\n<p>A partir de \u00ab\u00a0son th\u00e9\u00e2tre de c\u0153ur\u00a0\u00bb, Caroline Guiela Nguyen entend s\u2019adresser au public le plus large. Une volont\u00e9 qui porte d\u00e9j\u00e0 ses fruits car la fr\u00e9quentation lors sa premi\u00e8re saison 2024\/25, a augment\u00e9 de 38\u00a0% par rapport \u00e0 la pr\u00e9c\u00e9dente. Le TNS a accueilli plus de 56\u00a0000 spectateurs, avec un record de fr\u00e9quentation de 97\u00a0%.<\/p>\n<p>  Les Galas et le TNS Comedy Club<\/p>\n<p>Il communique aussi sur la progression de 24\u00a0% du public de moins de 28 ans, et de 116\u00a0% des personnes b\u00e9n\u00e9ficiant de la tarification solidaire. \u00ab\u00a0J\u2019ai l\u2019impression qu\u2019avec les \u00e9quipes, le travail est fait sur la question du service public, affirme Caroline Guiela Nguyen, le soutien \u00e0 la cr\u00e9ation, nous continuons \u00e0 affirmer des projets signatures avec les Galas, le Centre des r\u00e9cits et le rapport \u00e0 la p\u00e9dagogie avec l\u2019\u00e9cole.\u00a0\u00bb<\/p>\n<p>    &#13;<br \/>\n    &#13;<br \/>\n    &#13;<br \/>\n    <a href=\"https:\/\/cdn-s-www.dna.fr\/images\/18098b24-afcd-41c6-819b-2f952b3a38cd\/NW_raw\/portrait-de-rita-de-laurene-marx-du-20-au-30-juin-au-tns-coproducteur-photo-nehemie-lemal-1750177238.jpg\" title=\"Portrait de Rita de Laur\u00e8ne Marx, du 20 au 30 juin, au TNS coproducteur. \u00a0 Photo N\u00e9h\u00e9mie Lemal\" class=\"chocolat-image GA-tracking\" data-ga_type=\"click\" data-ga_category=\"D\u00e9tail\" data-ga_action=\"zoomer\" data-ga_label=\"aggrandir image\" rel=\"nofollow noopener\" target=\"_blank\">&#13;<br \/>\n        <img src=\"https:\/\/www.europesays.com\/fr\/wp-content\/uploads\/2025\/06\/portrait-de-rita-de-laurene-marx-du-20-au-30-juin-au-tns-coproducteur-photo-nehemie-lemal-1750177238.jpeg\"   alt=\"Portrait de Rita de Laur\u00e8ne Marx, du 20 au 30 juin, au TNS coproducteur. \u00a0 Photo N\u00e9h\u00e9mie Lemal\" fetchpriority=\"high\" decoding=\"async\" data-mobile=\"NW_listA_M|1750177238\" data-base=\"NW_listA|1750177238\"\/>&#13;<br \/>\n    <\/a>&#13;<\/p>\n<p> Portrait de Rita de Laur\u00e8ne Marx, du 20 au 30 juin, au TNS coproducteur. \u00a0 Photo N\u00e9h\u00e9mie Lemal <\/p>\n<p>La future saison s\u2019ouvre avec Valentina  \u00e0 l\u2019affiche du 16\u00a0septembre au 3\u00a0octobre. Sur les 19 spectacles propos\u00e9s, on compte sept cr\u00e9ations, dont celles de Hatice \u00d6zer autour de la figure de la c\u00e9l\u00e8bre chanteuse \u00e9gyptienne Oum Khaltoum, de l\u2019artiste et acteur-compositeur Maxence Vandevelde et de Marcus Lindeen. Ces spectacles seront pr\u00e9sent\u00e9s dans le festival Les Galas, avec la participation des habitants de Strasbourg et des environs. On retrouve pareillement le TNS Comedy Club, \u00ab\u00a0Envisager la nuit\u00a0\u00bb.<\/p>\n<p>  Dix coproductions &amp; les spectacles des \u00e9l\u00e8ves<\/p>\n<p>Dix spectacles seront coproduits par le TNS dont la prochaine cr\u00e9ation d\u2019Ang\u00e9lica Liddell autour de la figure de Yukio Mishima (premi\u00e8re fran\u00e7aise) et celle du com\u00e9dien et r\u00e9alisateur Oc\u00e9an, L\u2019Infiltr\u00e9.<\/p>\n<p>    &#13;<br \/>\n    &#13;<br \/>\n    &#13;<br \/>\n    <a href=\"https:\/\/cdn-s-www.dna.fr\/images\/fb8a5a04-3445-46ee-bf3f-254d810ede3f\/NW_raw\/dernier-volet-de-la-releve-d-aurelie-charon-d-amelie-bonnin-avec-le-collectif-radio-livre-reuni-es-chez-sihame-a-voir-au-tns-du-7-au-15-janvier-2026-photo-dr-1750177238.jpg\" title=\"Dernier volet de La Rel\u00e8ve  d\u2019Aur\u00e9lie Charon, d\u2019Am\u00e9lie Bonnin avec le collectif Radio Livre, R\u00e9uni.es , Chez Sihame: \u00e0 voir au TNS, du 7 au 15 janvier 2026. \u00a0 Photo Dr\" class=\"chocolat-image GA-tracking\" data-ga_type=\"click\" data-ga_category=\"D\u00e9tail\" data-ga_action=\"zoomer\" data-ga_label=\"aggrandir image\" rel=\"nofollow noopener\" target=\"_blank\">&#13;<br \/>\n        <img src=\"https:\/\/www.europesays.com\/fr\/wp-content\/uploads\/2025\/06\/dernier-volet-de-la-releve-d-aurelie-charon-d-amelie-bonnin-avec-le-collectif-radio-livre-reuni-es-c.jpeg\"   alt=\"Dernier volet de La Rel\u00e8ve  d\u2019Aur\u00e9lie Charon, d\u2019Am\u00e9lie Bonnin avec le collectif Radio Livre, R\u00e9uni.es , Chez Sihame: \u00e0 voir au TNS, du 7 au 15 janvier 2026. \u00a0 Photo Dr\" fetchpriority=\"high\" decoding=\"async\" data-mobile=\"NW_listA_M|1750177238\" data-base=\"NW_listA|1750177238\"\/>&#13;<br \/>\n    <\/a>&#13;<\/p>\n<p> Dernier volet de La Rel\u00e8ve  d\u2019Aur\u00e9lie Charon, d\u2019Am\u00e9lie Bonnin avec le collectif Radio Livre, R\u00e9uni.es , Chez Sihame: \u00e0 voir au TNS, du 7 au 15 janvier 2026. \u00a0 Photo Dr <\/p>\n<p>De retour au TNS comme St\u00e9phane Braunschweig\u00a0: Laur\u00e8ne Marx ( Portrait de Rita) , Aur\u00e9lie Charon qui poursuit sa captivante aventure avec le collectif  Radio Live\u00a0  ; ou encore Jo\u00ebl Pommerat qui cl\u00f4t la saison avec  Les Petites Filles modernes,  une exploration des contes.<\/p>\n<p>    &#13;<br \/>\n    &#13;<br \/>\n    &#13;<br \/>\n    <a href=\"https:\/\/cdn-s-www.dna.fr\/images\/e85f1453-c566-42c3-a249-fb8305dff315\/NW_raw\/le-groupe-48-de-l-ecole-du-tns-a-cree-une-ville-avec-la-metteure-en-scene-noemie-ksicova-a-revoir-au-tns-du-20-au-26-novembre-photo-jean-louis-fernandez-1750177238.jpg\" title=\"Le Groupe 48 de l\u2019\u00e9cole du TNS a cr\u00e9\u00e9 Une ville avec la metteure en sc\u00e8ne, No\u00ebmie Ksicova. A revoir au TNS, du 20 au 26 novembre. \u00a0 Photo Jean-Louis Fernandez\" class=\"chocolat-image GA-tracking\" data-ga_type=\"click\" data-ga_category=\"D\u00e9tail\" data-ga_action=\"zoomer\" data-ga_label=\"aggrandir image\" rel=\"nofollow noopener\" target=\"_blank\">&#13;<br \/>\n        <img src=\"https:\/\/www.europesays.com\/fr\/wp-content\/uploads\/2025\/06\/le-groupe-48-de-l-ecole-du-tns-a-cree-une-ville-avec-la-metteure-en-scene-noemie-ksicova-a-revoir-au.jpeg\"   alt=\"Le Groupe 48 de l\u2019\u00e9cole du TNS a cr\u00e9\u00e9 Une ville avec la metteure en sc\u00e8ne, No\u00ebmie Ksicova. A revoir au TNS, du 20 au 26 novembre. \u00a0 Photo Jean-Louis Fernandez\" fetchpriority=\"high\" decoding=\"async\" data-mobile=\"NW_listA_M|1750177238\" data-base=\"NW_listA|1750177238\"\/>&#13;<br \/>\n    <\/a>&#13;<\/p>\n<p> Le Groupe 48 de l\u2019\u00e9cole du TNS a cr\u00e9\u00e9 Une ville avec la metteure en sc\u00e8ne, No\u00ebmie Ksicova. A revoir au TNS, du 20 au 26 novembre. \u00a0 Photo Jean-Louis Fernandez <\/p>\n<p>Cr\u00e9\u00e9 derni\u00e8rement, <a href=\"https:\/\/www.dna.fr\/culture-loisirs\/2025\/06\/03\/au-tns-une-ville-le-projet-de-fin-d-etudes-du-groupe-48-entre-chaos-et-menace-totalitaire\" target=\"_blank\" rel=\"nofollow noopener\">La Ville, <\/a><a href=\"https:\/\/www.dna.fr\/culture-loisirs\/2025\/06\/03\/au-tns-une-ville-le-projet-de-fin-d-etudes-du-groupe-48-entre-chaos-et-menace-totalitaire\" target=\"_blank\" rel=\"nofollow noopener\">le spectacle du Groupe 48 de l\u2019\u00e9cole du TNS mis en sc\u00e8ne par No\u00ebmie Ksicova,<\/a> est reprogramm\u00e9 du 20 au 26\/11. Ce sont les \u00e9l\u00e8ves metteurs en sc\u00e8ne \u00c9l\u00e9onore Barrault et Juan Besc\u00f3s qui vont diriger leurs camarades du Groupe 49 pour leur spectacle de sortie. Une premi\u00e8re.<\/p>\n<p class=\"note\">Pr\u00e9sentation de la saison 2025\/26, par Caroline Guiela Nguyen ce 20\u00a0juin \u00e0 20\u00a0h, salle Kolt\u00e8s du TNS. Speed dating avec les artistes de la saison, le 21\u00a0juin de 10\u00a0h \u00e0 13\u00a0h au 7e\u00a0 Ciel du TNS, place de la R\u00e9publique. F\u00eate de la musique au TNS avec performances musicales de 15\u00a0h \u00e0 20\u00a0h au 7e\u00a0 Ciel et concert de la 48e Chambre du Groupe 48 avec la rappeuse Casey \u00e0 22\u00a0h en salle Kolt\u00e8s. www.tns.fr<\/p>\n<p class=\"note\">Sur notre site, une s\u00e9lection de spectacle \u00e0 voir en 2025\/26<\/p>\n","protected":false},"excerpt":{"rendered":"Du surtitrage de sept spectacles dans dix langues parl\u00e9es \u00e0 Strasbourg\u00a0: entre l\u2019alsacien et l\u2019h\u00e9breu en passant par&hellip;\n","protected":false},"author":2,"featured_media":183785,"comment_status":"","ping_status":"","sticky":false,"template":"","format":"standard","meta":{"footnotes":""},"categories":[2820],"tags":[1111,11,2389,1687,2880,1777,674,107,1011,27,775,12,25,3140,640,2879],"class_list":{"0":"post-183784","1":"post","2":"type-post","3":"status-publish","4":"format-standard","5":"has-post-thumbnail","7":"category-strasbourg","8":"tag-actu","9":"tag-actualites","10":"tag-alsace","11":"tag-culture-loisirs","12":"tag-edition-strasbourg","13":"tag-eu","14":"tag-europe","15":"tag-fil-info","16":"tag-fr","17":"tag-france","18":"tag-grand-est","19":"tag-news","20":"tag-republique-francaise","21":"tag-spectacle","22":"tag-strasbourg","23":"tag-strasbourg-ville"},"share_on_mastodon":{"url":"https:\/\/pubeurope.com\/@fr\/114699707797382519","error":""},"_links":{"self":[{"href":"https:\/\/www.europesays.com\/fr\/wp-json\/wp\/v2\/posts\/183784","targetHints":{"allow":["GET"]}}],"collection":[{"href":"https:\/\/www.europesays.com\/fr\/wp-json\/wp\/v2\/posts"}],"about":[{"href":"https:\/\/www.europesays.com\/fr\/wp-json\/wp\/v2\/types\/post"}],"author":[{"embeddable":true,"href":"https:\/\/www.europesays.com\/fr\/wp-json\/wp\/v2\/users\/2"}],"replies":[{"embeddable":true,"href":"https:\/\/www.europesays.com\/fr\/wp-json\/wp\/v2\/comments?post=183784"}],"version-history":[{"count":0,"href":"https:\/\/www.europesays.com\/fr\/wp-json\/wp\/v2\/posts\/183784\/revisions"}],"wp:featuredmedia":[{"embeddable":true,"href":"https:\/\/www.europesays.com\/fr\/wp-json\/wp\/v2\/media\/183785"}],"wp:attachment":[{"href":"https:\/\/www.europesays.com\/fr\/wp-json\/wp\/v2\/media?parent=183784"}],"wp:term":[{"taxonomy":"category","embeddable":true,"href":"https:\/\/www.europesays.com\/fr\/wp-json\/wp\/v2\/categories?post=183784"},{"taxonomy":"post_tag","embeddable":true,"href":"https:\/\/www.europesays.com\/fr\/wp-json\/wp\/v2\/tags?post=183784"}],"curies":[{"name":"wp","href":"https:\/\/api.w.org\/{rel}","templated":true}]}}