{"id":183788,"date":"2025-06-17T16:44:09","date_gmt":"2025-06-17T16:44:09","guid":{"rendered":"https:\/\/www.europesays.com\/fr\/183788\/"},"modified":"2025-06-17T16:44:09","modified_gmt":"2025-06-17T16:44:09","slug":"nice-face-au-tourisme-de-masse-christian-estrosi-pense-a-de-nouvelles-interdictions","status":"publish","type":"post","link":"https:\/\/www.europesays.com\/fr\/183788\/","title":{"rendered":"Nice. Face au tourisme de masse, Christian Estrosi pense \u00e0 de nouvelles interdictions"},"content":{"rendered":"<p>            Par<br \/>\n        <strong><br \/>\n            <a href=\"https:\/\/actu.fr\/auteur\/ugo-maillard\" title=\"Consulter tous les articles de Ugo Maillard\" rel=\"nofollow noopener\" target=\"_blank\">Ugo Maillard<\/a><br \/>\n        <\/strong><\/p>\n<p>        Publi\u00e9 le<\/p>\n<p>            17 juin 2025 \u00e0 18h30        <\/p>\n<p>Aucune mesure concr\u00e8te n\u2019a \u00e9t\u00e9 annonc\u00e9e, mais si ces id\u00e9es sont port\u00e9es \u00e0 leur terme, le visage de la C\u00f4te d\u2019Azur pourrait \u00eatre totalement modifi\u00e9. Christian Estrosi, le maire de <a href=\"https:\/\/actu.fr\/nice\/\" rel=\"nofollow noopener\" target=\"_blank\">Nice<\/a>, a list\u00e9 plusieurs options sur la table pour<strong> limiter l\u2019impact du surtourisme<\/strong> dans sa ville et plus globalement sur le territoire des <a href=\"https:\/\/actu.fr\/provence-alpes-cote-d-azur\/alpes-maritimes_06\" rel=\"nofollow noopener\" target=\"_blank\">Alpes-Maritimes<\/a>. Interrog\u00e9 par nos confr\u00e8res de <a href=\"https:\/\/www.nicematin.com\/faits-de-societe\/interdire-les-bus-de-tour-operateurs-limiter-le-parc-hotelier-a-nice-ces-mesures-anti-sur-tourisme-qui-tentent-le-maire-990202?t=1750154197\" rel=\"nofollow noopener\" target=\"_blank\">Nice-Matin<\/a>, l\u2019\u00e9dile prend des positions tranch\u00e9es quant au devenir de la ville.<\/p>\n<p class=\" wall-content\">Voici ce qui pourrait \u00eatre mis en place dans les prochaines ann\u00e9es.<\/p>\n<p>Interdire les cars de tour-op\u00e9rateurs<\/p>\n<p class=\" wall-content\">Dans une ville comme Nice, la population double durant la p\u00e9riode estivale. Un attrait pour la qualit\u00e9 de vie, le climat et les prestations touristiques qui entre parfois en confrontation avec les <strong>probl\u00e9matiques des habitants<\/strong>.<\/p>\n<p class=\" wall-content\">Conscient des inqui\u00e9tudes soulev\u00e9es par ses administr\u00e9s, Christian Estrosi a d\u00e9voil\u00e9 dans les colonnes de nos confr\u00e8res plancher sur plusieurs options. \u00ab\u2009Nous travaillons \u00e0 l\u2019\u00e9laboration d\u2019un arr\u00eat\u00e9 pour interdire au plus vite l\u2019entr\u00e9e dans Nice aux cars de tour-op\u00e9rateurs\u2009: ils stationneront en p\u00e9riph\u00e9rie et ses passagers prendront les transports en commun\u2009\u00bb, annonce le maire \u00e0 Nice-Matin.<\/p>\n<blockquote class=\"ac-article-quote wall-content\">\n<p>Le surtourisme, je n\u2019en veux plus. Pas question de devenir Florence ou Rome!<\/p>\n<p>    <strong>Christian Estrosi<\/strong><br \/>\n        Maire de Nice    <\/p><\/blockquote>\n<p class=\" wall-content\">\u00ab\u2009Je suis tr\u00e8s sollicit\u00e9 pour du foncier en vue de nouveaux investissements h\u00f4teliers\u2009: je n\u2019y suis pas forc\u00e9ment favorable\u2009\u00bb, a \u00e9galement expliqu\u00e9 le maire de Nice.<\/p>\n<p>Des mesures d\u00e9j\u00e0 lanc\u00e9es<\/p>\n<p class=\" wall-content\">Cette volont\u00e9 de lutter contre le surtourisme a notamment \u00e9t\u00e9 au c\u0153ur des d\u00e9bats en ce d\u00e9but d\u2019ann\u00e9e 2025. En janvier, Christian Estrosi l\u00e2chait une bombe et indiquait vouloir <a href=\"https:\/\/actu.fr\/provence-alpes-cote-d-azur\/nice_06088\/nice-contre-les-bateaux-de-croisiere-christian-estrosi-prend-une-decision-radicale_62144948.html\" rel=\"nofollow noopener\" target=\"_blank\">interdire les bateaux de croisi\u00e8re<\/a> sur le littoral de la M\u00e9tropole de Nice.<\/p>\n<p class=\" wall-content\">Face aux<strong> inqui\u00e9tudes <\/strong>des commer\u00e7ants et du secteur maritime local, la d\u00e9cision a \u00e9t\u00e9 prise de <a href=\"https:\/\/actu.fr\/provence-alpes-cote-d-azur\/nice_06088\/nice-christian-estrosi-recule-sur-l-interdiction-des-bateaux-de-croisiere-ce-que-ca-change_62321209.html\" rel=\"nofollow noopener\" target=\"_blank\">revenir sur certaines annonces<\/a> pour finalement\u2009:<\/p>\n<ul class=\" wall-content\">\n<li>limiter \u00e0 65 escales\u00a0de croisi\u00e8res par an,<\/li>\n<li>ne jamais accueillir\u00a0plus d\u2019un bateau\u00a0de croisi\u00e8re par jour,<\/li>\n<li>restreindre syst\u00e9matiquement le nombre maximum de passagers\u00a0\u00e0 2\u2009500<\/li>\n<\/ul>\n<p>Une lutte contre Airbnb<\/p>\n<p class=\" wall-content\">Hormis les consid\u00e9rations environnementales, le surtourisme g\u00e9n\u00e8re des difficult\u00e9s pour se loger, que ce soit avec la baisse du nombre de biens sur le march\u00e9 et sur l\u2019augmentation des prix de l\u2019immobilier.<\/p>\n<p class=\" wall-content\">En avril\u00a02025, Christian Estrosi a annonc\u00e9 <a href=\"https:\/\/actu.fr\/provence-alpes-cote-d-azur\/nice_06088\/nice-christian-estrosi-cible-airbnb-de-nouvelles-mesure-chocs-annoncees_62482501.html\" rel=\"nofollow noopener\" target=\"_blank\">l\u2019instauration de nouvelles mesures<\/a> pour s\u2019attaquer \u00e0 <strong>l\u2019omnipr\u00e9sence d\u2019Airbnb<\/strong> dans la ville de Nice.<\/p>\n<blockquote class=\"ac-article-quote wall-content\">\n<p>Nous avons une probl\u00e9matique \u00e9vidente de logements. On pr\u00e9f\u00e8re loger les Ni\u00e7ois et leurs enfants plut\u00f4t que de devenir une destination baln\u00e9aire. La ville ne doit pas \u00eatre occup\u00e9e pendant six mois par an par des touristes.<\/p>\n<p>    <strong>Christian Estrosi<\/strong>\n            <\/p><\/blockquote>\n<p class=\" wall-content\">Parmi les mesures phares, on peut retenir la limitation \u00e0 90\u00a0jours par an la dur\u00e9e de location touristique d\u2019une r\u00e9sidence principale ou encore la <a href=\"https:\/\/actu.fr\/provence-alpes-cote-d-azur\/nice_06088\/nice-des-quotas-de-locations-airbnb-dans-ces-quartiers-ce-que-l-on-sait_62497377.html\" rel=\"nofollow noopener\" target=\"_blank\">mise en place de quotas<\/a> dans les quartiers les plus tendus.<\/p>\n<p class=\" wall-content\">Suivez toute l\u2019actualit\u00e9 de vos villes et m\u00e9dias favoris en vous inscrivant \u00e0 <a href=\"https:\/\/moncompte.actu.fr\" title=\"D\u00e9couvez Mon Actu\" rel=\"nofollow noopener\" data-trk=\"{&quot;cta&quot;:{&quot;action&quot;:&quot;https:\\\/\\\/moncompte.actu.fr&quot;,&quot;category&quot;:&quot;mon compte&quot;,&quot;from&quot;:&quot;article footer&quot;,&quot;name&quot;:&quot;Mon actu&quot;,&quot;type&quot;:&quot;cta&quot;}}\" target=\"_blank\">Mon Actu<\/a>.<\/p>\n<ul class=\"ac-article-tag wall-content\">\n<li><a href=\"https:\/\/actu.fr\/tag\/christian-estrosi\" data-trk=\"{&quot;cta&quot;:{&quot;action&quot;:&quot;Christian Estrosi&quot;,&quot;category&quot;:&quot;tag&quot;,&quot;from&quot;:&quot;article footer&quot;,&quot;name&quot;:&quot;Christian Estrosi&quot;,&quot;type&quot;:&quot;cta&quot;}}\" rel=\"nofollow noopener\" target=\"_blank\">#Christian Estrosi<\/a><\/li>\n<li><a href=\"https:\/\/actu.fr\/tag\/tourisme\" data-trk=\"{&quot;cta&quot;:{&quot;action&quot;:&quot;Tourisme&quot;,&quot;category&quot;:&quot;tag&quot;,&quot;from&quot;:&quot;article footer&quot;,&quot;name&quot;:&quot;Tourisme&quot;,&quot;type&quot;:&quot;cta&quot;}}\" rel=\"nofollow noopener\" target=\"_blank\">#Tourisme<\/a><\/li>\n<\/ul>\n","protected":false},"excerpt":{"rendered":"Par Ugo Maillard Publi\u00e9 le 17 juin 2025 \u00e0 18h30 Aucune mesure concr\u00e8te n\u2019a \u00e9t\u00e9 annonc\u00e9e, mais si&hellip;\n","protected":false},"author":2,"featured_media":17574,"comment_status":"","ping_status":"","sticky":false,"template":"","format":"standard","meta":{"footnotes":""},"categories":[2819],"tags":[1111,11,2397,1777,674,1011,27,12,2401,882,25,104,602],"class_list":{"0":"post-183788","1":"post","2":"type-post","3":"status-publish","4":"format-standard","5":"has-post-thumbnail","7":"category-nice","8":"tag-actu","9":"tag-actualites","10":"tag-christian-estrosi","11":"tag-eu","12":"tag-europe","13":"tag-fr","14":"tag-france","15":"tag-news","16":"tag-nice","17":"tag-provence-alpes-cote-dazur","18":"tag-republique-francaise","19":"tag-societe","20":"tag-tourisme"},"share_on_mastodon":{"url":"https:\/\/pubeurope.com\/@fr\/114699715506451556","error":""},"_links":{"self":[{"href":"https:\/\/www.europesays.com\/fr\/wp-json\/wp\/v2\/posts\/183788","targetHints":{"allow":["GET"]}}],"collection":[{"href":"https:\/\/www.europesays.com\/fr\/wp-json\/wp\/v2\/posts"}],"about":[{"href":"https:\/\/www.europesays.com\/fr\/wp-json\/wp\/v2\/types\/post"}],"author":[{"embeddable":true,"href":"https:\/\/www.europesays.com\/fr\/wp-json\/wp\/v2\/users\/2"}],"replies":[{"embeddable":true,"href":"https:\/\/www.europesays.com\/fr\/wp-json\/wp\/v2\/comments?post=183788"}],"version-history":[{"count":0,"href":"https:\/\/www.europesays.com\/fr\/wp-json\/wp\/v2\/posts\/183788\/revisions"}],"wp:featuredmedia":[{"embeddable":true,"href":"https:\/\/www.europesays.com\/fr\/wp-json\/wp\/v2\/media\/17574"}],"wp:attachment":[{"href":"https:\/\/www.europesays.com\/fr\/wp-json\/wp\/v2\/media?parent=183788"}],"wp:term":[{"taxonomy":"category","embeddable":true,"href":"https:\/\/www.europesays.com\/fr\/wp-json\/wp\/v2\/categories?post=183788"},{"taxonomy":"post_tag","embeddable":true,"href":"https:\/\/www.europesays.com\/fr\/wp-json\/wp\/v2\/tags?post=183788"}],"curies":[{"name":"wp","href":"https:\/\/api.w.org\/{rel}","templated":true}]}}