{"id":183789,"date":"2025-06-17T16:45:18","date_gmt":"2025-06-17T16:45:18","guid":{"rendered":"https:\/\/www.europesays.com\/fr\/183789\/"},"modified":"2025-06-17T16:45:18","modified_gmt":"2025-06-17T16:45:18","slug":"un-quinquagenaire-interpelle-pour-exhibition-et-agression-sexuelle-au-marche-de-nantes","status":"publish","type":"post","link":"https:\/\/www.europesays.com\/fr\/183789\/","title":{"rendered":"Un quinquag\u00e9naire interpell\u00e9 pour exhibition et agression sexuelle au march\u00e9 de Nantes"},"content":{"rendered":"<p>Un homme de 53\u00a0ans a \u00e9t\u00e9 interpell\u00e9 samedi 14\u00a0juin 2025 \u00e0 Nantes (<a target=\"_self\" href=\"https:\/\/www.lanouvellerepublique.fr\/loire-atlantique\" rel=\"noopener\">Loire-Atlantique<\/a>). Comme le relate <a target=\"_blank\" href=\"https:\/\/www.lefigaro.fr\/nantes\/nantes-un-frotteur-multirecidiviste-arrete-dans-un-marche-du-centre-ville-20250616\" rel=\"noopener\">Le Figaro<\/a>, il a \u00e9t\u00e9 arr\u00eat\u00e9 par la police municipale en flagrant d\u00e9lit d\u2019exhibition et d\u2019agression sexuelle dans un march\u00e9 du centre-ville. L\u2019homme, sans domicile fixe, est soup\u00e7onn\u00e9 d\u2019avoir agress\u00e9 sexuellement une jeune vendeuse \u00e2g\u00e9e de 20\u00a0ans.<\/p>\n<p>Les faits se sont d\u00e9roul\u00e9s aux alentours de 9\u00a0h\u00a030. \u00ab\u00a0J\u2019\u00e9tais en train de pr\u00e9parer les \u00e9tals, il est pass\u00e9 derri\u00e8re moi et s\u2019est frott\u00e9. Je n\u2019avais jamais v\u00e9cu une chose pareille\u00a0\u00bb, raconte-t-elle \u00e0 nos confr\u00e8res de <a target=\"_blank\" href=\"https:\/\/www.ouest-france.fr\/faits-divers\/violence-sexuelle\/jetais-tetanisee-un-homme-interpelle-pour-exhibition-et-agression-sexuelle-au-marche-talensac-842fb01e-49e2-11f0-9d37-5ecd6f11d520\" rel=\"noopener\">Presse-Oc\u00e9an<\/a>. La jeune femme est all\u00e9e porter plainte accompagn\u00e9e de son chef.<\/p>\n<p>\u00ab\u00a0J\u2019\u00e9tais t\u00e9tanis\u00e9e\u00a0\u00bb<\/p>\n<p>Trois autres femmes ont port\u00e9 plainte par la suite, d\u2019apr\u00e8s la police. Elles accusent le quinquag\u00e9naire d\u2019exhibition sexuelle, de propos sexistes et d\u2019une <a target=\"_self\" href=\"https:\/\/www.lanouvellerepublique.fr\/blois\/il-fait-des-baisers-a-une-patiente-un-kinesitherapeute-condamne-pour-agression-sexuelle-en-loir-et-cher-1748789162\" rel=\"noopener\">agression sexuelle<\/a>. L\u2019une d\u2019entre elles, \u00e2g\u00e9e de 19\u00a0ans, affirme qu\u2019il l\u2019a abord\u00e9e \u00e0 sept reprises. \u00ab\u00a0Il m\u2019a suivie dans le frigo et a ferm\u00e9 la porte, j\u2019\u00e9tais t\u00e9tanis\u00e9e\u00a0\u00bb, confie-t-elle.<\/p>\n<p>Le quinquag\u00e9naire \u00e9tait dans un \u00e9tat d\u2019\u00e9bri\u00e9t\u00e9 avanc\u00e9 lorsqu\u2019il a \u00e9t\u00e9 interpell\u00e9 samedi. Selon le quotidien, il s\u2019agit d\u2019un multir\u00e9cidiviste puisqu\u2019il est \u00ab\u00a0tr\u00e8s bien connu\u00a0\u00bb de la justice pour de pr\u00e9c\u00e9dentes affaires \u00e0 caract\u00e8re sexuel.<\/p>\n","protected":false},"excerpt":{"rendered":"Un homme de 53\u00a0ans a \u00e9t\u00e9 interpell\u00e9 samedi 14\u00a0juin 2025 \u00e0 Nantes (Loire-Atlantique). Comme le relate Le Figaro,&hellip;\n","protected":false},"author":2,"featured_media":183790,"comment_status":"","ping_status":"","sticky":false,"template":"","format":"standard","meta":{"footnotes":""},"categories":[2818],"tags":[1111,11,1674,1777,674,274,1011,27,3047,766,12,2636,25,797],"class_list":{"0":"post-183789","1":"post","2":"type-post","3":"status-publish","4":"format-standard","5":"has-post-thumbnail","7":"category-nantes","8":"tag-actu","9":"tag-actualites","10":"tag-communes","11":"tag-eu","12":"tag-europe","13":"tag-faits-divers-justice","14":"tag-fr","15":"tag-france","16":"tag-loire-atlantique","17":"tag-nantes","18":"tag-news","19":"tag-pays-de-la-loire","20":"tag-republique-francaise","21":"tag-violences-faites-aux-femmes"},"share_on_mastodon":{"url":"https:\/\/pubeurope.com\/@fr\/114699719655465808","error":""},"_links":{"self":[{"href":"https:\/\/www.europesays.com\/fr\/wp-json\/wp\/v2\/posts\/183789","targetHints":{"allow":["GET"]}}],"collection":[{"href":"https:\/\/www.europesays.com\/fr\/wp-json\/wp\/v2\/posts"}],"about":[{"href":"https:\/\/www.europesays.com\/fr\/wp-json\/wp\/v2\/types\/post"}],"author":[{"embeddable":true,"href":"https:\/\/www.europesays.com\/fr\/wp-json\/wp\/v2\/users\/2"}],"replies":[{"embeddable":true,"href":"https:\/\/www.europesays.com\/fr\/wp-json\/wp\/v2\/comments?post=183789"}],"version-history":[{"count":0,"href":"https:\/\/www.europesays.com\/fr\/wp-json\/wp\/v2\/posts\/183789\/revisions"}],"wp:featuredmedia":[{"embeddable":true,"href":"https:\/\/www.europesays.com\/fr\/wp-json\/wp\/v2\/media\/183790"}],"wp:attachment":[{"href":"https:\/\/www.europesays.com\/fr\/wp-json\/wp\/v2\/media?parent=183789"}],"wp:term":[{"taxonomy":"category","embeddable":true,"href":"https:\/\/www.europesays.com\/fr\/wp-json\/wp\/v2\/categories?post=183789"},{"taxonomy":"post_tag","embeddable":true,"href":"https:\/\/www.europesays.com\/fr\/wp-json\/wp\/v2\/tags?post=183789"}],"curies":[{"name":"wp","href":"https:\/\/api.w.org\/{rel}","templated":true}]}}