{"id":183791,"date":"2025-06-17T16:46:25","date_gmt":"2025-06-17T16:46:25","guid":{"rendered":"https:\/\/www.europesays.com\/fr\/183791\/"},"modified":"2025-06-17T16:46:25","modified_gmt":"2025-06-17T16:46:25","slug":"faut-il-sattendre-a-une-canicule-pour-la-fin-de-semaine","status":"publish","type":"post","link":"https:\/\/www.europesays.com\/fr\/183791\/","title":{"rendered":"faut-il s&rsquo;attendre \u00e0 une canicule pour la fin de semaine\u00a0?"},"content":{"rendered":"<p>            Par<br \/>\n        <strong><br \/>\n            <a href=\"https:\/\/actu.fr\/auteur\/laure-gentil\" title=\"Consulter tous les articles de Laure Gentil\" rel=\"nofollow noopener\" target=\"_blank\">Laure Gentil<\/a><br \/>\n        <\/strong><\/p>\n<p>        Publi\u00e9 le<\/p>\n<p>            17 juin 2025 \u00e0 17h23        <\/p>\n<p>La<a href=\"https:\/\/actu.fr\/meteo\/tres-fortes-chaleurs-jusqu-a-36-c-et-risque-de-canicule-cette-semaine-jour-par-jour-ce-qui-nous-attend-en-france_62777356.html\" rel=\"nofollow noopener\" target=\"_blank\"> chaleur va devenir \u00e9touffante en France<\/a> \u00e0 partir de ce mercredi 18\u00a0juin 2025. Le thermom\u00e8tre devrait d\u00e9passer les 30\u00a0\u00b0C et le<strong> risque de canicule<\/strong> semble de plus en plus pr\u00e9sent.<\/p>\n<p class=\" wall-content\">Mercredi, \u00ab\u2009l\u2019anticyclone sera positionn\u00e9 sur les \u00celes Britanniques, et un l\u00e9ger flux de nord-est continental se mettra en place sur la France. Puis, <strong>\u00e0 partir du vendredi 20\u00a0juin<\/strong>, et durant le week-end du samedi\u00a021 et dimanche 22\u00a0juin, nous basculerons dans un flux de sud qui sera encore plus chaud\u2009\u00bb, a indiqu\u00e9 \u00e0<a href=\"https:\/\/actu.fr\/meteo\/tres-fortes-chaleurs-jusqu-a-36-c-et-risque-de-canicule-cette-semaine-jour-par-jour-ce-qui-nous-attend-en-france_62777356.html\" rel=\"nofollow noopener\" target=\"_blank\"> actu.fr<\/a>, Yann Amice, m\u00e9t\u00e9orologue.<\/p>\n<p class=\" wall-content\">Mais quelles sont les <strong>pr\u00e9visions<\/strong> pour Nantes\u2009?<\/p>\n<p>Jusqu\u2019\u00e0 39\u00a0\u00b0C samedi<\/p>\n<p class=\" wall-content\">Les temp\u00e9ratures vont progressivement grimper <strong>\u00e0 partir de mercredi<\/strong>. Mais peut-on parler de canicule\u2009? Pour rappel, on parle de canicule lorsque les <strong>temp\u00e9ratures<\/strong> sont anormalement<strong> \u00e9lev\u00e9es le jour et la nuit<\/strong>, pendant plusieurs jours. L<a href=\"https:\/\/actu.fr\/meteo\/carte-canicule-en-france-a-partir-de-quelle-temperature-l-alerte-est-declenchee-dans-votre-departement_62779253.html\" rel=\"nofollow noopener\" target=\"_blank\">es seuils d\u2019alerte diff\u00e8rent selon les d\u00e9partements<\/a>.<\/p>\n<p class=\" wall-content\">En Loire-Atlantique, l\u2019alerte est donn\u00e9e\u00a0<strong>lorsqu\u2019il fait plus de 34\u00a0\u00b0C le jour et 20\u00a0\u00b0C la nuit<\/strong>.<\/p>\n<p>Vid\u00e9os : en ce moment sur Actu<\/p>\n<p class=\" wall-content\">\u00c0 Nantes, il est pr\u00e9vu 32\u00a0\u00b0C dans l\u2019apr\u00e8s-midi de mercredi, 33\u00a0\u00b0C jeudi et vendredi et jusqu\u2019\u00e0 39\u00a0\u00b0C samedi selon <a href=\"https:\/\/meteofrance.com\/previsions-meteo-france\/nantes\/44000\" rel=\"nofollow noopener\" target=\"_blank\">M\u00e9t\u00e9o France<\/a>. La journ\u00e9e de dimanche sera elle aussi chaude avec 36\u00a0\u00b0C dans l\u2019apr\u00e8s-midi. Et cela, accompagn\u00e9 par un grand soleil.<\/p>\n<p class=\" wall-content\">Les temp\u00e9ratures ne baisseront pas en dessous de la barre des 20\u00a0\u00b0C<strong> durant la nuit<\/strong>, cette semaine. Les <strong>pr\u00e9visions<\/strong> de <a href=\"https:\/\/www.meteo-nantes.net\/previsions\" rel=\"nofollow noopener\" target=\"_blank\">m\u00e9t\u00e9o-nantes.net<\/a> sont globalement similaires.<\/p>\n<p class=\" wall-content\">\n<p class=\" wall-content\">Selon Guillaume S\u00e9chet, une vigilance est probable \u00ab\u2009ces prochains jours\u2009\u00bb. Cette chaleur pourrait durer jusqu\u2019\u00e0 lundi et m\u00eame jusqu\u2019\u00e0 mardi. \u00ab\u2009Il y a une incertitude sur la dur\u00e9e\u2009\u00bb, explique-t-il.<\/p>\n<p>Un rappel de 2022\u2009?<\/p>\n<p class=\" wall-content\">Ce ph\u00e9nom\u00e8ne vient du Sahara. \u00ab\u2009On n\u2019est pas si loin\u2009\u00bb, rappelle Guillaume S\u00e9chet. \u00ab\u2009Ce four de chaleur tournante\u2009\u00bb conna\u00eet des temp\u00e9ratures plus \u00e9lev\u00e9es que d\u2019habitude. \u00ab\u2009Le centre de l\u2019anticyclone va se d\u00e9caler vers la mer du Nord, ce qui va cr\u00e9er un appel d\u2019air chaud.\u2009\u00bb<\/p>\n<blockquote class=\"ac-article-quote wall-content\">\n<p>C&rsquo;est tr\u00e8s t\u00f4t dans la saison (la chaleur, N.D.L.R).<\/p>\n<p>    <strong>Guillaume S\u00e9chet<\/strong><br \/>\n        M\u00e9t\u00e9orologue    <\/p><\/blockquote>\n<p class=\" wall-content\">La France a d\u00e9j\u00e0 connu des \u00e9v\u00e9nements de fortes chaleurs en juin. En 2022, l\u2019Hexagone connaissait \u00ab\u2009sa canicule la plus pr\u00e9coce jamais observ\u00e9e\u2009\u00bb, indique le m\u00e9t\u00e9orologue Guillaume S\u00e9chet. <strong>\u00c0 Nantes, il avait fait 39,1\u00a0\u00b0C le 18\u00a0juin.<\/strong><\/p>\n<p class=\" wall-content\">Suivez toute l\u2019actualit\u00e9 de vos villes et m\u00e9dias favoris en vous inscrivant \u00e0 <a href=\"https:\/\/moncompte.actu.fr\" title=\"D\u00e9couvez Mon Actu\" rel=\"nofollow noopener\" data-trk=\"{&quot;cta&quot;:{&quot;action&quot;:&quot;https:\\\/\\\/moncompte.actu.fr&quot;,&quot;category&quot;:&quot;mon compte&quot;,&quot;from&quot;:&quot;article footer&quot;,&quot;name&quot;:&quot;Mon actu&quot;,&quot;type&quot;:&quot;cta&quot;}}\" target=\"_blank\">Mon Actu<\/a>.<\/p>\n","protected":false},"excerpt":{"rendered":"Par Laure Gentil Publi\u00e9 le 17 juin 2025 \u00e0 17h23 La chaleur va devenir \u00e9touffante en France \u00e0&hellip;\n","protected":false},"author":2,"featured_media":183792,"comment_status":"","ping_status":"","sticky":false,"template":"","format":"standard","meta":{"footnotes":""},"categories":[2818],"tags":[1111,11,6698,1777,674,1011,27,2487,2357,766,12,2636,25,15637],"class_list":{"0":"post-183791","1":"post","2":"type-post","3":"status-publish","4":"format-standard","5":"has-post-thumbnail","7":"category-nantes","8":"tag-actu","9":"tag-actualites","10":"tag-canicule","11":"tag-eu","12":"tag-europe","13":"tag-fr","14":"tag-france","15":"tag-meteo","16":"tag-meteo-france","17":"tag-nantes","18":"tag-news","19":"tag-pays-de-la-loire","20":"tag-republique-francaise","21":"tag-vague-de-chaleur"},"share_on_mastodon":{"url":"https:\/\/pubeurope.com\/@fr\/114699723372525550","error":""},"_links":{"self":[{"href":"https:\/\/www.europesays.com\/fr\/wp-json\/wp\/v2\/posts\/183791","targetHints":{"allow":["GET"]}}],"collection":[{"href":"https:\/\/www.europesays.com\/fr\/wp-json\/wp\/v2\/posts"}],"about":[{"href":"https:\/\/www.europesays.com\/fr\/wp-json\/wp\/v2\/types\/post"}],"author":[{"embeddable":true,"href":"https:\/\/www.europesays.com\/fr\/wp-json\/wp\/v2\/users\/2"}],"replies":[{"embeddable":true,"href":"https:\/\/www.europesays.com\/fr\/wp-json\/wp\/v2\/comments?post=183791"}],"version-history":[{"count":0,"href":"https:\/\/www.europesays.com\/fr\/wp-json\/wp\/v2\/posts\/183791\/revisions"}],"wp:featuredmedia":[{"embeddable":true,"href":"https:\/\/www.europesays.com\/fr\/wp-json\/wp\/v2\/media\/183792"}],"wp:attachment":[{"href":"https:\/\/www.europesays.com\/fr\/wp-json\/wp\/v2\/media?parent=183791"}],"wp:term":[{"taxonomy":"category","embeddable":true,"href":"https:\/\/www.europesays.com\/fr\/wp-json\/wp\/v2\/categories?post=183791"},{"taxonomy":"post_tag","embeddable":true,"href":"https:\/\/www.europesays.com\/fr\/wp-json\/wp\/v2\/tags?post=183791"}],"curies":[{"name":"wp","href":"https:\/\/api.w.org\/{rel}","templated":true}]}}