{"id":183793,"date":"2025-06-17T16:47:08","date_gmt":"2025-06-17T16:47:08","guid":{"rendered":"https:\/\/www.europesays.com\/fr\/183793\/"},"modified":"2025-06-17T16:47:08","modified_gmt":"2025-06-17T16:47:08","slug":"sept-militants-dextreme-droite-juges-en-appel-a-bordeaux","status":"publish","type":"post","link":"https:\/\/www.europesays.com\/fr\/183793\/","title":{"rendered":"sept militants d&rsquo;extr\u00eame droite jug\u00e9s en appel \u00e0 Bordeaux"},"content":{"rendered":"<p>            Par<br \/>\n        <strong><br \/>\n            <a href=\"https:\/\/actu.fr\/auteur\/juliette-cardinale\" title=\"Consulter tous les articles de Juliette Cardinale\" rel=\"nofollow noopener\" target=\"_blank\">Juliette Cardinale<\/a><br \/>\n        <\/strong><\/p>\n<p>        Publi\u00e9 le<\/p>\n<p>            17 juin 2025 \u00e0 18h32        <\/p>\n<p>Saluts nazis, cris de singe, coups de poing\u2026 Le quartier Saint-Michel de Bordeaux avait \u00e9t\u00e9 le th\u00e9\u00e2tre de violences la nuit du 24 au 25\u00a0juin 2022. Un an plus tard, <strong>huit militants d\u2019extr\u00eame droite<\/strong> avaient \u00e9t\u00e9 condamn\u00e9s. Sept d\u2019entre eux ont fait appel, ils seront jug\u00e9s ce jeudi 19 et vendredi 20 juin 2025, explique SOS Racisme Gironde. Retour sur l\u2019affaire.<\/p>\n<p>Une nuit de violences<\/p>\n<p class=\" wall-content\">Vers 2\u00a0heures du matin, cette nuit-l\u00e0, le groupe compos\u00e9 d\u2019hommes (en partie cagoul\u00e9s) \u00e2g\u00e9s de 19 \u00e0 38\u00a0ans est accus\u00e9 d\u2019avoir scand\u00e9 des <strong>slogans racistes,<\/strong> provoqu\u00e9 des passants, insult\u00e9 des femmes et <a href=\"https:\/\/actu.fr\/nouvelle-aquitaine\/bordeaux_33063\/un-riverain-agresse-par-des-nationalistes-a-bordeaux-a-saint-michel-je-n-ai-jamais-vu-ca_52053812.html\" rel=\"nofollow noopener\" target=\"_blank\">\u00e9chang\u00e9 des coups avec des habitants du quartier cosmopolite de Bordeaux.<\/a><\/p>\n<p class=\" wall-content\">Des \u00ab\u2009Ils sont o\u00f9 les antifas\u2009?\u2009\u00bb, \u00ab\u2009M\u00e9lenchon, on t\u2019encule\u2009\u00bb, \u00ab\u2009sale pute\u2009\u00bb et <strong>cris de singe<\/strong> avaient notamment pu r\u00e9sonner sur les pav\u00e9s. Des moments film\u00e9s par des riverains et cam\u00e9ras de surveillance de la ville.<\/p>\n<p class=\" wall-content\">Tous les accus\u00e9s \u00e9taient membres ou sympathisants <strong>de Bordeaux nationaliste,<\/strong> un groupuscule d\u2019extr\u00eame droite qui a revendiqu\u00e9 l\u2019action. Le groupe a \u00e9t\u00e9 <a href=\"https:\/\/actu.fr\/nouvelle-aquitaine\/bordeaux_33063\/gerald-darmanin-annonce-la-dissolution-du-groupuscule-bordeaux-nationaliste_57051997.html\" rel=\"nofollow noopener\" target=\"_blank\">dissous en f\u00e9vrier\u00a02023 par G\u00e9rald Darmanin,<\/a> alors ministre de l\u2019Int\u00e9rieur. Bien qu\u2019il soit \u00ab\u2009d\u00e9sormais rebaptis\u00e9 Bastide bordelaise\u2009\u00bb, affirme l\u2019association SOS Racisme Gironde.<\/p>\n<p class=\" wall-content\">\n<p class=\" wall-content\"><a href=\"https:\/\/actu.fr\/nouvelle-aquitaine\/bordeaux_33063\/bordeaux-des-militants-d-ultra-droite-arretes-apres-les-violences-a-saint-michel-en-juin-2022_57632995.html\" rel=\"nofollow noopener\" target=\"_blank\">Interpell\u00e9s le 22\u00a0f\u00e9vrier 2023 apr\u00e8s huit mois d\u2019enqu\u00eate,<\/a> ils \u00e9taient jug\u00e9s un mois plus tard. Lors du proc\u00e8s, le parquet avait d\u00e9nonc\u00e9 <strong>\u00ab\u2009une exp\u00e9dition punitive\u2009\u00bb<\/strong> par des \u00ab\u2009militants politiques de l\u2019ultra-droite\u2009\u00bb. De leur c\u00f4t\u00e9, les accus\u00e9s avaient tous affirm\u00e9 \u00eatre sortis entre amis et ni\u00e9 appartenir au mouvement n\u00e9o-nazi. Interrog\u00e9 sur ses id\u00e9es, l\u2019un des accus\u00e9s avait cependant l\u00e2ch\u00e9\u2009: <a href=\"https:\/\/actu.fr\/nouvelle-aquitaine\/bordeaux_33063\/des-militants-d-ultradroite-juges-a-bordeaux-hitler-a-voulu-defendre-son-pays_58363198.html\" rel=\"nofollow noopener\" target=\"_blank\">\u00ab\u2009Hitler a voulu prot\u00e9ger son pays\u2009\u00bb.<\/a><\/p>\n<p class=\" wall-content\">Le 16\u00a0mai 2023, ils ont \u00e9t\u00e9 \u00ab\u2009condamn\u00e9s pour des <strong>violences volontaires aggrav\u00e9es<\/strong> par trois circonstances\u2009: en r\u00e9union, avec arme, et en raison de l\u2019origine et du genre des victimes\u2009\u00bb, rappelle l\u2019association SOS Racisme.<\/p>\n<p class=\" wall-content\">Six des accus\u00e9s ont \u00e9cop\u00e9 de <strong>deux ans de prison dont un ferme<\/strong> sous bracelet \u00e9lectronique, les deux autres de dix-huit mois dont douze avec sursis. Ils ont \u00e9galement d\u00fb verser plus de 1\u2009000\u00a0euros \u00e0 chaque association port\u00e9e partie civile\u2009: la Ligue des droits de l\u2019Homme, la Licra Bordeaux et Gironde, et SOS Racisme.<\/p>\n<p class=\" wall-content\">Les militants d\u2019extr\u00eame droite ont fait appel et ils seront sept de retour \u00e0 la barre ce jeudi.\u00a0Le seul accus\u00e9 qui avait <strong>pr\u00e9sent\u00e9 des excuses<\/strong> en premi\u00e8re instance n\u2019a pas fait appel de sa condamnation.<\/p>\n<p>Un appel \u00e0 une \u00ab\u2009mobilisation massive et d\u00e9termin\u00e9e\u2009\u00bb<\/p>\n<p class=\" wall-content\">L\u2019association SOS Racisme appelle \u00e0 une \u00ab\u2009mobilisation massive et d\u00e9termin\u00e9e\u2009\u00bb d\u00e8s 8\u00a0heures du matin <strong>devant le tribunal de Bordeaux,<\/strong> place de la R\u00e9publique, jeudi et vendredi lors du proc\u00e8s.<\/p>\n<p class=\" wall-content\">\u00ab\u2009Parce que ces actes<strong> ne doivent pas rester impunis,<\/strong> parce que la rue ne peut \u00eatre laiss\u00e9e \u00e0 la haine, parce que nos quartiers, nos luttes et nos existences valent mieux que la peur et la violence fasciste.\u2009\u00bb<\/p>\n<p class=\" wall-content\">Suivez toute l\u2019actualit\u00e9 de vos villes et m\u00e9dias favoris en vous inscrivant \u00e0 <a href=\"https:\/\/moncompte.actu.fr\" title=\"D\u00e9couvez Mon Actu\" rel=\"nofollow noopener\" data-trk=\"{&quot;cta&quot;:{&quot;action&quot;:&quot;https:\\\/\\\/moncompte.actu.fr&quot;,&quot;category&quot;:&quot;mon compte&quot;,&quot;from&quot;:&quot;article footer&quot;,&quot;name&quot;:&quot;Mon actu&quot;,&quot;type&quot;:&quot;cta&quot;}}\" target=\"_blank\">Mon Actu<\/a>.<\/p>\n","protected":false},"excerpt":{"rendered":"Par Juliette Cardinale Publi\u00e9 le 17 juin 2025 \u00e0 18h32 Saluts nazis, cris de singe, coups de poing\u2026&hellip;\n","protected":false},"author":2,"featured_media":183794,"comment_status":"","ping_status":"","sticky":false,"template":"","format":"standard","meta":{"footnotes":""},"categories":[2817],"tags":[1111,11,1997,1777,674,1076,118,1011,27,303,12,2219,25,7501],"class_list":{"0":"post-183793","1":"post","2":"type-post","3":"status-publish","4":"format-standard","5":"has-post-thumbnail","7":"category-bordeaux","8":"tag-actu","9":"tag-actualites","10":"tag-bordeaux","11":"tag-eu","12":"tag-europe","13":"tag-extreme-droite","14":"tag-faits-divers","15":"tag-fr","16":"tag-france","17":"tag-justice","18":"tag-news","19":"tag-nouvelle-aquitaine","20":"tag-republique-francaise","21":"tag-violences-urbaines"},"share_on_mastodon":{"url":"https:\/\/pubeurope.com\/@fr\/114699727220712072","error":""},"_links":{"self":[{"href":"https:\/\/www.europesays.com\/fr\/wp-json\/wp\/v2\/posts\/183793","targetHints":{"allow":["GET"]}}],"collection":[{"href":"https:\/\/www.europesays.com\/fr\/wp-json\/wp\/v2\/posts"}],"about":[{"href":"https:\/\/www.europesays.com\/fr\/wp-json\/wp\/v2\/types\/post"}],"author":[{"embeddable":true,"href":"https:\/\/www.europesays.com\/fr\/wp-json\/wp\/v2\/users\/2"}],"replies":[{"embeddable":true,"href":"https:\/\/www.europesays.com\/fr\/wp-json\/wp\/v2\/comments?post=183793"}],"version-history":[{"count":0,"href":"https:\/\/www.europesays.com\/fr\/wp-json\/wp\/v2\/posts\/183793\/revisions"}],"wp:featuredmedia":[{"embeddable":true,"href":"https:\/\/www.europesays.com\/fr\/wp-json\/wp\/v2\/media\/183794"}],"wp:attachment":[{"href":"https:\/\/www.europesays.com\/fr\/wp-json\/wp\/v2\/media?parent=183793"}],"wp:term":[{"taxonomy":"category","embeddable":true,"href":"https:\/\/www.europesays.com\/fr\/wp-json\/wp\/v2\/categories?post=183793"},{"taxonomy":"post_tag","embeddable":true,"href":"https:\/\/www.europesays.com\/fr\/wp-json\/wp\/v2\/tags?post=183793"}],"curies":[{"name":"wp","href":"https:\/\/api.w.org\/{rel}","templated":true}]}}