{"id":183801,"date":"2025-06-17T16:51:09","date_gmt":"2025-06-17T16:51:09","guid":{"rendered":"https:\/\/www.europesays.com\/fr\/183801\/"},"modified":"2025-06-17T16:51:09","modified_gmt":"2025-06-17T16:51:09","slug":"la-madeleine-voit-grand-avec-quatre-chanteuses-mythiques-des-annees-2000","status":"publish","type":"post","link":"https:\/\/www.europesays.com\/fr\/183801\/","title":{"rendered":"La Madeleine voit grand avec quatre chanteuses mythiques des ann\u00e9es 2000"},"content":{"rendered":"<p>            Par<br \/>\n        <strong><br \/>\n            <a href=\"https:\/\/actu.fr\/auteur\/margot-nicodeme\" title=\"Consulter tous les articles de Margot Nicod\u00e8me\" rel=\"nofollow noopener\" target=\"_blank\">Margot Nicod\u00e8me<\/a><br \/>\n        <\/strong><\/p>\n<p>        Publi\u00e9 le<\/p>\n<p>            17 juin 2025 \u00e0 18h30        <\/p>\n<p>La liste des prestigieux invit\u00e9s des <b>traditionnels concerts li\u00e9s au 14-Juillet<\/b> se d\u00e9voile peu \u00e0 peu, dans la m\u00e9tropole de <a href=\"https:\/\/actu.fr\/hauts-de-france\/lille_59350\" rel=\"nofollow noopener\" target=\"_blank\">Lille<\/a> et plus largement dans le Nord. <b>Les communes font conna\u00eetre les artistes dont elles ont n\u00e9goci\u00e9 la venue<\/b>, et certains sont <b>plus populaires que jamais<\/b>. <a href=\"https:\/\/actu.fr\/hauts-de-france\/valenciennes_59606\/valenciennes-cet-artiste-aux-millions-dalbums-vendus-sera-en-concert-gratuit-le-14-juillet_62773898.html\" rel=\"nofollow noopener\" target=\"_blank\">\u00c0 Valenciennes<\/a> et \u00e0 <a href=\"https:\/\/actu.fr\/hauts-de-france\/marcq-en-baroeul_59378\" rel=\"nofollow noopener\" target=\"_blank\">Marcq-en-Bar\u0153ul<\/a>, notamment, il s\u2019agit de chanteurs d\u2019envergure. La Ville de <a href=\"https:\/\/actu.fr\/hauts-de-france\/la-madeleine_59368\" rel=\"nofollow noopener\" target=\"_blank\">La Madeleine<\/a> a fait le choix d\u2019une <b>programmation 100% f\u00e9minine<\/b>, qui rassemble plusieurs ic\u00f4nes d\u2019une \u00e9poque : <b>les ann\u00e9es 1990-2000<\/b>.\u00a0<\/p>\n<p>Quatre chanteuses des ann\u00e9es 90 et 2000 vont enflammer La Madeleine pour la f\u00eate nationale<\/p>\n<p class=\" wall-content\">Si vous \u00e9tiez enfant ou adolescent \u00e0 l\u2019aube du 21e si\u00e8cle, vous avez forc\u00e9ment entendu leurs tubes. La place du march\u00e9 accueillera ainsi quatre dr\u00f4les de dames, <b>d\u00e8s 21h le 13 juillet 2025<\/b>. Il y aura ainsi, dans l\u2019ordre,\u00a0<b>Assia<\/b>,<b> \u00c8ve Angeli<\/b>, <b>Indra <\/b>et <b>N\u00e2diya<\/b>. Pour rappel, Assia est connue pour son titre \u00ab\u00a0Elle est \u00e0 toi\u00a0\u00bb, \u00c8ve Angeli pour \u00ab\u00a0Avant de partir\u00a0\u00bb, Indra pour \u00ab\u00a0Misery\u00a0\u00bb et \u00ab\u00a0Sois beau et tais-toi\u00a0\u00bb, et enfin N\u00e2diya pour ses tubes \u00ab\u00a0Et c\u2019est parti\u00a0\u00bb, \u00ab\u00a0Roc\u00a0\u00bb ou encore \u00ab\u00a0Parle-moi\u00a0\u00bb.\u00a0<\/p>\n<p class=\" wall-content\">Nostalgie garantie pendant pr\u00e8s de 2 heures, avant le tr\u00e8s attendu feu d\u2019artifice tir\u00e9 \u00e0 23h, pour cl\u00f4turer la soir\u00e9e. L\u2019acc\u00e8s est bien entendu libre et gratuit, d\u00e8s 20h30, avec <b>le groupe G\u00e9n\u00e9ration 2000 <\/b>en ouverture.<\/p>\n<p class=\" wall-content\">Suivez toute l\u2019actualit\u00e9 de vos villes et m\u00e9dias favoris en vous inscrivant \u00e0 <a href=\"https:\/\/moncompte.actu.fr\" title=\"D\u00e9couvez Mon Actu\" rel=\"nofollow noopener\" data-trk=\"{&quot;cta&quot;:{&quot;action&quot;:&quot;https:\\\/\\\/moncompte.actu.fr&quot;,&quot;category&quot;:&quot;mon compte&quot;,&quot;from&quot;:&quot;article footer&quot;,&quot;name&quot;:&quot;Mon actu&quot;,&quot;type&quot;:&quot;cta&quot;}}\" target=\"_blank\">Mon Actu<\/a>.<\/p>\n","protected":false},"excerpt":{"rendered":"Par Margot Nicod\u00e8me Publi\u00e9 le 17 juin 2025 \u00e0 18h30 La liste des prestigieux invit\u00e9s des traditionnels concerts&hellip;\n","protected":false},"author":2,"featured_media":183802,"comment_status":"","ping_status":"","sticky":false,"template":"","format":"standard","meta":{"footnotes":""},"categories":[2815],"tags":[1111,11,1697,1777,674,1011,27,811,1307,1652,12,25],"class_list":{"0":"post-183801","1":"post","2":"type-post","3":"status-publish","4":"format-standard","5":"has-post-thumbnail","7":"category-lille","8":"tag-actu","9":"tag-actualites","10":"tag-concert","11":"tag-eu","12":"tag-europe","13":"tag-fr","14":"tag-france","15":"tag-hauts-de-france","16":"tag-lille","17":"tag-loisirs-culture","18":"tag-news","19":"tag-republique-francaise"},"share_on_mastodon":{"url":"https:\/\/pubeurope.com\/@fr\/114699743207405462","error":""},"_links":{"self":[{"href":"https:\/\/www.europesays.com\/fr\/wp-json\/wp\/v2\/posts\/183801","targetHints":{"allow":["GET"]}}],"collection":[{"href":"https:\/\/www.europesays.com\/fr\/wp-json\/wp\/v2\/posts"}],"about":[{"href":"https:\/\/www.europesays.com\/fr\/wp-json\/wp\/v2\/types\/post"}],"author":[{"embeddable":true,"href":"https:\/\/www.europesays.com\/fr\/wp-json\/wp\/v2\/users\/2"}],"replies":[{"embeddable":true,"href":"https:\/\/www.europesays.com\/fr\/wp-json\/wp\/v2\/comments?post=183801"}],"version-history":[{"count":0,"href":"https:\/\/www.europesays.com\/fr\/wp-json\/wp\/v2\/posts\/183801\/revisions"}],"wp:featuredmedia":[{"embeddable":true,"href":"https:\/\/www.europesays.com\/fr\/wp-json\/wp\/v2\/media\/183802"}],"wp:attachment":[{"href":"https:\/\/www.europesays.com\/fr\/wp-json\/wp\/v2\/media?parent=183801"}],"wp:term":[{"taxonomy":"category","embeddable":true,"href":"https:\/\/www.europesays.com\/fr\/wp-json\/wp\/v2\/categories?post=183801"},{"taxonomy":"post_tag","embeddable":true,"href":"https:\/\/www.europesays.com\/fr\/wp-json\/wp\/v2\/tags?post=183801"}],"curies":[{"name":"wp","href":"https:\/\/api.w.org\/{rel}","templated":true}]}}