{"id":183803,"date":"2025-06-17T16:52:18","date_gmt":"2025-06-17T16:52:18","guid":{"rendered":"https:\/\/www.europesays.com\/fr\/183803\/"},"modified":"2025-06-17T16:52:18","modified_gmt":"2025-06-17T16:52:18","slug":"lille-amiens-et-guingamp-condamnes-a-verser-une-amende-aux-girondins-de-bordeaux-france-girondins-de-bordeaux","status":"publish","type":"post","link":"https:\/\/www.europesays.com\/fr\/183803\/","title":{"rendered":"Lille, Amiens et Guingamp condamn\u00e9s \u00e0 verser une amende aux Girondins de Bordeaux &#8211; France &#8211; Girondins de Bordeaux"},"content":{"rendered":"<p>Tiens, une bonne nouvelle \u00e0 Bordeaux !<\/p>\n<p><a target=\"_blank\" href=\"https:\/\/www.sofoot.com\/breves\/lille-guingamp-et-amiens-retirent-leurs-plaintes-contre-bordeaux\" rel=\"nofollow noopener\">Ils avaient tent\u00e9 le coup du recours avant de faire machine arri\u00e8re<\/a>, mais la justice ne l\u2019a pas entendu de cette oreille. Ce mardi, la chambre commerciale de la cour d\u2019appel de Bordeaux a inflig\u00e9 <strong>une amende \u00e0 Lille, Amiens et Guingamp : 5 000 euros \u00e0 verser aux Girondins<\/strong> pour couvrir les frais d\u2019un proc\u00e8s finalement avort\u00e9.<\/p>\n<p>Les trois clubs, faisant partie des 400 cr\u00e9anciers de Bordeaux \u00e0 la suite de divers transferts (Junior Onana pour le LOSC, Aliou Badji c\u00f4t\u00e9 Amiens et J\u00e9r\u00e9my Livolant pour Guingamp), <strong>n\u2019avaient pas dig\u00e9r\u00e9 leur place dans le plan de continuation du club au scapulaire, notamment un remboursement de seulement 10 % sur dix ans<\/strong>. Ils avaient contest\u00e9 leur classement dans les priorit\u00e9s de paiement avant de se r\u00e9tracter.<\/p>\n<p>Un passage crucial devant la DNCG<\/p>\n<p>Prochain \u00e9pisode de ce feuilleton administratif : <strong>le 24 juin \u00e0 9 heures, moment crucial pour G\u00e9rard Lopez et son plan de continuation<\/strong>, passage oblig\u00e9 pour \u00e9viter que les Girondins ne d\u00e9posent d\u00e9finitivement les armes. Et deux heures plus tard, c\u2019est la DNCG qui \u00e9coutera ce que la direction bordelaise aura \u00e0 dire.<\/p>\n<p>L\u2019occasion pour <a target=\"_blank\" href=\"https:\/\/www.sofoot.com\/breves\/girondins-de-bordeaux-bixente-lizarazu-cartonne-las-des-as-de-la-finance-gerard-lopez\" rel=\"nofollow noopener\">\u00ab\u202fl\u2019as des as de la finance\u202f\u00bb<\/a> de sauver les meubles.<\/p>\n<p>\t\t\t\t\t\t\t\t\t\t<a class=\"lien-connexe\" href=\"https:\/\/www.sofoot.com\/breves\/ligue-1-angers-sco-menace-par-la-dncg\" rel=\"nofollow noopener\" target=\"_blank\">Angers menac\u00e9 par la DNCG<\/a>\t\t\t\t\t<\/p>\n","protected":false},"excerpt":{"rendered":"Tiens, une bonne nouvelle \u00e0 Bordeaux ! Ils avaient tent\u00e9 le coup du recours avant de faire machine&hellip;\n","protected":false},"author":2,"featured_media":183804,"comment_status":"","ping_status":"","sticky":false,"template":"","format":"standard","meta":{"footnotes":""},"categories":[2815],"tags":[1111,47,11,61,69,65,64,1777,674,63,1011,27,811,68,66,1307,12,62,70,25,67],"class_list":{"0":"post-183803","1":"post","2":"type-post","3":"status-publish","4":"format-standard","5":"has-post-thumbnail","7":"category-lille","8":"tag-actu","9":"tag-actualite","10":"tag-actualites","11":"tag-actus-football","12":"tag-bundesliga","13":"tag-championnats-europeens","14":"tag-equipe-de-france","15":"tag-eu","16":"tag-europe","17":"tag-football","18":"tag-fr","19":"tag-france","20":"tag-hauts-de-france","21":"tag-ligua","22":"tag-ligue-1","23":"tag-lille","24":"tag-news","25":"tag-news-foot","26":"tag-premier-league","27":"tag-republique-francaise","28":"tag-serie-a"},"share_on_mastodon":{"url":"https:\/\/pubeurope.com\/@fr\/114699746955917095","error":""},"_links":{"self":[{"href":"https:\/\/www.europesays.com\/fr\/wp-json\/wp\/v2\/posts\/183803","targetHints":{"allow":["GET"]}}],"collection":[{"href":"https:\/\/www.europesays.com\/fr\/wp-json\/wp\/v2\/posts"}],"about":[{"href":"https:\/\/www.europesays.com\/fr\/wp-json\/wp\/v2\/types\/post"}],"author":[{"embeddable":true,"href":"https:\/\/www.europesays.com\/fr\/wp-json\/wp\/v2\/users\/2"}],"replies":[{"embeddable":true,"href":"https:\/\/www.europesays.com\/fr\/wp-json\/wp\/v2\/comments?post=183803"}],"version-history":[{"count":0,"href":"https:\/\/www.europesays.com\/fr\/wp-json\/wp\/v2\/posts\/183803\/revisions"}],"wp:featuredmedia":[{"embeddable":true,"href":"https:\/\/www.europesays.com\/fr\/wp-json\/wp\/v2\/media\/183804"}],"wp:attachment":[{"href":"https:\/\/www.europesays.com\/fr\/wp-json\/wp\/v2\/media?parent=183803"}],"wp:term":[{"taxonomy":"category","embeddable":true,"href":"https:\/\/www.europesays.com\/fr\/wp-json\/wp\/v2\/categories?post=183803"},{"taxonomy":"post_tag","embeddable":true,"href":"https:\/\/www.europesays.com\/fr\/wp-json\/wp\/v2\/tags?post=183803"}],"curies":[{"name":"wp","href":"https:\/\/api.w.org\/{rel}","templated":true}]}}