{"id":183809,"date":"2025-06-17T16:55:12","date_gmt":"2025-06-17T16:55:12","guid":{"rendered":"https:\/\/www.europesays.com\/fr\/183809\/"},"modified":"2025-06-17T16:55:12","modified_gmt":"2025-06-17T16:55:12","slug":"lyon-a-peine-terminee-la-rue-de-lancienne-prefecture-de-nouveau-eventree","status":"publish","type":"post","link":"https:\/\/www.europesays.com\/fr\/183809\/","title":{"rendered":"Lyon. A peine termin\u00e9e, la rue de l\u2019Ancienne Pr\u00e9fecture de nouveau \u00e9ventr\u00e9e &#8211;"},"content":{"rendered":"<p>\t\t\t\t<img fetchpriority=\"high\" decoding=\"async\" width=\"900\" height=\"647\" src=\"https:\/\/www.europesays.com\/fr\/wp-content\/uploads\/2025\/06\/01-Travaux-rue-ancienne-prefecture-lyon.jpg\" alt=\"\" title=\"01 Travaux rue ancienne pr\u00e9fecture lyon\"   class=\"wp-image-160945\"\/><\/p>\n<p>Les ouvriers ont d\u00e9truit les trottoirs flambant neufs cet apr\u00e8s-midi, au niveau du BIG \u2013 Photos Lyon People <\/p>\n<p><strong>Texte\u00a0: Camille Mass\u00e9 <\/strong>\u2013 Les travaux n\u2019en finissent plus en Presqu\u2019\u00eele\u2026 et certains recommencent\u00a0! L\u2019amateurisme des \u00e9cologistes est sans limite.<\/p>\n<p>Apr\u00e8s<strong> <a style=\"color: #0000ff;\" href=\"https:\/\/www.lyonpeople.com\/actualites-lyon\/lyon-rue-grenette-la-facture-des-travaux-continue-dexploser-2025-06-06.html\" rel=\"nofollow noopener\" target=\"_blank\">la rue Grenette<\/a><\/strong> et la <strong>rue <a style=\"color: #0000ff;\" href=\"https:\/\/www.lyonpeople.com\/actualites-lyon\/lyon-5-mois-apres-son-inauguration-la-rue-emile-zola-est-eventree-2025-05-14.html\" rel=\"nofollow noopener\" target=\"_blank\">\u00c9mile Zola<\/a><\/strong>, situ\u00e9es \u00e0 quelques encablures, c\u2019est au tour de la rue de l\u2019Ancienne Pr\u00e9fecture de subir un nouveau coup du sort en \u00e9tant \u00e0 nouveau \u00e9ventr\u00e9e\u2026 apr\u00e8s avoir tout juste \u00e9t\u00e9 inaugur\u00e9e\u00a0!<\/p>\n<p>Le pr\u00e9sident de la M\u00e9tropole, <strong>Bruno Bernard<\/strong>, r\u00e9joui, l\u2019avait pourtant annonc\u00e9 il y a quatre jours sur X : cette rue \u2013 bien de l\u2019Ancienne Pr\u00e9fecture et non de la Pr\u00e9fecture comme indiqu\u00e9 sur son post -, en travaux depuis des mois, est dor\u00e9navant un \u00ab espace pi\u00e9ton apais\u00e9 et commer\u00e7ant \u00bb.<\/p>\n<p><img loading=\"lazy\" decoding=\"async\" class=\"alignnone size-full wp-image-160944\" src=\"data:image\/svg+xml,%3Csvg%20xmlns=\" http:=\"\" alt=\"\" width=\"900\" height=\"838\" data-lazy- data-lazy- data-lazy-src=\"https:\/\/www.europesays.com\/fr\/wp-content\/uploads\/2025\/06\/Tweet-Bruno-Bernard.png\"\/><\/p>\n<p><strong>Une campagne de travaux pr\u00e9cipit\u00e9e<\/strong><\/p>\n<p><img loading=\"lazy\" decoding=\"async\" class=\" wp-image-160948 alignleft\" src=\"data:image\/svg+xml,%3Csvg%20xmlns=\" http:=\"\" alt=\"\" width=\"256\" height=\"289\" data-lazy-src=\"https:\/\/www.europesays.com\/fr\/wp-content\/uploads\/2025\/06\/Travaux-rue-ancienne-prefecture-Lyon-2.jpg\"\/>Sauf que probl\u00e8me\u2026 Si l\u2019on se prom\u00e8ne aujourd\u2019hui dans la rue, le bilan est plut\u00f4t\u2026 surprenant. Et ni apais\u00e9 ni confortable. Car cet am\u00e9nagement flambant neuf a d\u00e9j\u00e0 \u00e9t\u00e9 d\u00e9truit, notamment <a href=\"https:\/\/www.lyonpeople.com\/actualites-lyon\/saccage-lyon-une-trentaine-de-rues-en-travaux-dans-la-seule-presquile-2025-03-24.html\" rel=\"nofollow noopener\" target=\"_blank\"><strong>devant le bar Le Big, qui a perdu 30% de sa client\u00e8le<\/strong><\/a> tandis que la Ville gaspille \u00e0 nouveau de l\u2019argent public.<\/p>\n<p>Les barri\u00e8res de travaux et les trous ont ainsi fait leur grand retour sur les trottoirs, d\u00e9j\u00e0 \u00e9largis et recouverts d\u2019un nouveau rev\u00eatement. Le tout accompagn\u00e9 du bruit et de la poussi\u00e8re. Ces \u00e9ni\u00e8mes travaux de voirie ne semblent avoir ni queue ni t\u00eate, et surtout, pas de fin.<\/p>\n<p>Depuis le lancement des travaux de fermeture de la Presqu\u2019\u00eele, la situation s\u2019\u00e9ternise, pour le malheur des principaux concern\u00e9s, habitants et professionnels, dont les dol\u00e9ances sont port\u00e9es par le Collectif des D\u00e9fenseurs de Lyon. <a href=\"https:\/\/www.lyonpeople.com\/actualites-lyon\/saccage-lyon-une-trentaine-de-rues-en-travaux-dans-la-seule-presquile-2025-03-24.html\" rel=\"nofollow noopener\" target=\"_blank\"><strong>Plus de trente chantiers<\/strong><\/a> paralysent actuellement le centre ville.<\/p>\n","protected":false},"excerpt":{"rendered":"Les ouvriers ont d\u00e9truit les trottoirs flambant neufs cet apr\u00e8s-midi, au niveau du BIG \u2013 Photos Lyon People&hellip;\n","protected":false},"author":2,"featured_media":183810,"comment_status":"","ping_status":"","sticky":false,"template":"","format":"standard","meta":{"footnotes":""},"categories":[1889],"tags":[4257,1111,11,2430,1777,674,1011,27,2428,12,25,32187],"class_list":{"0":"post-183809","1":"post","2":"type-post","3":"status-publish","4":"format-standard","5":"has-post-thumbnail","7":"category-lyon","8":"tag-0top","9":"tag-actu","10":"tag-actualites","11":"tag-auvergne-rhone-alpes","12":"tag-eu","13":"tag-europe","14":"tag-fr","15":"tag-france","16":"tag-lyon","17":"tag-news","18":"tag-republique-francaise","19":"tag-rue-de-lancienne-prefecture"},"share_on_mastodon":{"url":"https:\/\/pubeurope.com\/@fr\/114699758904409207","error":""},"_links":{"self":[{"href":"https:\/\/www.europesays.com\/fr\/wp-json\/wp\/v2\/posts\/183809","targetHints":{"allow":["GET"]}}],"collection":[{"href":"https:\/\/www.europesays.com\/fr\/wp-json\/wp\/v2\/posts"}],"about":[{"href":"https:\/\/www.europesays.com\/fr\/wp-json\/wp\/v2\/types\/post"}],"author":[{"embeddable":true,"href":"https:\/\/www.europesays.com\/fr\/wp-json\/wp\/v2\/users\/2"}],"replies":[{"embeddable":true,"href":"https:\/\/www.europesays.com\/fr\/wp-json\/wp\/v2\/comments?post=183809"}],"version-history":[{"count":0,"href":"https:\/\/www.europesays.com\/fr\/wp-json\/wp\/v2\/posts\/183809\/revisions"}],"wp:featuredmedia":[{"embeddable":true,"href":"https:\/\/www.europesays.com\/fr\/wp-json\/wp\/v2\/media\/183810"}],"wp:attachment":[{"href":"https:\/\/www.europesays.com\/fr\/wp-json\/wp\/v2\/media?parent=183809"}],"wp:term":[{"taxonomy":"category","embeddable":true,"href":"https:\/\/www.europesays.com\/fr\/wp-json\/wp\/v2\/categories?post=183809"},{"taxonomy":"post_tag","embeddable":true,"href":"https:\/\/www.europesays.com\/fr\/wp-json\/wp\/v2\/tags?post=183809"}],"curies":[{"name":"wp","href":"https:\/\/api.w.org\/{rel}","templated":true}]}}