{"id":183811,"date":"2025-06-17T16:56:09","date_gmt":"2025-06-17T16:56:09","guid":{"rendered":"https:\/\/www.europesays.com\/fr\/183811\/"},"modified":"2025-06-17T16:56:09","modified_gmt":"2025-06-17T16:56:09","slug":"un-pere-se-jette-du-3e-etage-avec-son-fils-on-en-sait-plus-sur-le-drame","status":"publish","type":"post","link":"https:\/\/www.europesays.com\/fr\/183811\/","title":{"rendered":"un p\u00e8re se jette du 3e \u00e9tage avec son fils, on en sait plus sur le drame"},"content":{"rendered":"<p>            Par<br \/>\n        <strong><br \/>\n            <a href=\"https:\/\/actu.fr\/auteur\/nicolas-zaugra\" title=\"Consulter tous les articles de Nicolas Zaugra\" rel=\"nofollow noopener\" target=\"_blank\">Nicolas Zaugra<\/a><br \/>\n        <\/strong><\/p>\n<p>        Publi\u00e9 le<\/p>\n<p>            17 juin 2025 \u00e0 18h49        <\/p>\n<p>Un drame \u00e9pouvantable et tout un quartier sous le choc \u00e0 <a href=\"https:\/\/actu.fr\/auvergne-rhone-alpes\/venissieux_69259\" rel=\"nofollow noopener\" target=\"_blank\">V\u00e9nissieux<\/a>, dans la m\u00e9tropole de <a href=\"https:\/\/actu.fr\/auvergne-rhone-alpes\/lyon_69123\" rel=\"nofollow noopener\" target=\"_blank\">Lyon<\/a> ce dimanche 15 juin. Un homme souffrant de troubles psychiatriques s\u2019est donn\u00e9 la mort en <a href=\"https:\/\/actu.fr\/auvergne-rhone-alpes\/venissieux_69259\/lyon-drame-a-venissieux-un-pere-meurt-apres-s-etre-jete-avec-son-fils-de-10-ans-dans-les-bras_62781772.html\" rel=\"nofollow noopener\" target=\"_blank\">se d\u00e9fenestrant avec son fils de 10 ans<\/a>, qui a surv\u00e9cu et est hospitalis\u00e9 dans un \u00e9tat grave. A l\u2019aube vers 5h du matin, alert\u00e9s par des cris, des voisins ont aper\u00e7u deux corps gisant au pied d\u2019un immeuble du centre ville de V\u00e9nissieux.<\/p>\n<p>Le p\u00e8re d\u00e9c\u00e9d\u00e9 une heure plus tard<\/p>\n<p class=\" wall-content\">Les secours et la police ont retrouv\u00e9 au sol un homme d\u2019une quarantaine d\u2019ann\u00e9es et un enfant, tous deux \u00ab\u00a0dans un \u00e9tat critique\u00a0\u00bb.<\/p>\n<p class=\" wall-content\">L\u2019homme de 41 ans est d\u00e9c\u00e9d\u00e9 une heure plus tard \u00e0 l\u2019h\u00f4pital et l\u2019enfant, identifi\u00e9 comme son fils, a \u00e9t\u00e9 hospitalis\u00e9 dans un \u00e9tat critique, selon la m\u00eame source, qui confirmait une information de <a href=\"https:\/\/www.bfmtv.com\/lyon\/info-bfm-lyon-un-homme-meurt-en-se-defenestrant-avec-son-fils-dans-les-bras-l-enfant-entre-la-vie-et-la-mort_AN-202506160775.html\" rel=\"nofollow noopener\" target=\"_blank\">BFM Lyon<\/a>.<\/p>\n<p>    <a href=\"https:\/\/www.google.com\/maps\/embed?pb=!1m18!1m12!1m3!1d49438.75678649587!2d4.859236402436418!3d45.73522118897936!2m3!1f0!2f0!3f0!3m2!1i1024!2i768!4f13.1!3m3!1m2!1s0x47f4c25cec58306d%3A0xe15f227e4d1ece09!2s69200%20V%C3%A9nissieux!5e0!3m2!1sfr!2sfr!4v1750178712534!5m2!1sfr!2sfr\" title=\"Ouvrie le lien\" rel=\"nofollow noopener\" target=\"_blank\">Cliquez ici pour visualiser le contenu<\/a><\/p>\n<p>Pronostic vital plus engag\u00e9 pour le gar\u00e7on<\/p>\n<p class=\" wall-content\">Mardi, <strong>l\u2019\u00e9tat du gar\u00e7on \u00e9tait stabilis\u00e9 et son pronostic vital n\u2019\u00e9tait plus engag\u00e9<\/strong>. Une enqu\u00eate est en cours pour tentative de meurtre par ascendant sur un enfant.<\/p>\n<blockquote class=\"ac-article-quote wall-content\">\n<p> L&rsquo;enfant souffre de multiples fractures mais son pronostic vital n\u2019est pas engag\u00e9.<\/p>\n<p>    <strong>Le parquet de Lyon \u00e0 actu Lyon<\/strong>\n            <\/p><\/blockquote>\n<p class=\" wall-content\">Au troisi\u00e8me \u00e9tage de l\u2019immeuble, dans l\u2019appartement du p\u00e8re, les enqu\u00eateurs ont d\u00e9couvert le fils a\u00een\u00e9, de 13\u00a0ans, vivant et sain et sauf, mais aussi un dispositif mis en place pour permettre d\u2019enjamber la fen\u00eatre, d\u2019apr\u00e8s la premi\u00e8re source.<\/p>\n<p>Le p\u00e8re suivi pour une maladie psychiatrique depuis une dizaine d\u2019ann\u00e9es<\/p>\n<p class=\" wall-content\">Le p\u00e8re, qui \u00e9tait suivi pour une maladie psychiatrique depuis une dizaine d\u2019ann\u00e9es, et divorc\u00e9, a saut\u00e9, selon la source polici\u00e8re mais on ne sait pas \u00e0 ce stade s\u2019il a pr\u00e9cipit\u00e9 l\u2019enfant avant ou l\u2019a entra\u00een\u00e9 dans sa chute.<\/p>\n<p class=\" wall-content\">Un couteau, qui n\u2019a pas \u00e9t\u00e9 utilis\u00e9 pour blesser quiconque, a \u00e9t\u00e9 retrouv\u00e9 pr\u00e8s de l\u2019homme au bas de l\u2019immeuble.<\/p>\n<blockquote class=\"ac-article-quote wall-content\">\n<p>Une enqu\u00eate p\u00e9nale a \u00e9t\u00e9 imm\u00e9diatement ouverte par le parquet de Lyon du chef de tentative d\u2019homicide sur mineur de 15 ans. Les investigations confi\u00e9es \u00e0 la DIPN (police nationale) se poursuivent pour d\u00e9terminer les raisons et circonstances exactes de ces faits. \u00a0<\/p>\n<p>    <strong>Le parquet de Lyon \u00e0 actu Lyon<\/strong>\n            <\/p><\/blockquote>\n<p class=\" wall-content\"><strong>Avec AFP<\/strong><\/p>\n<p class=\" wall-content\">Suivez toute l\u2019actualit\u00e9 de vos villes et m\u00e9dias favoris en vous inscrivant \u00e0 <a href=\"https:\/\/moncompte.actu.fr\" title=\"D\u00e9couvez Mon Actu\" rel=\"nofollow noopener\" data-trk=\"{&quot;cta&quot;:{&quot;action&quot;:&quot;https:\\\/\\\/moncompte.actu.fr&quot;,&quot;category&quot;:&quot;mon compte&quot;,&quot;from&quot;:&quot;article footer&quot;,&quot;name&quot;:&quot;Mon actu&quot;,&quot;type&quot;:&quot;cta&quot;}}\" target=\"_blank\">Mon Actu<\/a>.<\/p>\n","protected":false},"excerpt":{"rendered":"Par Nicolas Zaugra Publi\u00e9 le 17 juin 2025 \u00e0 18h49 Un drame \u00e9pouvantable et tout un quartier sous&hellip;\n","protected":false},"author":2,"featured_media":183812,"comment_status":"","ping_status":"","sticky":false,"template":"","format":"standard","meta":{"footnotes":""},"categories":[1889],"tags":[1111,11,2430,1777,674,118,1011,27,303,2428,12,1072,25],"class_list":{"0":"post-183811","1":"post","2":"type-post","3":"status-publish","4":"format-standard","5":"has-post-thumbnail","7":"category-lyon","8":"tag-actu","9":"tag-actualites","10":"tag-auvergne-rhone-alpes","11":"tag-eu","12":"tag-europe","13":"tag-faits-divers","14":"tag-fr","15":"tag-france","16":"tag-justice","17":"tag-lyon","18":"tag-news","19":"tag-police","20":"tag-republique-francaise"},"share_on_mastodon":{"url":"https:\/\/pubeurope.com\/@fr\/114699763136318893","error":""},"_links":{"self":[{"href":"https:\/\/www.europesays.com\/fr\/wp-json\/wp\/v2\/posts\/183811","targetHints":{"allow":["GET"]}}],"collection":[{"href":"https:\/\/www.europesays.com\/fr\/wp-json\/wp\/v2\/posts"}],"about":[{"href":"https:\/\/www.europesays.com\/fr\/wp-json\/wp\/v2\/types\/post"}],"author":[{"embeddable":true,"href":"https:\/\/www.europesays.com\/fr\/wp-json\/wp\/v2\/users\/2"}],"replies":[{"embeddable":true,"href":"https:\/\/www.europesays.com\/fr\/wp-json\/wp\/v2\/comments?post=183811"}],"version-history":[{"count":0,"href":"https:\/\/www.europesays.com\/fr\/wp-json\/wp\/v2\/posts\/183811\/revisions"}],"wp:featuredmedia":[{"embeddable":true,"href":"https:\/\/www.europesays.com\/fr\/wp-json\/wp\/v2\/media\/183812"}],"wp:attachment":[{"href":"https:\/\/www.europesays.com\/fr\/wp-json\/wp\/v2\/media?parent=183811"}],"wp:term":[{"taxonomy":"category","embeddable":true,"href":"https:\/\/www.europesays.com\/fr\/wp-json\/wp\/v2\/categories?post=183811"},{"taxonomy":"post_tag","embeddable":true,"href":"https:\/\/www.europesays.com\/fr\/wp-json\/wp\/v2\/tags?post=183811"}],"curies":[{"name":"wp","href":"https:\/\/api.w.org\/{rel}","templated":true}]}}