{"id":18382,"date":"2025-04-11T22:12:09","date_gmt":"2025-04-11T22:12:09","guid":{"rendered":"https:\/\/www.europesays.com\/fr\/18382\/"},"modified":"2025-04-11T22:12:09","modified_gmt":"2025-04-11T22:12:09","slug":"quand-le-hezbollah-achete-en-europe-le-materiel-pour-fabriquer-ses-drones-tueurs","status":"publish","type":"post","link":"https:\/\/www.europesays.com\/fr\/18382\/","title":{"rendered":"Quand le Hezbollah ach\u00e8te en Europe le mat\u00e9riel pour fabriquer ses drones tueurs"},"content":{"rendered":"<p><strong>INFO LE FIGARO &#8211;<\/strong> Le 4\u00a0avril, un suspect a \u00e9t\u00e9 mis en examen par un juge antiterroriste parisien et incarc\u00e9r\u00e9 pour association de malfaiteurs terroriste. Des \u00e9l\u00e9ments de drones \u00e9taient achet\u00e9s en Europe et envoy\u00e9s au Liban.<\/p>\n<p class=\"fig-paragraph\">Associant l\u2019Espagne, la France, l\u2019Allemagne et le Royaume-Uni, le d\u00e9mant\u00e8lement, entre l\u2019\u00e9t\u00e9 2024 et la semaine derni\u00e8re, d\u2019un r\u00e9seau de soutien logistique au\u00a0<a href=\"http:\/\/www.lefigaro.fr\/international\/comment-le-hezbollah-essaie-de-redefinir-sa-place-dans-le-jeu-libanais-20250306\" data-fig-type=\"Article\" data-gtm-custom-categorie=\"navigation\" data-gtm-custom-action=\"crossclick\" data-gtm-custom-label=\"Contextuel\" data-gtm-event=\"customEventSPE\" data-fig-domain=\"LEFIGARO\" target=\"_blank\" rel=\"noopener\">Hezbollah<\/a>\u00a0rev\u00eat une dimension des plus spectaculaires. Plus spectaculaire encore quand on apprend que ce r\u00e9seau s\u2019adonnait \u00e0 l\u2019achat de mat\u00e9riel pour la fabrication de drones et que l\u2019ensemble des \u00e9l\u00e9ments acquis auraient pu permettre la fabrication de plusieurs centaines, peut-\u00eatre jusqu\u2019\u00e0 un millier, d\u2019engins de mort.<\/p>\n<p class=\"fig-paragraph\">Pourtant l\u2019affaire est rest\u00e9e relativement discr\u00e8te, t\u00e9moignant d\u2019une part de la collaboration de plusieurs services de police et de renseignement europ\u00e9ens et d\u2019autre part du caract\u00e8re tr\u00e8s sensible du dossier \u00e0 l\u2019heure o\u00f9 le Proche-Orient est toujours en feu. \u00c0 la diff\u00e9rence de leurs homologues espagnoles mais aussi allemandes et britanniques, les autorit\u00e9s fran\u00e7aises n\u2019ont ainsi pas communiqu\u00e9 sur cette op\u00e9ration. Sans savoir si cela est un signe du fait que, de longue date,\u00a0<a href=\"http:\/\/www.lefigaro.fr\/international\/liban-pourquoi-la-france-refuse-de-considerer-la-branche-politique-du-hezbollah-comme-terroriste-20241003\" data-fig-type=\"Article\" data-gtm-custom-categorie=\"navigation\" data-gtm-custom-action=\"crossclick\" data-gtm-custom-label=\"Contextuel\" data-gtm-event=\"customEventSPE\" data-fig-domain=\"LEFIGARO\" target=\"_blank\" rel=\"noopener\">Paris est partag\u00e9<\/a>\u00a0entre son souci de tenir\u2026<\/p>\n<p class=\"fig-premium-paywall__infos\">\n        Cet article est r\u00e9serv\u00e9 aux abonn\u00e9s.        Il vous reste 90% \u00e0 d\u00e9couvrir.\n    <\/p>\n<p>                <img  data- alt=\"Le Figaro\" class=\"fig-img--complete fig-img\"\/><\/p>\n<p class=\"fig-premium-paywall__title\">Vous avez envie de lire la suite ?<\/p>\n<p class=\"fig-premium-paywall__subtitle\">D\u00e9bloquez tous les articles imm\u00e9diatement.<\/p>\n<p class=\"fig-premium-paywall__connect\">\n                D\u00e9j\u00e0 abonn\u00e9\u00a0?                <a class=\"fig-premium-paywall__connect-link\" href=\"https:\/\/connect.lefigaro.fr\/login?client=horizon_web&amp;type=main&amp;redirect_uri=https%3A%2F%2Fwww.lefigaro.fr%2Factualite-france%2Fquand-le-hezbollah-achete-en-europe-le-materiel-pour-fabriquer-ses-drones-tueurs-20250411\" data-js-gtm=\"{&quot;customCategorie&quot;: &quot;conversion&quot;, &quot;customAction&quot;: &quot;before_Landing_Connexion_paywall_auto&quot;, &quot;customLabel&quot;: &quot;bGVmaWdhcm8uZnJfXzFmMDE2ZDFkLWI2ZDYtNmZhZS1iMjBjLWY3ODFmY2RkZDdiNV9fQXJ0aWNsZQ==_Quand le Hezbollah ach\u00e8te en Europe le mat\u00e9riel pour fabriquer ses drones tueurs_520&quot;, &quot;customIDSPE&quot;: &quot;bGVmaWdhcm8uZnJfXzFmMDE2ZDFkLWI2ZDYtNmZhZS1iMjBjLWY3ODFmY2RkZDdiNV9fQXJ0aWNsZQ==&quot;, &quot;event&quot;: &quot;customEventSPE&quot;}\" target=\"_blank\" rel=\"noopener\"><br \/>\n                    Connectez-vous<br \/>\n                <\/a>\n            <\/p>\n","protected":false},"excerpt":{"rendered":"INFO LE FIGARO &#8211; Le 4\u00a0avril, un suspect a \u00e9t\u00e9 mis en examen par un juge antiterroriste parisien&hellip;\n","protected":false},"author":2,"featured_media":18383,"comment_status":"","ping_status":"","sticky":false,"template":"","format":"standard","meta":{"footnotes":""},"categories":[1586],"tags":[47,1058,1054,1059,1060,1055,11,564,1057,1777,674,118,1011,27,7295,1061,303,12,1062,25,656,104,1056,1254,809],"class_list":{"0":"post-18382","1":"post","2":"type-post","3":"status-publish","4":"format-standard","5":"has-post-thumbnail","7":"category-europe","8":"tag-actualite","9":"tag-actualite-education","10":"tag-actualite-france","11":"tag-actualite-justice","12":"tag-actualite-securite","13":"tag-actualite-societe","14":"tag-actualites","15":"tag-drone","16":"tag-education","17":"tag-eu","18":"tag-europe","19":"tag-faits-divers","20":"tag-fr","21":"tag-france","22":"tag-hezbollah","23":"tag-immigration","24":"tag-justice","25":"tag-news","26":"tag-polemique","27":"tag-republique-francaise","28":"tag-securite","29":"tag-societe","30":"tag-societe-francaise","31":"tag-terrorisme","32":"tag-violence"},"share_on_mastodon":{"url":"https:\/\/pubeurope.com\/@fr\/114321630454490361","error":""},"_links":{"self":[{"href":"https:\/\/www.europesays.com\/fr\/wp-json\/wp\/v2\/posts\/18382","targetHints":{"allow":["GET"]}}],"collection":[{"href":"https:\/\/www.europesays.com\/fr\/wp-json\/wp\/v2\/posts"}],"about":[{"href":"https:\/\/www.europesays.com\/fr\/wp-json\/wp\/v2\/types\/post"}],"author":[{"embeddable":true,"href":"https:\/\/www.europesays.com\/fr\/wp-json\/wp\/v2\/users\/2"}],"replies":[{"embeddable":true,"href":"https:\/\/www.europesays.com\/fr\/wp-json\/wp\/v2\/comments?post=18382"}],"version-history":[{"count":0,"href":"https:\/\/www.europesays.com\/fr\/wp-json\/wp\/v2\/posts\/18382\/revisions"}],"wp:featuredmedia":[{"embeddable":true,"href":"https:\/\/www.europesays.com\/fr\/wp-json\/wp\/v2\/media\/18383"}],"wp:attachment":[{"href":"https:\/\/www.europesays.com\/fr\/wp-json\/wp\/v2\/media?parent=18382"}],"wp:term":[{"taxonomy":"category","embeddable":true,"href":"https:\/\/www.europesays.com\/fr\/wp-json\/wp\/v2\/categories?post=18382"},{"taxonomy":"post_tag","embeddable":true,"href":"https:\/\/www.europesays.com\/fr\/wp-json\/wp\/v2\/tags?post=18382"}],"curies":[{"name":"wp","href":"https:\/\/api.w.org\/{rel}","templated":true}]}}