{"id":183821,"date":"2025-06-17T17:01:08","date_gmt":"2025-06-17T17:01:08","guid":{"rendered":"https:\/\/www.europesays.com\/fr\/183821\/"},"modified":"2025-06-17T17:01:08","modified_gmt":"2025-06-17T17:01:08","slug":"paris-salle-de-sport-marche-alimentaire-a-quoi-pourrait-ressembler-le-nouveau-bhv-marais","status":"publish","type":"post","link":"https:\/\/www.europesays.com\/fr\/183821\/","title":{"rendered":"Paris. Salle de sport, march\u00e9 alimentaire&#8230; \u00c0 quoi pourrait ressembler \u00ab\u00a0le nouveau BHV Marais\u00a0\u00bb"},"content":{"rendered":"<p>            Par<br \/>\n        <strong><br \/>\n            <a href=\"https:\/\/actu.fr\/auteur\/emilie-salabelle\" title=\"Consulter tous les articles de Emilie Salabelle\" target=\"_blank\" rel=\"noopener\">Emilie Salabelle<\/a><br \/>\n        <\/strong><\/p>\n<p>        Publi\u00e9 le<\/p>\n<p>            17 juin 2025 \u00e0 18h59        <\/p>\n<p>La premi\u00e8re \u00e9tape du renouveau annonc\u00e9 ? Dans un communiqu\u00e9 publi\u00e9 ce mardi 17 juin 2025, la Soci\u00e9t\u00e9 des grands magasins (SGM), <a href=\"https:\/\/actu.fr\/ile-de-france\/paris_75056\/paris-les-galeries-lafayette-vendent-l-emblematique-magasin-bhv-marais_57431922.html\" target=\"_blank\" rel=\"noopener\">propri\u00e9taire<\/a> du <a href=\"https:\/\/actu.fr\/tag\/bhv\" target=\"_blank\" rel=\"noopener\">Bazar de l\u2019H\u00f4tel de Ville (<strong>BHV<\/strong>) Marais<\/a> depuis fin 2023, annonce avoir engag\u00e9 avec la Banque des Territoires \u00ab\u00a0des <strong>n\u00e9gociations exclusives<\/strong> en vue de l\u2019acquisition des murs\u00a0\u00bb du mastodonte de la <a href=\"https:\/\/actu.fr\/tag\/rue-de-rivoli\" target=\"_blank\" rel=\"noopener\">rue de Rivoli<\/a> (4e). La c\u00e9l\u00e8bre enseigne, qui a encha\u00een\u00e9 ces derni\u00e8res ann\u00e9es <a href=\"https:\/\/actu.fr\/ile-de-france\/paris_75056\/retards-de-paiement-climat-anxiogene-le-bhv-a-paris-va-t-il-mettre-la-cle-sous-la-porte_61503455.html\" target=\"_blank\" rel=\"noopener\">les difficult\u00e9s financi\u00e8res<\/a>, avait amorc\u00e9 en avril 2025 l\u2019esquisse d\u2019<a href=\"https:\/\/actu.fr\/ile-de-france\/paris_75056\/un-nouveau-modele-pour-le-bhv-comment-le-magasin-veut-faire-revenir-les-clients-rue-de-rivoli-a-paris_62484767.html\" target=\"_blank\" rel=\"noopener\">un nouveau mod\u00e8le<\/a>, par la voix de son directeur Karl-St\u00e9phane Cottendin, contact\u00e9 par <a href=\"https:\/\/actu.fr\/paris\/\" target=\"_blank\" rel=\"noopener\">actu Paris<\/a>. March\u00e9 alimentaire, salle de sport\u2026 On en sait d\u00e9sormais un peu plus sur cette <strong>m\u00e9tamorphose<\/strong> en vue.\u00a0<\/p>\n<p>\u00ab\u00a0R\u00e9pondre aux nouveaux usages urbains\u00a0\u00bb<\/p>\n<p class=\" wall-content\">\u00ab\u00a0Le retour \u00e0 la rentabilit\u00e9 que nous avons d\u00e9j\u00e0 amorc\u00e9 nous donne aujourd\u2019hui la l\u00e9gitimit\u00e9 et les moyens d\u2019inscrire cette ambition dans la dur\u00e9e\u00a0\u00bb, s\u2019est f\u00e9licit\u00e9 Fr\u00e9d\u00e9ric Merlin, pr\u00e9sident de SGM, dans le m\u00eame communiqu\u00e9. Avec ce partenariat, le groupe esp\u00e8re transformer en profondeur l\u2019enseigne parisienne \u00ab\u00a0pour <strong>r\u00e9pondre aux nouveaux usages urbains et modes de consommation<\/strong>\u00ab\u00a0. En clair, le b\u00e2timent iconique, qui doit \u00e9galement \u00eatre r\u00e9habilit\u00e9, veut miser sur une offre commerciale plus centr\u00e9e sur le bien-\u00eatre et l\u2019exp\u00e9rience client.\u00a0<\/p>\n<p class=\" wall-content\">Premi\u00e8re grosse annonce : la cr\u00e9ation d&rsquo;\u00a0\u00bbun <strong>march\u00e9 alimentaire permanent<\/strong> au c\u0153ur du b\u00e2timent\u00a0\u00bb. On y retrouvera les classiques des commerces de bouche : boucherie, poissonnerie, boulangerie, fromagerie, \u00e9picerie, primeur et cave, d\u00e9veloppe SGM. Les artisans, annonce la fonci\u00e8re sp\u00e9cialis\u00e9e dans la revitalisation d\u2019actifs commerciaux de centre-ville, seront tri\u00e9s sur le volet, avec plusieurs Meilleurs ouvriers de France aux commandes. \u00ab\u00a0L\u2019accent sera mis sur les circuits courts, la saisonnalit\u00e9 des produits et la qualit\u00e9 artisanale, dans le respect des traditions culinaires fran\u00e7aises\u00a0\u00bb.<\/p>\n<p class=\" wall-content\">Autre nouveaut\u00e9 : l\u2019arriv\u00e9e d&rsquo;\u00a0\u00bbune <strong>salle de sport nouvelle g\u00e9n\u00e9ration<\/strong>\u00a0\u00bb dans les murs du c\u00e9l\u00e8bre Bazar. Elle sera pens\u00e9e comme \u00ab\u00a0un espace de bien-\u00eatre apaisant\u00a0\u00bb, pr\u00e9cise SGM.\u00a0<\/p>\n<p>Le rayon bricolage pr\u00e9serv\u00e9<\/p>\n<p class=\" wall-content\">La question, d\u00e9sormais, est de savoir quel(s) rayon(s) actuels seront sacrifi\u00e9s pour laisser place \u00e0 cette nouvelle g\u00e9n\u00e9ration de services, alors que l\u2019<a href=\"https:\/\/actu.fr\/ile-de-france\/paris_75056\/c-est-comme-si-on-chassait-les-familles-des-grands-magasins-a-paris-le-rayon-enfant-du-bhv-va-disparaitre_62143100.html\" target=\"_blank\" rel=\"noopener\">\u00e9tage jouets et enfants s\u2019est d\u00e9j\u00e0 vid\u00e9<\/a> de sa substance.<\/p>\n<p>Vid\u00e9os : en ce moment sur Actu<\/p>\n<p class=\" wall-content\">\u00ab\u00a0Que chacun se rassure, l<strong>\u2019esprit du BHV<\/strong>, et notamment son univers du bricolage, <strong>restera intact<\/strong>\u00ab\u00a0, tient \u00e0 clarifier d\u2019embl\u00e9e Fr\u00e9d\u00e9ric Merlin. Outre le bricolage, les d\u00e9partement maison, arts de la table, papeterie et mode seront \u00e9galement pr\u00e9serv\u00e9s. \u00ab\u00a0L\u2019offre sera \u00e9toff\u00e9e, modernis\u00e9e, adapt\u00e9e aux nouveaux usages, pour r\u00e9pondre au plus pr\u00e8s des attentes<br \/>des Parisiens mais aussi des nombreux touristes qui continuent d\u2019incarner l\u2019esprit du lieu o\u00f9 l\u2019on cr\u00e9e, r\u00e9pare et imagine son chez-soi\u00a0\u00bb, promet le sp\u00e9cialiste de l\u2019immobilier commercial.\u00a0<\/p>\n<p class=\" wall-content\">Suivez toute l\u2019actualit\u00e9 de vos villes et m\u00e9dias favoris en vous inscrivant \u00e0 <a href=\"https:\/\/moncompte.actu.fr\" title=\"D\u00e9couvez Mon Actu\" rel=\"nofollow noopener\" data-trk=\"{&quot;cta&quot;:{&quot;action&quot;:&quot;https:\\\/\\\/moncompte.actu.fr&quot;,&quot;category&quot;:&quot;mon compte&quot;,&quot;from&quot;:&quot;article footer&quot;,&quot;name&quot;:&quot;Mon actu&quot;,&quot;type&quot;:&quot;cta&quot;}}\" target=\"_blank\">Mon Actu<\/a>.<\/p>\n","protected":false},"excerpt":{"rendered":"Par Emilie Salabelle Publi\u00e9 le 17 juin 2025 \u00e0 18h59 La premi\u00e8re \u00e9tape du renouveau annonc\u00e9 ? Dans&hellip;\n","protected":false},"author":2,"featured_media":183822,"comment_status":"","ping_status":"","sticky":false,"template":"","format":"standard","meta":{"footnotes":""},"categories":[1888],"tags":[11,4753,215,130,33,1777,674,1011,27,12,626,25],"class_list":{"0":"post-183821","1":"post","2":"type-post","3":"status-publish","4":"format-standard","5":"has-post-thumbnail","7":"category-paris","8":"tag-actualites","9":"tag-bhv","10":"tag-commerce","11":"tag-consommation","12":"tag-economie","13":"tag-eu","14":"tag-europe","15":"tag-fr","16":"tag-france","17":"tag-news","18":"tag-paris","19":"tag-republique-francaise"},"share_on_mastodon":{"url":"https:\/\/pubeurope.com\/@fr\/114699782366905851","error":""},"_links":{"self":[{"href":"https:\/\/www.europesays.com\/fr\/wp-json\/wp\/v2\/posts\/183821","targetHints":{"allow":["GET"]}}],"collection":[{"href":"https:\/\/www.europesays.com\/fr\/wp-json\/wp\/v2\/posts"}],"about":[{"href":"https:\/\/www.europesays.com\/fr\/wp-json\/wp\/v2\/types\/post"}],"author":[{"embeddable":true,"href":"https:\/\/www.europesays.com\/fr\/wp-json\/wp\/v2\/users\/2"}],"replies":[{"embeddable":true,"href":"https:\/\/www.europesays.com\/fr\/wp-json\/wp\/v2\/comments?post=183821"}],"version-history":[{"count":0,"href":"https:\/\/www.europesays.com\/fr\/wp-json\/wp\/v2\/posts\/183821\/revisions"}],"wp:featuredmedia":[{"embeddable":true,"href":"https:\/\/www.europesays.com\/fr\/wp-json\/wp\/v2\/media\/183822"}],"wp:attachment":[{"href":"https:\/\/www.europesays.com\/fr\/wp-json\/wp\/v2\/media?parent=183821"}],"wp:term":[{"taxonomy":"category","embeddable":true,"href":"https:\/\/www.europesays.com\/fr\/wp-json\/wp\/v2\/categories?post=183821"},{"taxonomy":"post_tag","embeddable":true,"href":"https:\/\/www.europesays.com\/fr\/wp-json\/wp\/v2\/tags?post=183821"}],"curies":[{"name":"wp","href":"https:\/\/api.w.org\/{rel}","templated":true}]}}