{"id":183823,"date":"2025-06-17T17:02:19","date_gmt":"2025-06-17T17:02:19","guid":{"rendered":"https:\/\/www.europesays.com\/fr\/183823\/"},"modified":"2025-06-17T17:02:19","modified_gmt":"2025-06-17T17:02:19","slug":"des-zones-sans-scooter-la-nuit-dimmenses-axes-vegetalises-le-programme-demmanuel-gregoire-pour-les-municipales-a-paris","status":"publish","type":"post","link":"https:\/\/www.europesays.com\/fr\/183823\/","title":{"rendered":"Des zones sans scooter la nuit, d\u2019immenses axes v\u00e9g\u00e9talis\u00e9s\u2026 Le programme d\u2019Emmanuel Gr\u00e9goire pour les municipales \u00e0 Paris"},"content":{"rendered":"<p class=\"paragraph text_align_left lp-f-body-02\">\u00ab Apr\u00e8s huit mois de campagne, des dizaines de r\u00e9unions publiques, rendez-vous et auditions avec les militants et acteurs parisiens, nous proposons les bases d\u2019un projet qui doit (d\u00e9finitivement) aboutir \u00e0 l\u2019automne, pr\u00e9sente le d\u00e9put\u00e9. Nous avons ax\u00e9 nos propositions sur le social et l\u2019\u00e9cologie pour mieux vivre \u00e0 Paris. \u00bb Des id\u00e9es et th\u00e9matiques qui, esp\u00e8re-t-il, le distingueront des deux autres candidats \u00e0 la primaire, <a href=\"https:\/\/www.leparisien.fr\/elections\/municipales\/municipales-a-paris-qui-est-marion-waller-bebe-hidalgo-et-candidate-surprise-a-la-primaire-ps-16-03-2025-753LKXNZGZGVJO2LOQKGEEH47E.php\" target=\"_self\" rel=\"nofollow noopener\">Marion Waller<\/a> et <a href=\"https:\/\/www.leparisien.fr\/politique\/remi-feraud\/\" target=\"_self\" rel=\"nofollow noopener\">R\u00e9mi F\u00e9raud<\/a>. On fait le tour de ces 300 id\u00e9es.<\/p>\n","protected":false},"excerpt":{"rendered":"\u00ab Apr\u00e8s huit mois de campagne, des dizaines de r\u00e9unions publiques, rendez-vous et auditions avec les militants et&hellip;\n","protected":false},"author":2,"featured_media":183824,"comment_status":"","ping_status":"","sticky":false,"template":"","format":"standard","meta":{"footnotes":""},"categories":[1888],"tags":[11,5949,1777,674,1011,27,3554,12,626,316,25],"class_list":{"0":"post-183823","1":"post","2":"type-post","3":"status-publish","4":"format-standard","5":"has-post-thumbnail","7":"category-paris","8":"tag-actualites","9":"tag-elections","10":"tag-eu","11":"tag-europe","12":"tag-fr","13":"tag-france","14":"tag-municipales","15":"tag-news","16":"tag-paris","17":"tag-politique","18":"tag-republique-francaise"},"share_on_mastodon":{"url":"https:\/\/pubeurope.com\/@fr\/114699786237974182","error":""},"_links":{"self":[{"href":"https:\/\/www.europesays.com\/fr\/wp-json\/wp\/v2\/posts\/183823","targetHints":{"allow":["GET"]}}],"collection":[{"href":"https:\/\/www.europesays.com\/fr\/wp-json\/wp\/v2\/posts"}],"about":[{"href":"https:\/\/www.europesays.com\/fr\/wp-json\/wp\/v2\/types\/post"}],"author":[{"embeddable":true,"href":"https:\/\/www.europesays.com\/fr\/wp-json\/wp\/v2\/users\/2"}],"replies":[{"embeddable":true,"href":"https:\/\/www.europesays.com\/fr\/wp-json\/wp\/v2\/comments?post=183823"}],"version-history":[{"count":0,"href":"https:\/\/www.europesays.com\/fr\/wp-json\/wp\/v2\/posts\/183823\/revisions"}],"wp:featuredmedia":[{"embeddable":true,"href":"https:\/\/www.europesays.com\/fr\/wp-json\/wp\/v2\/media\/183824"}],"wp:attachment":[{"href":"https:\/\/www.europesays.com\/fr\/wp-json\/wp\/v2\/media?parent=183823"}],"wp:term":[{"taxonomy":"category","embeddable":true,"href":"https:\/\/www.europesays.com\/fr\/wp-json\/wp\/v2\/categories?post=183823"},{"taxonomy":"post_tag","embeddable":true,"href":"https:\/\/www.europesays.com\/fr\/wp-json\/wp\/v2\/tags?post=183823"}],"curies":[{"name":"wp","href":"https:\/\/api.w.org\/{rel}","templated":true}]}}