{"id":183825,"date":"2025-06-17T17:03:13","date_gmt":"2025-06-17T17:03:13","guid":{"rendered":"https:\/\/www.europesays.com\/fr\/183825\/"},"modified":"2025-06-17T17:03:13","modified_gmt":"2025-06-17T17:03:13","slug":"le-royaume-uni-affirme-quau-moins-6-000-soldats-nord-coreens-engages-avec-la-russie-ont-ete-tues","status":"publish","type":"post","link":"https:\/\/www.europesays.com\/fr\/183825\/","title":{"rendered":"le Royaume-Uni affirme qu&rsquo;au moins 6.000 soldats nord-cor\u00e9ens engag\u00e9s avec la Russie ont \u00e9t\u00e9 tu\u00e9s"},"content":{"rendered":"<p class=\"article-p mdl\">Un rapport du minist\u00e8re britannique de la D\u00e9fense affirme que <strong>la Cor\u00e9e du Nord aurait perdu plus de 6 000 homme<\/strong>s lors des op\u00e9rations offensives men\u00e9es contre les troupes de Kiev en Russie.<\/p>\n<p class=\"article-p mdl\">Les pertes repr\u00e9sentent <strong>\u00ab\u00a0plus de la moiti\u00e9 des quelque 11 000 soldats\u00a0initialement d\u00e9ploy\u00e9s \u00e0\u00a0<a class=\"link\" href=\"https:\/\/www.rtl.fr\/actu\/international\/on-se-sent-abandonnes-en-russie-le-desarroi-des-habitants-de-la-ville-de-koursk-que-se-disputent-kiev-et-moscou-7900503298\" target=\"_blank\" rel=\"noopener\">Koursk<\/a>\u00a0\u00e0 l\u2019automne 2024&Prime;<\/strong>, selon\u00a0<a class=\"link\" href=\"https:\/\/x.com\/DefenceHQ\/status\/1934233503824068952\" target=\"_blank\">le document publi\u00e9 le 15 juin<\/a>,\u00a0faisant r\u00e9f\u00e9rence \u00e0 la r\u00e9gion frontali\u00e8re<\/p>\n<p>partiellement occup\u00e9e par Kiev entre ao\u00fbt 2024 et le printemps 2025.<\/p>\n<p class=\"article-p mdl\">Ce taux particuli\u00e8rement \u00e9lev\u00e9 s&rsquo;explique, d&rsquo;apr\u00e8s les services de renseignement britanniques, par <strong>des assauts \u00e0 pied massifs et tr\u00e8s meurtriers<\/strong> sur place.<\/p>\n<p class=\"article-p mdl\">Selon le gouvernement de Londres, plusieurs autres rapports\u00a0accessibles en ligne\u00a0estiment qu\u2019<strong>un faible nombre\u00a0<a class=\"link\" href=\"https:\/\/www.rtl.fr\/actu\/international\/guerre-en-ukraine-la-coree-du-nord-confirme-envoyer-des-troupes-en-russie-poutine-remercie-kim-jong-un-7900498808\" target=\"_blank\" rel=\"noopener\">de troupes suppl\u00e9mentaires<\/a>\u00a0a \u00e9t\u00e9 d\u00e9ploy\u00e9<\/strong> par Pyongyang pour compenser ces pertes.<\/p>\n<p class=\"article-p mdl\">Lors d&rsquo;une visite \u00e0 Pyongyang du secr\u00e9taire du Conseil de s\u00e9curit\u00e9 russe Sergue\u00ef Cho\u00efgou, le dirigeant nord-cor\u00e9en Kim Jong-un a assur\u00e9 que son gouvernement apporterait \u00ab\u00a0<strong>son soutien inconditionnel \u00e0 la position de la Russie <\/strong>et sa politique \u00e9trang\u00e8re sur toutes les questions internationales cruciales, y compris le dossier ukrainien\u00a0\u00bb, dixit le compte rendu publi\u00e9 par l\u2019agence d&rsquo;\u00c9tat KCNA.\u00a0<\/p>\n<p class=\"article-p mdl\">Selon les agences russes, Moscou a annonc\u00e9 mardi que son alli\u00e9 allait envoyer 1.000 sapeurs militaires et 5.000 ouvriers de l&rsquo;arm\u00e9e nord-cor\u00e9enne pour <strong>aider \u00e0 la reconstruction de la r\u00e9gion de Koursk<\/strong>.<\/p>\n<p>    La r\u00e9daction vous recommande<\/p>\n<p class=\"s-newsletter__title\">\n                L\u2019actualit\u00e9 par la r\u00e9daction de RTL dans votre bo\u00eete mail.\n            <\/p>\n<p class=\"s-newsletter__subtitle\">\n                Gr\u00e2ce \u00e0 votre compte RTL abonnez-vous \u00e0 la newsletter RTL info pour suivre toute l&rsquo;actualit\u00e9 au quotidien\n            <\/p>\n<p>\n                                    Lire la suite\n                                <\/p>\n","protected":false},"excerpt":{"rendered":"Un rapport du minist\u00e8re britannique de la D\u00e9fense affirme que la Cor\u00e9e du Nord aurait perdu plus de&hellip;\n","protected":false},"author":2,"featured_media":183826,"comment_status":"","ping_status":"","sticky":false,"template":"","format":"standard","meta":{"footnotes":""},"categories":[1591],"tags":[11,13987,1887,107,1146,131,15404,12,1885,1886,132,220,135],"class_list":{"0":"post-183825","1":"post","2":"type-post","3":"status-publish","4":"format-standard","5":"has-post-thumbnail","7":"category-russie","8":"tag-actualites","9":"tag-coree-du-nord","10":"tag-federation-de-russie","11":"tag-fil-info","12":"tag-guerre","13":"tag-guerre-en-ukraine","14":"tag-kim-jong-un","15":"tag-news","16":"tag-russia","17":"tag-russian-federation","18":"tag-russie","19":"tag-ukraine","20":"tag-vladimir-poutine"},"share_on_mastodon":{"url":"https:\/\/pubeurope.com\/@fr\/114699790244494917","error":""},"_links":{"self":[{"href":"https:\/\/www.europesays.com\/fr\/wp-json\/wp\/v2\/posts\/183825","targetHints":{"allow":["GET"]}}],"collection":[{"href":"https:\/\/www.europesays.com\/fr\/wp-json\/wp\/v2\/posts"}],"about":[{"href":"https:\/\/www.europesays.com\/fr\/wp-json\/wp\/v2\/types\/post"}],"author":[{"embeddable":true,"href":"https:\/\/www.europesays.com\/fr\/wp-json\/wp\/v2\/users\/2"}],"replies":[{"embeddable":true,"href":"https:\/\/www.europesays.com\/fr\/wp-json\/wp\/v2\/comments?post=183825"}],"version-history":[{"count":0,"href":"https:\/\/www.europesays.com\/fr\/wp-json\/wp\/v2\/posts\/183825\/revisions"}],"wp:featuredmedia":[{"embeddable":true,"href":"https:\/\/www.europesays.com\/fr\/wp-json\/wp\/v2\/media\/183826"}],"wp:attachment":[{"href":"https:\/\/www.europesays.com\/fr\/wp-json\/wp\/v2\/media?parent=183825"}],"wp:term":[{"taxonomy":"category","embeddable":true,"href":"https:\/\/www.europesays.com\/fr\/wp-json\/wp\/v2\/categories?post=183825"},{"taxonomy":"post_tag","embeddable":true,"href":"https:\/\/www.europesays.com\/fr\/wp-json\/wp\/v2\/tags?post=183825"}],"curies":[{"name":"wp","href":"https:\/\/api.w.org\/{rel}","templated":true}]}}