{"id":183827,"date":"2025-06-17T17:04:10","date_gmt":"2025-06-17T17:04:10","guid":{"rendered":"https:\/\/www.europesays.com\/fr\/183827\/"},"modified":"2025-06-17T17:04:10","modified_gmt":"2025-06-17T17:04:10","slug":"lukraine-les-photos-et-les-lettres-sur-la-photo-me-regardait-de-katja-petrowskaja","status":"publish","type":"post","link":"https:\/\/www.europesays.com\/fr\/183827\/","title":{"rendered":"L&rsquo;Ukraine, les photos et les lettres \u2013 sur La photo me regardait de Katja Petrowskaja"},"content":{"rendered":"<p>                        L\u2019Ukraine, les photos et les lettres \u2013 sur La photo me regardait de Katja Petrowskaja<\/p>\n<p class=\"byline author vcard\">Par    <a href=\"https:\/\/aoc.media\/auteur\/cecile-dutheildelarochereaoc-media\/\" title=\"Articles par C\u00e9cile Dutheil de la Roch\u00e8re\" class=\"author url fn\" rel=\"author noopener\" target=\"_blank\">C\u00e9cile Dutheil de la Roch\u00e8re<\/a><\/p>\n<p>Qu\u2019est-ce que les mots \u00e9crits font \u00e0 une photographie ? De 2015 \u00e0 2021, l\u2019\u00e9crivaine ukrainienne germanophone Katja Petrowskaja s\u2019est livr\u00e9e \u00e0 l\u2019exercice p\u00e9rilleux du commentaire photographique en temps de guerre. La photo me regardait compile 57 de ses textes initialement publi\u00e9s dans le quotidien allemand FAZ et donne \u00e0 voir une r\u00e9flexion \u00e0 l\u2019\u0153uvre, se construisant d\u2019un clich\u00e9 \u00e0 l\u2019autre.<\/p>\n<p class=\"first-paragraph\">En Allemagne, Katja Petrowskaja est une femme de lettres reconnue, qui affectionne les textes courts, rassembl\u00e9s ensuite en livre. Elle est n\u00e9e \u00e0 Kiev en 1970, et elle a grandi dans une famille de professeurs, en Ukraine, au temps sovi\u00e9tique et f\u00e9roce, quand les livres et les artefacts culturels avaient une exceptionnelle valeur de survie et permettaient d\u2019assouvir le go\u00fbt des autres et du monde. Ses \u00e9tudes l\u2019ont men\u00e9e \u00e0 en Estonie, aux \u00c9tats-Unis et \u00e0 Moscou. Sa vie personnelle l\u2019a men\u00e9e en Allemagne, o\u00f9 elle vit et \u00e9crit depuis 1999.<\/p>\n<p><a href=\"https:\/\/www.theatre-paris-villette.fr\/spectacle\/sentinelles\/\" target=\"_blank\" rel=\"noopener\"><img fetchpriority=\"high\" decoding=\"async\" class=\"wp-image-244699 size-medium\" src=\"https:\/\/www.europesays.com\/fr\/wp-content\/uploads\/2025\/06\/sent_AOC_1-300x250.jpg\" alt=\"\" width=\"300\" height=\"250\"  \/><\/a>publicit\u00e9<\/p>\n<p>En 2015, apr\u00e8s l\u2019invasion de la Crim\u00e9e par la Russie, d\u00e9but de la guerre en Ukraine, la Frankfurter Allgemeine Zeitung lui a propos\u00e9 de choisir une photo et de la commenter, au rythme d\u2019une fois toutes les trois semaines, jusqu\u2019en 2021. Les \u00e9ditions Suhrkamp ont r\u00e9uni textes et images pour les publier en livre en 2022. Les \u00e9ditions Macula viennent de traduire ce br\u00e9viaire visuel que l\u2019on peut lire par morceaux, mais qui gagnent \u00e0 \u00eatre lus en suivi. La continuit\u00e9 fait valoir la r\u00e9flexion, la contemplation, la remont\u00e9e \u00e0 la surface du souvenir, et l\u2019inaper\u00e7u, ou l\u2019invisible, qui se fait jour.<\/p>\n<p>Katja Petrowskaja n\u2019est pas enti\u00e8rement inconnue en France. Il y a dix ans, en 2015, le Seuil a fait traduire et para\u00eetre Peut-\u00eatre Esther, un r\u00e9cit familial dont la fragmentation reproduit celle de l\u2019histoire d\u2019une famille juive traqu\u00e9e, arr\u00eat\u00e9e, d\u00e9port\u00e9e et en grande partie \u00e9limin\u00e9e. H\u00e9las, le livre n\u2019a pas \u00e9t\u00e9 repris dans une \u00e9dition poche. Nous-m\u00eames, nous avions \u00e9t\u00e9 frapp\u00e9e par un t\u00e9moignage de Katja Petrowskaja appel\u00e9 \u00ab\u00a0Mille et un livres\u00a0\u00bb, publi\u00e9 dans un recueil intitul\u00e9 Pourquoi Lire (\u00e9ditions Premier Parall\u00e8le). Le prix et le pouvoir de la lecture y \u00e9taient \u00e0 la fois analys\u00e9s, d\u00e9crits et souvenus en des termes impossibles \u00e0 trouver sous une plume ayant grandi dans un pays libre. \u00ab\u00a0Tout ce qu\u2019on lisait, \u00e0 cette \u00e9poque, passait sans d\u00e9tour dans le sang\u00a0\u00bb \u00e9crivait-elle.<\/p>\n<p>Les images passent-elles aussi imm\u00e9diatement dans le sang ? S\u00fb<\/p>\n<p class=\"author_name\">\n                <a href=\"https:\/\/aoc.media\/auteur\/cecile-dutheildelarochereaoc-media\/\" target=\"_blank\" rel=\"noopener\">C\u00e9cile Dutheil de la Roch\u00e8re<\/a>\n            <\/p>\n<p class=\"author_func\">\n                critique, \u00e9ditrice et traductrice            <\/p>\n","protected":false},"excerpt":{"rendered":"L\u2019Ukraine, les photos et les lettres \u2013 sur La photo me regardait de Katja Petrowskaja Par C\u00e9cile Dutheil&hellip;\n","protected":false},"author":2,"featured_media":183828,"comment_status":"","ping_status":"","sticky":false,"template":"","format":"standard","meta":{"footnotes":""},"categories":[1590],"tags":[11,2502,251,1777,674,1351,1380,12,1756,220],"class_list":{"0":"post-183827","1":"post","2":"type-post","3":"status-publish","4":"format-standard","5":"has-post-thumbnail","7":"category-ukraine","8":"tag-actualites","9":"tag-arts-visuels","10":"tag-culture","11":"tag-eu","12":"tag-europe","13":"tag-litterature","14":"tag-livres","15":"tag-news","16":"tag-photographie","17":"tag-ukraine"},"share_on_mastodon":{"url":"https:\/\/pubeurope.com\/@fr\/114699794241610238","error":""},"_links":{"self":[{"href":"https:\/\/www.europesays.com\/fr\/wp-json\/wp\/v2\/posts\/183827","targetHints":{"allow":["GET"]}}],"collection":[{"href":"https:\/\/www.europesays.com\/fr\/wp-json\/wp\/v2\/posts"}],"about":[{"href":"https:\/\/www.europesays.com\/fr\/wp-json\/wp\/v2\/types\/post"}],"author":[{"embeddable":true,"href":"https:\/\/www.europesays.com\/fr\/wp-json\/wp\/v2\/users\/2"}],"replies":[{"embeddable":true,"href":"https:\/\/www.europesays.com\/fr\/wp-json\/wp\/v2\/comments?post=183827"}],"version-history":[{"count":0,"href":"https:\/\/www.europesays.com\/fr\/wp-json\/wp\/v2\/posts\/183827\/revisions"}],"wp:featuredmedia":[{"embeddable":true,"href":"https:\/\/www.europesays.com\/fr\/wp-json\/wp\/v2\/media\/183828"}],"wp:attachment":[{"href":"https:\/\/www.europesays.com\/fr\/wp-json\/wp\/v2\/media?parent=183827"}],"wp:term":[{"taxonomy":"category","embeddable":true,"href":"https:\/\/www.europesays.com\/fr\/wp-json\/wp\/v2\/categories?post=183827"},{"taxonomy":"post_tag","embeddable":true,"href":"https:\/\/www.europesays.com\/fr\/wp-json\/wp\/v2\/tags?post=183827"}],"curies":[{"name":"wp","href":"https:\/\/api.w.org\/{rel}","templated":true}]}}