{"id":183829,"date":"2025-06-17T17:05:09","date_gmt":"2025-06-17T17:05:09","guid":{"rendered":"https:\/\/www.europesays.com\/fr\/183829\/"},"modified":"2025-06-17T17:05:09","modified_gmt":"2025-06-17T17:05:09","slug":"iran-israel-ukraine-etats-unis-face-a-ce-monde-fou-ne-detournons-pas-le-regard","status":"publish","type":"post","link":"https:\/\/www.europesays.com\/fr\/183829\/","title":{"rendered":"Iran-Isra\u00ebl, Ukraine, Etats-Unis: face \u00e0 ce monde fou, ne d\u00e9tournons pas le regard"},"content":{"rendered":"<p>Le monde est devenu fou. Et semble glisser chaque jour en nous un peu de sa folie, du matin o\u00f9 l\u2019on allume la radio au soir devant le 19h30, sans compter les smartphones f\u00e9brilement consult\u00e9s. En sourdine, cette question: jusqu\u2019o\u00f9 s\u2019\u00e9tendra le chaos du monde? Face aux actualit\u00e9s au Proche-Orient, l\u2019angoisse gagne du terrain. Peut-\u00eatre jusqu\u2019\u00e0 la Maison-Blanche, \u00e0 voir la pr\u00e9cipitation avec laquelle Donald Trump vient de quitter la r\u00e9union du G7 au Canada.<\/p>\n<p>Cette angoisse, c\u2019est d\u2019abord celle des populations qui affrontent une guerre alors qu\u2019elles n\u2019aspiraient \u00e0 rien d\u2019autre qu\u2019\u00e0 vivre en paix, comme vous et moi. Des millions d\u2019Iraniens voient resurgir une guerre internationale sur leur sol, une premi\u00e8re depuis celle contre l\u2019Irak dans les ann\u00e9es 1980. Et ils ne l\u2019ont pas plus choisie qu\u2019ils n\u2019ont choisi leur r\u00e9gime. Les Isra\u00e9liens sont vis\u00e9s par des frappes si violentes que m\u00eame leurs abris les mieux con\u00e7us sont an\u00e9antis. Quant aux Palestiniens, leur peur s\u2019ajoute \u00e0 l\u2019\u00e9c\u0153urement de voir leurs douleurs mises au second plan, alors qu\u2019\u00e0 Gaza, on continue de mourir, chaque jour, sous les bombes et de la faim.<\/p>\n<p>Lire aussi: <a href=\"https:\/\/www.letemps.ch\/articles\/fuir-pour-vivre-teheran-en-proie-a-l-exode\" target=\"_blank\" rel=\"noopener\">Fuir pour vivre: T\u00e9h\u00e9ran en proie \u00e0 l\u2019exode<\/a>  <\/p>\n<p>Un d\u00e9but de XXIe\u00a0si\u00e8cle bouscul\u00e9<\/p>\n<p>Le monde est fou, ce d\u00e9but de XXIe\u00a0si\u00e8cle nous en a d\u00e9j\u00e0 donn\u00e9 la preuve \u00e0 plusieurs reprises. Rappelons qu\u2019il y eut, act\u00e9e par l\u2019OMS le 20\u00a0janvier 2020, la pand\u00e9mie de Covid-19 qui co\u00fbta la vie \u00e0 plus de 7\u00a0millions de personnes. Deux ans plus tard, le 24\u00a0f\u00e9vrier 2022, la guerre fit son retour dans une Europe, qui s\u2019en croyait d\u00e9barrass\u00e9e \u00e0 jamais, \u00e0 travers l\u2019assaut de Vladimir Poutine sur l\u2019Ukraine. Un an et demi apr\u00e8s, le 7\u00a0octobre 2023, le fragile \u00e9quilibre du Proche-Orient volait en \u00e9clats sous l\u2019impact du massacre du Hamas en Isra\u00ebl. S\u2019ensuivit le retour du pr\u00e9sident am\u00e9ricain le plus erratique et brutal de l\u2019histoire des Etats-Unis: Donald Trump. Et comme si tout cela ne suffisait pas, voil\u00e0 que d\u00e9butait, le 13\u00a0juin 2025, une guerre Iran-Isra\u00ebl qui nous menace tous.<\/p>\n<p>Th\u00e9\u00e2tre d\u2019\u00e9v\u00e9nements dont l\u2019ampleur nous d\u00e9passe, ce monde fou qui suscite la peur provoque une tentation: celle de d\u00e9tourner le regard. A quoi bon, apr\u00e8s tout, s\u2019angoisser devant des catastrophes face auxquelles nous sommes d\u2019impuissants spectateurs? Le ciel calme sous lequel nous vivons invite pourtant \u00e0 autre chose qu\u2019\u00e0 l\u2019indiff\u00e9rence. Il nous appelle \u00e0 trouver un espace et un temps pour penser le monde, pour penser au monde. Ce monde qui a besoin de nous. Qui a besoin de notre courage. De notre compassion. De notre compr\u00e9hension. Qui a besoin, en somme, que nous en restions les acteurs.<\/p>\n<p>Lire aussi: <a href=\"https:\/\/www.letemps.ch\/articles\/les-scenarios-possibles-entre-israel-et-l-iran-alors-que-le-conflit-menace-de-se-generaliser\" target=\"_blank\" rel=\"noopener\">Les sc\u00e9narios possibles entre Isra\u00ebl et l\u2019Iran, alors que le conflit menace de se g\u00e9n\u00e9raliser<\/a>  <\/p>\n","protected":false},"excerpt":{"rendered":"Le monde est devenu fou. Et semble glisser chaque jour en nous un peu de sa folie, du&hellip;\n","protected":false},"author":2,"featured_media":183830,"comment_status":"","ping_status":"","sticky":false,"template":"","format":"standard","meta":{"footnotes":""},"categories":[1589],"tags":[11,73,1866,4438,25501,12,220,1864,1865,1863,308],"class_list":{"0":"post-183829","1":"post","2":"type-post","3":"status-publish","4":"format-standard","5":"has-post-thumbnail","7":"category-etats-unis","8":"tag-actualites","9":"tag-etats-unis","10":"tag-etats-unis-damerique","11":"tag-free","12":"tag-le-conflit-israelo-palestinien","13":"tag-news","14":"tag-ukraine","15":"tag-united-states","16":"tag-united-states-of-america","17":"tag-us","18":"tag-usa"},"share_on_mastodon":{"url":"https:\/\/pubeurope.com\/@fr\/114699798019716722","error":""},"_links":{"self":[{"href":"https:\/\/www.europesays.com\/fr\/wp-json\/wp\/v2\/posts\/183829","targetHints":{"allow":["GET"]}}],"collection":[{"href":"https:\/\/www.europesays.com\/fr\/wp-json\/wp\/v2\/posts"}],"about":[{"href":"https:\/\/www.europesays.com\/fr\/wp-json\/wp\/v2\/types\/post"}],"author":[{"embeddable":true,"href":"https:\/\/www.europesays.com\/fr\/wp-json\/wp\/v2\/users\/2"}],"replies":[{"embeddable":true,"href":"https:\/\/www.europesays.com\/fr\/wp-json\/wp\/v2\/comments?post=183829"}],"version-history":[{"count":0,"href":"https:\/\/www.europesays.com\/fr\/wp-json\/wp\/v2\/posts\/183829\/revisions"}],"wp:featuredmedia":[{"embeddable":true,"href":"https:\/\/www.europesays.com\/fr\/wp-json\/wp\/v2\/media\/183830"}],"wp:attachment":[{"href":"https:\/\/www.europesays.com\/fr\/wp-json\/wp\/v2\/media?parent=183829"}],"wp:term":[{"taxonomy":"category","embeddable":true,"href":"https:\/\/www.europesays.com\/fr\/wp-json\/wp\/v2\/categories?post=183829"},{"taxonomy":"post_tag","embeddable":true,"href":"https:\/\/www.europesays.com\/fr\/wp-json\/wp\/v2\/tags?post=183829"}],"curies":[{"name":"wp","href":"https:\/\/api.w.org\/{rel}","templated":true}]}}