{"id":183831,"date":"2025-06-17T17:06:12","date_gmt":"2025-06-17T17:06:12","guid":{"rendered":"https:\/\/www.europesays.com\/fr\/183831\/"},"modified":"2025-06-17T17:06:12","modified_gmt":"2025-06-17T17:06:12","slug":"lentreprise-de-tests-adn-23andme-sanctionnee-au-royaume-uni","status":"publish","type":"post","link":"https:\/\/www.europesays.com\/fr\/183831\/","title":{"rendered":"l&rsquo;entreprise de tests ADN 23andMe sanctionn\u00e9e au Royaume-Uni"},"content":{"rendered":"<p class=\"fig-paragraph\">Le r\u00e9gulateur britannique de la protection des donn\u00e9es (ICO) a inflig\u00e9 mardi une amende de 2,31 millions de livres \u00e0 la soci\u00e9t\u00e9 californienne de\u00a0<a href=\"http:\/\/www.lefigaro.fr\/faits-divers\/etats-unis-une-jeune-femme-realise-un-test-adn-recreatif-la-police-arrete-sa-grand-mere-soupconnee-d-homicide-20241216\" target=\"_blank\" data-fig-type=\"NewsFlash\" rel=\"noopener\" data-gtm-custom-categorie=\"navigation\" data-gtm-custom-action=\"crossclick\" data-gtm-custom-label=\"Contextuel\" data-gtm-event=\"customEventSPE\" data-fig-domain=\"LEFIGARO\">tests ADN<\/a>\u00a023andMe pour des manquements dans la protection des donn\u00e9es de ses utilisateurs, d\u00e9rob\u00e9es en 2023 lors d&rsquo;une cyberattaque. Les informations de 155.592 r\u00e9sidents britanniques (nom, ann\u00e9e de naissance, photos de profil, origine ethnique&#8230;) avaient \u00e9t\u00e9 vol\u00e9es lors de cette attaque, qui avait touch\u00e9 7 millions de clients. Certaines donn\u00e9es avaient ensuite \u00e9t\u00e9 mises en vente sur la plateforme Reddit, rappelle l&rsquo;ICO dans un communiqu\u00e9.<\/p>\n<p class=\"fig-paragraph\">Le r\u00e9gulateur britannique a estim\u00e9, \u00e0 l&rsquo;issue d&rsquo;une enqu\u00eate men\u00e9e avec le Commissaire \u00e0 la protection de la vie priv\u00e9e du Canada, que les syst\u00e8mes de s\u00e9curit\u00e9 de 23andMe \u00e9taient inad\u00e9quats, faute de mesures comme une authentification multifacteurs, des mots de passe s\u00e9curis\u00e9s ou des identifiants non pr\u00e9visibles. Quelque 320.000 Canadiens ont \u00e9t\u00e9 affect\u00e9s par cette cyberattaque, mais le Commissaire \u00e0 la vie priv\u00e9e n&rsquo;a pas le pouvoir d&rsquo;imposer des sanctions.<\/p>\n<p class=\"fig-paragraph\">L&rsquo;entreprise, en faillite et qui annonc\u00e9 en mars le licenciement de 40% de son personnel, va \u00eatre rachet\u00e9e par sa fondatrice Anne Wojcicki pour 305 millions de dollars, alors que le laboratoire am\u00e9ricain Regeneron \u00e9tait initialement pressenti. 23andMe, qui revendique 15 millions de clients, propose pour moins de 200 dollars un test salivaire \u00e0 renvoyer par courrier permettant de d\u00e9terminer ses origines ancestrales ou certains traits g\u00e9n\u00e9tiques li\u00e9s \u00e0 la sant\u00e9.<\/p>\n","protected":false},"excerpt":{"rendered":"Le r\u00e9gulateur britannique de la protection des donn\u00e9es (ICO) a inflig\u00e9 mardi une amende de 2,31 millions de&hellip;\n","protected":false},"author":2,"featured_media":183832,"comment_status":"","ping_status":"","sticky":false,"template":"","format":"standard","meta":{"footnotes":""},"categories":[1588],"tags":[1111,47,11,846,1117,1109,1112,636,654,341,257,1777,674,632,1108,107,1106,1107,1119,1116,1110,1114,500,12,1113,1118,137,473,1853,401,1115,1851,1850,1852],"class_list":{"0":"post-183831","1":"post","2":"type-post","3":"status-publish","4":"format-standard","5":"has-post-thumbnail","7":"category-royaume-uni","8":"tag-actu","9":"tag-actualite","10":"tag-actualites","11":"tag-adn","12":"tag-assurance","13":"tag-breves","14":"tag-depeches","15":"tag-devises","16":"tag-donnees-personnelles","17":"tag-emploi","18":"tag-entreprise","19":"tag-eu","20":"tag-europe","21":"tag-fcp","22":"tag-fil","23":"tag-fil-info","24":"tag-flash","25":"tag-flash-actu","26":"tag-formation","27":"tag-immobilier","28":"tag-informations","29":"tag-infos","30":"tag-medias","31":"tag-news","32":"tag-nouvelles","33":"tag-placement","34":"tag-retraite","35":"tag-royaume-uni","36":"tag-royaume-uni-de-grande-bretagne-et-dirlande-du-nord","37":"tag-sicav","38":"tag-taux","39":"tag-uk","40":"tag-united-kingdom","41":"tag-united-kingdom-of-great-britain-and-northern-ireland"},"share_on_mastodon":{"url":"https:\/\/pubeurope.com\/@fr\/114699801978671857","error":""},"_links":{"self":[{"href":"https:\/\/www.europesays.com\/fr\/wp-json\/wp\/v2\/posts\/183831","targetHints":{"allow":["GET"]}}],"collection":[{"href":"https:\/\/www.europesays.com\/fr\/wp-json\/wp\/v2\/posts"}],"about":[{"href":"https:\/\/www.europesays.com\/fr\/wp-json\/wp\/v2\/types\/post"}],"author":[{"embeddable":true,"href":"https:\/\/www.europesays.com\/fr\/wp-json\/wp\/v2\/users\/2"}],"replies":[{"embeddable":true,"href":"https:\/\/www.europesays.com\/fr\/wp-json\/wp\/v2\/comments?post=183831"}],"version-history":[{"count":0,"href":"https:\/\/www.europesays.com\/fr\/wp-json\/wp\/v2\/posts\/183831\/revisions"}],"wp:featuredmedia":[{"embeddable":true,"href":"https:\/\/www.europesays.com\/fr\/wp-json\/wp\/v2\/media\/183832"}],"wp:attachment":[{"href":"https:\/\/www.europesays.com\/fr\/wp-json\/wp\/v2\/media?parent=183831"}],"wp:term":[{"taxonomy":"category","embeddable":true,"href":"https:\/\/www.europesays.com\/fr\/wp-json\/wp\/v2\/categories?post=183831"},{"taxonomy":"post_tag","embeddable":true,"href":"https:\/\/www.europesays.com\/fr\/wp-json\/wp\/v2\/tags?post=183831"}],"curies":[{"name":"wp","href":"https:\/\/api.w.org\/{rel}","templated":true}]}}