{"id":183833,"date":"2025-06-17T17:07:11","date_gmt":"2025-06-17T17:07:11","guid":{"rendered":"https:\/\/www.europesays.com\/fr\/183833\/"},"modified":"2025-06-17T17:07:11","modified_gmt":"2025-06-17T17:07:11","slug":"bientot-des-trains-a-grande-vitesse-entre-anvers-et-lallemagne-via-liege-et-zaventem-la-deutsche-bahn-a-introduit-une-demande","status":"publish","type":"post","link":"https:\/\/www.europesays.com\/fr\/183833\/","title":{"rendered":"Bient\u00f4t des trains \u00e0 grande vitesse entre Anvers et l&rsquo;Allemagne, via Li\u00e8ge et Zaventem ? La Deutsche Bahn a introduit une demande"},"content":{"rendered":"<p>Cette nouvelle ligne serait assur\u00e9e par des trains ICE de Deutsche Bahn. Il est pr\u00e9vu qu&rsquo;ils circulent deux fois par jour, dans chaque sens, \u00e0 partir du 7 septembre 2026. Les trains en direction de l&rsquo;Allemagne partiraient d&rsquo;Anvers-Central vers 11h00 et 19h00, pour arriver \u00e0 Cologne vers 13h30 et 21h30. Les arr\u00eats \u00e0 Zaventem et Li\u00e8ge-Guillemins sont pr\u00e9vus \u00e0 11h30 et 12h20. Les trains partant de l&rsquo;Allemagne quitteraient Cologne \u00e0 6h30 et 14h30. Ils passeraient par Li\u00e8ge \u00e0 7h40 et 15h40 et par Bruxelles National \u00e0 8h30 et 16h30. L&rsquo;arriv\u00e9e \u00e0 Anvers est pr\u00e9vue \u00e0 9h00 et 17h00.<\/p>\n<p>Concr\u00e8tement, les trains rouleraient sur des lignes \u00e0 grande vitesse entre l&rsquo;Allemagne et Louvain, puis sur la ligne r\u00e9guli\u00e8re entre Louvain et Anvers. Gr\u00e2ce \u00e0 cette nouvelle liaison, des trains \u00e0 grande vitesse feraient halte \u00e0 Bruxelles-National, ce que l&rsquo;exploitant de l&rsquo;a\u00e9roport demande depuis longtemps.\u00a0<\/p>\n<p>Actuellement, huit trains ICE circulent chaque jour dans chaque sens entre l&rsquo;Allemagne (Francfort, Cologne, Aix-la-Chapelle) et la Belgique. Ils s&rsquo;arr\u00eatent aussi \u00e0 Li\u00e8ge, puis se dirigent vers Bruxelles. Les trains \u00e0 grande vitesse Eurostar circulent \u00e9galement entre la Belgique et l&rsquo;Allemagne.<\/p>\n","protected":false},"excerpt":{"rendered":"Cette nouvelle ligne serait assur\u00e9e par des trains ICE de Deutsche Bahn. Il est pr\u00e9vu qu&rsquo;ils circulent deux&hellip;\n","protected":false},"author":2,"featured_media":183834,"comment_status":"","ping_status":"","sticky":false,"template":"","format":"standard","meta":{"footnotes":""},"categories":[1587],"tags":[11,672,1804,1805,1803,1777,674,1801,12,1802],"class_list":{"0":"post-183833","1":"post","2":"type-post","3":"status-publish","4":"format-standard","5":"has-post-thumbnail","7":"category-allemagne","8":"tag-actualites","9":"tag-allemagne","10":"tag-bundesrepublik-deutschland","11":"tag-de","12":"tag-deutschland","13":"tag-eu","14":"tag-europe","15":"tag-germany","16":"tag-news","17":"tag-republique-federale-dallemagne"},"share_on_mastodon":{"url":"https:\/\/pubeurope.com\/@fr\/114699806025111574","error":""},"_links":{"self":[{"href":"https:\/\/www.europesays.com\/fr\/wp-json\/wp\/v2\/posts\/183833","targetHints":{"allow":["GET"]}}],"collection":[{"href":"https:\/\/www.europesays.com\/fr\/wp-json\/wp\/v2\/posts"}],"about":[{"href":"https:\/\/www.europesays.com\/fr\/wp-json\/wp\/v2\/types\/post"}],"author":[{"embeddable":true,"href":"https:\/\/www.europesays.com\/fr\/wp-json\/wp\/v2\/users\/2"}],"replies":[{"embeddable":true,"href":"https:\/\/www.europesays.com\/fr\/wp-json\/wp\/v2\/comments?post=183833"}],"version-history":[{"count":0,"href":"https:\/\/www.europesays.com\/fr\/wp-json\/wp\/v2\/posts\/183833\/revisions"}],"wp:featuredmedia":[{"embeddable":true,"href":"https:\/\/www.europesays.com\/fr\/wp-json\/wp\/v2\/media\/183834"}],"wp:attachment":[{"href":"https:\/\/www.europesays.com\/fr\/wp-json\/wp\/v2\/media?parent=183833"}],"wp:term":[{"taxonomy":"category","embeddable":true,"href":"https:\/\/www.europesays.com\/fr\/wp-json\/wp\/v2\/categories?post=183833"},{"taxonomy":"post_tag","embeddable":true,"href":"https:\/\/www.europesays.com\/fr\/wp-json\/wp\/v2\/tags?post=183833"}],"curies":[{"name":"wp","href":"https:\/\/api.w.org\/{rel}","templated":true}]}}