{"id":183835,"date":"2025-06-17T17:08:12","date_gmt":"2025-06-17T17:08:12","guid":{"rendered":"https:\/\/www.europesays.com\/fr\/183835\/"},"modified":"2025-06-17T17:08:12","modified_gmt":"2025-06-17T17:08:12","slug":"la-commission-presente-son-cinquieme-paquet-omnibus-pour-booster-lindustrie-de-defense-europeenne","status":"publish","type":"post","link":"https:\/\/www.europesays.com\/fr\/183835\/","title":{"rendered":"La Commission pr\u00e9sente son cinqui\u00e8me paquet Omnibus pour booster l&rsquo;industrie de d\u00e9fense europ\u00e9enne"},"content":{"rendered":"<p>\tLa Commission pr\u00e9sente son cinqui\u00e8me paquet Omnibus pour booster l&rsquo;industrie de d\u00e9fense europ\u00e9enne &#8211; Touteleurope.eu<\/p>\n<p>\t\t<img decoding=\"async\" alt=\"fermer\" class=\"close-info\" src=\"https:\/\/www.touteleurope.eu\/wp-content\/themes\/toute_leurope\/assets\/images\/close-picto-blue.svg\"\/><\/p>\n<p>Touteleurope.eu est le site p\u00e9dagogique de r\u00e9f\u00e9rence sur les questions europ\u00e9ennes : <a href=\"https:\/\/www.touteleurope.eu\/qui-sommes-nous\/\" target=\"_blank\" rel=\"noopener\">Qui sommes-nous ?<\/a><\/p>\n<p><img decoding=\"async\" class=\"logo-pdf\" alt=\"Toute L'Europe \u2013 Comprendre l'Europe\" src=\"data:image\/svg+xml,%3Csvg%20xmlns=\" http:=\"\" data-lazy-src=\"https:\/\/www.touteleurope.eu\/wp-content\/themes\/toute_leurope\/assets\/images\/logo-ttl.svg\"\/><\/p>\n","protected":false},"excerpt":{"rendered":"La Commission pr\u00e9sente son cinqui\u00e8me paquet Omnibus pour booster l&rsquo;industrie de d\u00e9fense europ\u00e9enne &#8211; Touteleurope.eu Touteleurope.eu est le&hellip;\n","protected":false},"author":2,"featured_media":183836,"comment_status":"","ping_status":"","sticky":false,"template":"","format":"standard","meta":{"footnotes":""},"categories":[1586],"tags":[11,32188,2196,2608,554,1777,674,2499,1011,27,693,12,25],"class_list":{"0":"post-183835","1":"post","2":"type-post","3":"status-publish","4":"format-standard","5":"has-post-thumbnail","7":"category-europe","8":"tag-actualites","9":"tag-commissaires-europeens","10":"tag-commission-europeenne","11":"tag-commission-von-der-leyen","12":"tag-defense","13":"tag-eu","14":"tag-europe","15":"tag-europe-de-la-defense","16":"tag-fr","17":"tag-france","18":"tag-industrie","19":"tag-news","20":"tag-republique-francaise"},"share_on_mastodon":{"url":"https:\/\/pubeurope.com\/@fr\/114699809866187780","error":""},"_links":{"self":[{"href":"https:\/\/www.europesays.com\/fr\/wp-json\/wp\/v2\/posts\/183835","targetHints":{"allow":["GET"]}}],"collection":[{"href":"https:\/\/www.europesays.com\/fr\/wp-json\/wp\/v2\/posts"}],"about":[{"href":"https:\/\/www.europesays.com\/fr\/wp-json\/wp\/v2\/types\/post"}],"author":[{"embeddable":true,"href":"https:\/\/www.europesays.com\/fr\/wp-json\/wp\/v2\/users\/2"}],"replies":[{"embeddable":true,"href":"https:\/\/www.europesays.com\/fr\/wp-json\/wp\/v2\/comments?post=183835"}],"version-history":[{"count":0,"href":"https:\/\/www.europesays.com\/fr\/wp-json\/wp\/v2\/posts\/183835\/revisions"}],"wp:featuredmedia":[{"embeddable":true,"href":"https:\/\/www.europesays.com\/fr\/wp-json\/wp\/v2\/media\/183836"}],"wp:attachment":[{"href":"https:\/\/www.europesays.com\/fr\/wp-json\/wp\/v2\/media?parent=183835"}],"wp:term":[{"taxonomy":"category","embeddable":true,"href":"https:\/\/www.europesays.com\/fr\/wp-json\/wp\/v2\/categories?post=183835"},{"taxonomy":"post_tag","embeddable":true,"href":"https:\/\/www.europesays.com\/fr\/wp-json\/wp\/v2\/tags?post=183835"}],"curies":[{"name":"wp","href":"https:\/\/api.w.org\/{rel}","templated":true}]}}