{"id":183852,"date":"2025-06-17T17:19:11","date_gmt":"2025-06-17T17:19:11","guid":{"rendered":"https:\/\/www.europesays.com\/fr\/183852\/"},"modified":"2025-06-17T17:19:11","modified_gmt":"2025-06-17T17:19:11","slug":"razgatlioglu-sur-la-motogp-avant-le-test-de-valence","status":"publish","type":"post","link":"https:\/\/www.europesays.com\/fr\/183852\/","title":{"rendered":"Razgatlioglu sur la MotoGP avant le test de Valence ?"},"content":{"rendered":"<p>Maintenant que <a href=\"https:\/\/fr.motorsport.com\/motogp\/news\/toprak-razgatlioglu-pramac-yamaha-2026\/10731324\/\" target=\"_self\" rel=\"noopener\">le transfert de Toprak Razgatlioglu en MotoGP<\/a> est act\u00e9, il reste quelques questions \u00e0 \u00e9claircir, et notamment la date de ses d\u00e9buts. Le championnat WorldSBK dans lequel est engag\u00e9 le pilote turc en qu\u00eate d&rsquo;un troisi\u00e8me titre se termine le 19 octobre, ce qui laisse suffisamment de latitude pour qu&rsquo;il participe au premier test de l&rsquo;intersaison, programm\u00e9 pour le 18 novembre \u00e0 Valence.<\/p>\n<p>Mais le calendrier serait \u00e9galement favorable \u00e0 ce qu&rsquo;il puisse d\u00e9buter avant cette date si son constructeur actuel, BMW, lui en donne l&rsquo;accord. Trois Grands Prix MotoGP auront lieu apr\u00e8s son dernier meeting en Superbike, en Malaisie, au Portugal et \u00e0 Valence, alors pourquoi ne pas imaginer une wild-card pour un pilote aussi attendu et qui va faire face \u00e0 un si gros changement\u00a0?<\/p>\n<p>\u00ab\u00a0Il y a clairement la possibilit\u00e9 qu&rsquo;il fasse le test de Valence, nous le savons d\u00e9j\u00e0. Et nous verrons si c&rsquo;est possible avant cela\u00a0&#8211;\u00a0apr\u00e8s la fin du Superbike, bien s\u00fbr\u00a0\u00bb, indique Paolo Pavesio au site officiel du MotoGP.<\/p>\n<p>Cit\u00e9 par GPOne apr\u00e8s une prise de parole \u00e0 Misano, ce week-end, o\u00f9 il a pu voir son futur pilote r\u00e9aliser le tripl\u00e9,\u00a0le directeur ex\u00e9cutif de Yamaha Motor Racing pr\u00e9cise qu&rsquo;il \u0153uvre en ce sens\u00a0:\u00a0\u00ab\u00a0J&rsquo;en ai parl\u00e9 avec Blusch [Sven Blusch, directeur de BMW Motorrad Motorsport, ndlr] et j&rsquo;en serais tr\u00e8s heureux, d&rsquo;autant que Toprak change de championnat et que ce serait utile pour renforcer les liens entre les deux groupes.\u00a0\u00bb<\/p>\n<p>Lire aussi :<\/p>\n<p>L&rsquo;autre grande question \u00e0 clarifier est celle du line-up de Pramac Racing, le team par le biais duquel <a href=\"https:\/\/fr.motorsport.com\/driver\/toprak-razgatlioglu\/178502\/\" target=\"_blank\" rel=\"noopener\">Toprak Razgatlioglu<\/a> arrivera en MotoGP, \u00ab\u00a0avec le m\u00eame type de soutien\u00a0\u00bb que s&rsquo;il avait int\u00e9gr\u00e9 l&rsquo;\u00e9quipe d&rsquo;usine. On ignore pour le moment \u00e0 qui il sera associ\u00e9 en 2026, mais Paolo Pavesio promet que le choix entre <a href=\"https:\/\/fr.motorsport.com\/driver\/jack-miller\/96423\/\" target=\"_blank\" rel=\"noopener\">Jack Miller<\/a> et <a href=\"https:\/\/fr.motorsport.com\/driver\/miguel-oliveira\/109382\/\" target=\"_blank\" rel=\"noopener\">Miguel Oliveira<\/a> sera fait \u00ab\u00a0avant la pause estivale\u00a0\u00bb.<\/p>\n<p>Le responsable admet une \u00ab\u00a0d\u00e9cision d\u00e9licate\u00a0\u00bb \u00e0 prendre et assure\u00a0:\u00a0\u00ab\u00a0Nous savons que le choix de Toprak aura des cons\u00e9quences pour Yamaha et nous ferons toutes les \u00e9valuations qu&rsquo;il faut pour arriver \u00e0 la meilleure d\u00e9cision.\u00a0\u00bb<\/p>\n<p>L&rsquo;arriv\u00e9e de Razgatlioglu, une op\u00e9ration marketing ?<\/p>\n<p>L&rsquo;annonce tr\u00e8s attendue de ce transfert a en tout cas beaucoup fait parler depuis la semaine derni\u00e8re. L&rsquo;aura du Turc et la port\u00e9e m\u00e9diatique du championnat poussent les plus dubitatifs \u00e0 supposer que cette nouvelle ressemble plus \u00e0 une vaste op\u00e9ration marketing qu&rsquo;\u00e0 un solide projet sportif, mais Paolo Pavesio, \u00e0 la man\u0153uvre sur le sujet, d\u00e9fend son choix.<\/p>\n<p>\u00ab\u00a0Toprak n&rsquo;est pas une op\u00e9ration marketing car c&rsquo;est un pilote talentueux et nous voulons le rendre performant sur la M1. \u00c9videmment, il sera int\u00e9ressant de p\u00e9n\u00e9trer de nouveaux march\u00e9s, comme la Turquie, mais il n&rsquo;y a pas que des questions commerciales\u00a0\u00bb, assure-t-il.<\/p>\n<p>   <img decoding=\"async\" draggable=\"false\" src=\"https:\/\/www.europesays.com\/fr\/wp-content\/uploads\/2025\/06\/paolo-pavesio-yamaha-racing-ma.jpg\" alt=\"Paolo Pavesio et son pr\u00e9d\u00e9cesseur, Lin Jarvis.\" width=\"1200\" height=\"800\" loading=\"lazy\"\/> <\/p>\n<p class=\"title\">Paolo Pavesio et son pr\u00e9d\u00e9cesseur, Lin Jarvis.<\/p>\n<p class=\"photographer\">Photo de: Gold and Goose Photography \/ LAT Images \/ via Getty Images<\/p>\n<p>Rempla\u00e7ant de Lin Jarvis cette ann\u00e9e, Paolo Pavesio conna\u00eet Toprak Razgatlioglu depuis des ann\u00e9es et entretient avec lui un rapport suffisamment amical pour ne pas avoir perdu espoir de le voir arriver en MotoGP. Le pilote avait pourtant eu l&rsquo;opportunit\u00e9 de tester la M1 il y a quelques ann\u00e9es, apr\u00e8s quoi il s&rsquo;\u00e9tait \u00e9loign\u00e9 de Yamaha, allant jusqu&rsquo;\u00e0 remporter un second titre WorldSBK avec une autre marque.<\/p>\n<p>Le sujet n&rsquo;a jamais \u00e9t\u00e9 clos, selon le responsable italien\u00a0:\u00a0\u00ab\u00a0Nous avons maintenu une bonne relation, bien qu&rsquo;il ait d\u00e9cid\u00e9 de passer sur une autre moto. Au fond de moi, je savais que nous aurions eu une autre occasion.\u00a0\u00bb<\/p>\n<p>\u00ab\u00a0Nous avons voulu donner cette opportunit\u00e9 \u00e0 Toprak parce que nous croyons dans ses qualit\u00e9s et nous voulons qu&rsquo;il y ait toujours plus de coop\u00e9ration interne chez Yamaha, entre MotoGP et Superbike entre autres. \u00c0 mon avis, il m\u00e9ritait de d\u00e9montrer son talent, \u00e9tant donn\u00e9 que nous l&rsquo;avons eu dans le stand pendant plusieurs ann\u00e9es et que nous savons ce dont il est capable.\u00a0\u00bb<\/p>\n<blockquote>\n<p>Il n&rsquo;est pas r\u00e9aliste de penser gagner.\u00a0Il ne va pas falloir qu&rsquo;il se pr\u00e9cipite.<\/p>\n<\/blockquote>\n<p>\u00ab\u00a0Il n&rsquo;a pas \u00e9t\u00e9 difficile \u00e0 convaincre, car Toprak a vu quelle est l&rsquo;implication de Yamaha en MotoGP. Tout ce qui comptait, c&rsquo;\u00e9tait sa motivation. Nous sommes tous conscients du risque d&rsquo;une telle op\u00e9ration, mais nous y croyons\u00a0\u00bb, affirme Paolo Pavesio.<\/p>\n<p>Il a beau y croire, le patron du programme Yamaha souhaite aussi all\u00e9ger les attentes qui p\u00e8sent sur son futur pilote. \u00ab\u00a0Il va devoir d\u00e9couvrir le MotoGP, le paddock, le rythme du championnat et les m\u00e9thodes de travail. En 2027, la moto sera diff\u00e9rente, et 2026 va lui permettre d&rsquo;y arriver en \u00e9tant pr\u00eat\u00a0\u00bb,\u00a0anticipe-t-il pour souligner que Razgatlioglu va avoir du temps pour prendre ses marques.<\/p>\n<p>\u00ab\u00a0Il n&rsquo;est pas r\u00e9aliste de penser gagner. Le plus important, c&rsquo;est sa croissance, avec pour but qu&rsquo;il avance pas \u00e0 pas et qu&rsquo;il s&rsquo;adapte toujours plus vite \u00e0 la M1. Il ne va pas falloir qu&rsquo;il se pr\u00e9cipite, c&rsquo;est ce qui est fondamental\u00a0\u00bb,\u00a0ajoute-t-il.\u00a0\u00ab\u00a0Je ne pense pas qu&rsquo;il va devoir changer de style pour le MotoGP. Je suis convaincu que Toprak a un talent naturel, qu&rsquo;il va pouvoir s&rsquo;adapter \u00e0 la M1 et c&rsquo;est pr\u00e9cis\u00e9ment ce qui est beau dans ce choix. Nous sommes tous curieux de voir Toprak.\u00a0\u00bb<\/p>\n<p>Lire aussi :<\/p>\n<p>Dans cet article<\/p>\n<p>    L\u00e9na Buffa\n<\/p>\n<p>    MotoGP\n<\/p>\n<p>    WorldSBK\n<\/p>\n<p>    Toprak Razgatlioglu\n<\/p>\n<p>    Yamaha Factory Racing\n<\/p>\n<p>    Pramac Racing\n<\/p>\n<p>Soyez le premier inform\u00e9 et souscrivez aux alertes mails pour recevoir les infos en temps r\u00e9el<\/p>\n<p>    S&rsquo;abonner aux alertes de news<\/p>\n","protected":false},"excerpt":{"rendered":"Maintenant que le transfert de Toprak Razgatlioglu en MotoGP est act\u00e9, il reste quelques questions \u00e0 \u00e9claircir, et&hellip;\n","protected":false},"author":2,"featured_media":156504,"comment_status":"","ping_status":"","sticky":false,"template":"","format":"standard","meta":{"footnotes":""},"categories":[1412],"tags":[1451,1452,1453,1454,1455,1011,27,1458,3593,60,8341,11034,3796],"class_list":{"0":"post-183852","1":"post","2":"type-post","3":"status-publish","4":"format-standard","5":"has-post-thumbnail","7":"category-f1","8":"tag-f1","9":"tag-formula-1","10":"tag-formula1","11":"tag-formule-1","12":"tag-formule1","13":"tag-fr","14":"tag-france","15":"tag-motogp","16":"tag-pramac-racing","17":"tag-sports","18":"tag-toprak-razgatlioglu","19":"tag-worldsbk","20":"tag-yamaha-factory-racing"},"share_on_mastodon":{"url":"https:\/\/pubeurope.com\/@fr\/114699853324978722","error":""},"_links":{"self":[{"href":"https:\/\/www.europesays.com\/fr\/wp-json\/wp\/v2\/posts\/183852","targetHints":{"allow":["GET"]}}],"collection":[{"href":"https:\/\/www.europesays.com\/fr\/wp-json\/wp\/v2\/posts"}],"about":[{"href":"https:\/\/www.europesays.com\/fr\/wp-json\/wp\/v2\/types\/post"}],"author":[{"embeddable":true,"href":"https:\/\/www.europesays.com\/fr\/wp-json\/wp\/v2\/users\/2"}],"replies":[{"embeddable":true,"href":"https:\/\/www.europesays.com\/fr\/wp-json\/wp\/v2\/comments?post=183852"}],"version-history":[{"count":0,"href":"https:\/\/www.europesays.com\/fr\/wp-json\/wp\/v2\/posts\/183852\/revisions"}],"wp:featuredmedia":[{"embeddable":true,"href":"https:\/\/www.europesays.com\/fr\/wp-json\/wp\/v2\/media\/156504"}],"wp:attachment":[{"href":"https:\/\/www.europesays.com\/fr\/wp-json\/wp\/v2\/media?parent=183852"}],"wp:term":[{"taxonomy":"category","embeddable":true,"href":"https:\/\/www.europesays.com\/fr\/wp-json\/wp\/v2\/categories?post=183852"},{"taxonomy":"post_tag","embeddable":true,"href":"https:\/\/www.europesays.com\/fr\/wp-json\/wp\/v2\/tags?post=183852"}],"curies":[{"name":"wp","href":"https:\/\/api.w.org\/{rel}","templated":true}]}}