{"id":183861,"date":"2025-06-17T17:24:23","date_gmt":"2025-06-17T17:24:23","guid":{"rendered":"https:\/\/www.europesays.com\/fr\/183861\/"},"modified":"2025-06-17T17:24:23","modified_gmt":"2025-06-17T17:24:23","slug":"un-mois-danimations-a-la-bouquinerie-des-etoupes-a-argueil","status":"publish","type":"post","link":"https:\/\/www.europesays.com\/fr\/183861\/","title":{"rendered":"un mois d\u2019animations \u00e0 La bouquinerie des \u00c9toupes \u00e0 Argueil"},"content":{"rendered":"<p>            Par<br \/>\n        <strong><br \/>\n            <a href=\"https:\/\/actu.fr\/auteur\/khali-souici\" title=\"Consulter tous les articles de Khali Souici\" rel=\"nofollow noopener\" target=\"_blank\">Khali Souici<\/a><br \/>\n        <\/strong><\/p>\n<p>        Publi\u00e9 le<\/p>\n<p>            17 juin 2025 \u00e0 17h22        <\/p>\n<p>Pendant un mois, du <b>18\u00a0juin au 20\u00a0juillet<\/b> 2025, la <b>bouquinerie des \u00c9toupes<\/b>, \u00e0 <a href=\"https:\/\/actu.fr\/normandie\/argueil_76025\" rel=\"nofollow noopener\" target=\"_blank\">Argueil<\/a> vous invite \u00e0 vous amuser autour de la <b>litt\u00e9rature <\/b>et d\u2019un th\u00e8me\u2009: les animaux.<\/p>\n<p class=\" wall-content\">\u00ab<b>\u2009Partir en Livre<\/b>\u2009\u00bb c\u2019est un programme divers avec de nombreuses activit\u00e9s et totalement <b>gratuit<\/b>.<\/p>\n<p>En juin<\/p>\n<p class=\" wall-content\">Le <b>lundi<\/b> <b>23\u00a0juin <\/b>2025, \u00e0 10\u2009h\u200930, rendez-vous \u00e0 la <b>salle des associations<\/b> d\u2019Argueil pour un temps de lecture et des jeux d\u00e9di\u00e9s aux tout petits. Cette journ\u00e9e est th\u00e9matis\u00e9e sur la d\u00e9couverte des animaux.<\/p>\n<p class=\" wall-content\">Le <b>mercredi<\/b> <b>25\u00a0juin <\/b>2025, de 10\u2009h \u00e0 11\u2009h\u200930, sur la <b>Place Verte<\/b> \u00e0 Argueil, vous pourrez profiter de lectures, activit\u00e9s manuelles et tours de poney.<\/p>\n<p>En juillet<\/p>\n<p class=\" wall-content\">Le <b>mercredi 16\u00a0juillet<\/b> 2025, venez profiter d\u2019une journ\u00e9e intitul\u00e9e \u00ab\u2009Animaux en folie\u2009\u00bb sur la <b>Place Verte<\/b> \u00e0 Argueil.<\/p>\n<p>Vid\u00e9os : en ce moment sur Actu<\/p>\n<p class=\" wall-content\">Toute la journ\u00e9e aura lieu une r\u00e9colte d\u2019aliments \u00e0 destination des animaux dans les refuges.<\/p>\n<p>    <a href=\"https:\/\/www.facebook.com\/plugins\/post.php?href=https%3A%2F%2Fwww.facebook.com%2Fpermalink.php%3Fstory_fbid%3Dpfbid033jiSffJpFB4rZ4mEm62YUiQBMJDNcmtwJ1CdifFoUFvdXLvdYqQ6kAM37yNTwetrl%26id%3D100088529445497&amp;show_text=true&amp;width=350\" title=\"Ouvrie le lien\" rel=\"nofollow noopener\" target=\"_blank\">Cliquez ici pour visualiser le contenu<\/a><\/p>\n<p class=\" wall-content\">De <b>10\u2009h\u200930 \u00e0 12\u2009h\u200930<\/b>, vous aurez l\u2019occasion de faire des activit\u00e9s manuelles sur le th\u00e8me des animaux.<\/p>\n<p class=\" wall-content\">\u00c0 <b>15\u2009h<\/b>, ce sera Livres en balade avec \u00ab\u2009Lis moi une histoire\u2009\u00bb suivie d\u2019un go\u00fbter.<\/p>\n<p>Du 18\u00a0juin au 25\u00a0juillet 2025, du mercredi au samedi de 10\u2009h \u00e0 18\u2009h vous pourrez profiter d\u2019un espace lecture et jeux libres sur la Place Verte d\u2019Argueil.<\/p>\n<p class=\" wall-content\">Suivez toute l\u2019actualit\u00e9 de vos villes et m\u00e9dias favoris en vous inscrivant \u00e0 <a href=\"https:\/\/moncompte.actu.fr\" title=\"D\u00e9couvez Mon Actu\" rel=\"nofollow noopener\" data-trk=\"{&quot;cta&quot;:{&quot;action&quot;:&quot;https:\\\/\\\/moncompte.actu.fr&quot;,&quot;category&quot;:&quot;mon compte&quot;,&quot;from&quot;:&quot;article footer&quot;,&quot;name&quot;:&quot;Mon actu&quot;,&quot;type&quot;:&quot;cta&quot;}}\" target=\"_blank\">Mon Actu<\/a>.<\/p>\n","protected":false},"excerpt":{"rendered":"Par Khali Souici Publi\u00e9 le 17 juin 2025 \u00e0 17h22 Pendant un mois, du 18\u00a0juin au 20\u00a0juillet 2025,&hellip;\n","protected":false},"author":2,"featured_media":183862,"comment_status":"","ping_status":"","sticky":false,"template":"","format":"standard","meta":{"footnotes":""},"categories":[1357],"tags":[1379,58,59,1011,27,1380,10175,104],"class_list":{"0":"post-183861","1":"post","2":"type-post","3":"status-publish","4":"format-standard","5":"has-post-thumbnail","7":"category-livres","8":"tag-books","9":"tag-divertissement","10":"tag-entertainment","11":"tag-fr","12":"tag-france","13":"tag-livres","14":"tag-pays-de-bray","15":"tag-societe"},"share_on_mastodon":{"url":"https:\/\/pubeurope.com\/@fr\/114699872971086818","error":""},"_links":{"self":[{"href":"https:\/\/www.europesays.com\/fr\/wp-json\/wp\/v2\/posts\/183861","targetHints":{"allow":["GET"]}}],"collection":[{"href":"https:\/\/www.europesays.com\/fr\/wp-json\/wp\/v2\/posts"}],"about":[{"href":"https:\/\/www.europesays.com\/fr\/wp-json\/wp\/v2\/types\/post"}],"author":[{"embeddable":true,"href":"https:\/\/www.europesays.com\/fr\/wp-json\/wp\/v2\/users\/2"}],"replies":[{"embeddable":true,"href":"https:\/\/www.europesays.com\/fr\/wp-json\/wp\/v2\/comments?post=183861"}],"version-history":[{"count":0,"href":"https:\/\/www.europesays.com\/fr\/wp-json\/wp\/v2\/posts\/183861\/revisions"}],"wp:featuredmedia":[{"embeddable":true,"href":"https:\/\/www.europesays.com\/fr\/wp-json\/wp\/v2\/media\/183862"}],"wp:attachment":[{"href":"https:\/\/www.europesays.com\/fr\/wp-json\/wp\/v2\/media?parent=183861"}],"wp:term":[{"taxonomy":"category","embeddable":true,"href":"https:\/\/www.europesays.com\/fr\/wp-json\/wp\/v2\/categories?post=183861"},{"taxonomy":"post_tag","embeddable":true,"href":"https:\/\/www.europesays.com\/fr\/wp-json\/wp\/v2\/tags?post=183861"}],"curies":[{"name":"wp","href":"https:\/\/api.w.org\/{rel}","templated":true}]}}