{"id":183863,"date":"2025-06-17T17:25:15","date_gmt":"2025-06-17T17:25:15","guid":{"rendered":"https:\/\/www.europesays.com\/fr\/183863\/"},"modified":"2025-06-17T17:25:15","modified_gmt":"2025-06-17T17:25:15","slug":"trois-des-chaines-du-bloc-info-se-tiennent-dans-un-mouchoir-de-poche","status":"publish","type":"post","link":"https:\/\/www.europesays.com\/fr\/183863\/","title":{"rendered":"Trois des cha\u00eenes du \u00ab\u00a0bloc info\u00a0\u00bb se tiennent dans un mouchoir de poche"},"content":{"rendered":"<p>C\u2019est un jour \u00e0 marquer d\u2019une pierre blanche\u00a0: avec 2,7\u00a0% de parts d\u2019audience pour <a href=\"https:\/\/www.20minutes.fr\/dossier\/bfm_tv\" class=\"color-ultramarine c-link\" rel=\"nofollow noopener\" target=\"_blank\">BFMTV<\/a> contre 2,5\u00a0% pour <a href=\"https:\/\/www.20minutes.fr\/medias\/cnews\/\" class=\"color-ultramarine c-link\" rel=\"nofollow noopener\" target=\"_blank\">CNews<\/a> et 2,4\u00a0% pour <a href=\"https:\/\/www.20minutes.fr\/dossier\/lci\" class=\"color-ultramarine c-link\" rel=\"nofollow noopener\" target=\"_blank\">LCI<\/a>, les trois premi\u00e8res cha\u00eenes info du PAF (paysage audiovisuel fran\u00e7ais) se sont \u00ab\u00a0tenues\u00a0\u00bb \u00e0 0,3 point le dimanche 15\u00a0juin 2025, <a href=\"https:\/\/www.ozap.com\/actu\/audiences-bfmtv-cnews-et-lci-separees-dimanche-par-03-point-le-2e-plus-petit-ecart-historique-entre-les-3-premieres-chaines-info\/650393\" rel=\"nofollow noopener\" target=\"_blank\" class=\"color-ultramarine c-link\">rapporte PureM\u00e9dias<\/a>.<\/p>\n<\/p>\n<p>C\u2019est d\u2019autant plus remarquable qu\u2019il s\u2019agit du deuxi\u00e8me plus petit \u00e9cart historique enregistr\u00e9 un dimanche entre ces trois cha\u00eenes, apr\u00e8s celui du dimanche 28\u00a0juin 2020 (0,2 point).<\/p>\n<p>Plus t\u00f4t, on observait la perc\u00e9e de LCI qui a d\u00e9pass\u00e9 les 3 points de <a href=\"https:\/\/www.20minutes.fr\/dossier\/audience\" class=\"color-ultramarine c-link\" rel=\"nofollow noopener\" target=\"_blank\">parts d\u2019audience<\/a> vendredi 13\u00a0juin 2025 (ce qui constitue un record de saison pour la cha\u00eene). Une performance que PureM\u00e9dias attribue \u00e0 son traitement du <a href=\"https:\/\/www.20minutes.fr\/monde\/israel\/4158863-20250617-direct-israel-iran-trump-lance-avertissement-habitants-teheran\" class=\"color-ultramarine c-link\" rel=\"nofollow noopener\" target=\"_blank\">regain de tensions entre Isra\u00ebl et l\u2019Iran<\/a>.<\/p>\n<p>La nouvelle num\u00e9rotation de la <a href=\"https:\/\/www.20minutes.fr\/dossier\/tnt\" class=\"color-ultramarine c-link\" rel=\"nofollow noopener\" target=\"_blank\">TNT <\/a>semble \u00e9galement avoir b\u00e9n\u00e9fici\u00e9 \u00e0 <a href=\"https:\/\/www.20minutes.fr\/dossier\/france_info\" class=\"color-ultramarine c-link\" rel=\"nofollow noopener\" target=\"_blank\">France Info<\/a>, qui a r\u00e9alis\u00e9 sa meilleure performance de la saison (1,4\u00a0%), samedi 14\u00a0juin 2025.<\/p>\n<p><a href=\"https:\/\/www.20minutes.fr\/arts-stars\/television\/audiences_tv\/\" class=\"c-link c-btn c-btn--primary\" rel=\"nofollow noopener\" target=\"_blank\">Notre dossier \u00ab Audiences TV \u00bb<\/a><\/p>\n<p>Sur le week-end, les audiences du quatuor de cha\u00eenes info sont rest\u00e9es relativement stables. Ainsi, samedi 14\u00a0juin, BFMTV (3,3\u00a0%) passait devant CNews (3,1\u00a0%), LCI (2,6\u00a0%), France Info (1,4\u00a0%, record de saison)\u00a0; Enfin, dimanche 15\u00a0juin 2025, BFMTV conservait la t\u00eate avec 2,7\u00a0% devant CNews (2,5\u00a0%), LCI (2,4\u00a0%) et France Info (1,1\u00a0%).<\/p>\n","protected":false},"excerpt":{"rendered":"C\u2019est un jour \u00e0 marquer d\u2019une pierre blanche\u00a0: avec 2,7\u00a0% de parts d\u2019audience pour BFMTV contre 2,5\u00a0% pour&hellip;\n","protected":false},"author":2,"featured_media":183864,"comment_status":"","ping_status":"","sticky":false,"template":"","format":"standard","meta":{"footnotes":""},"categories":[1356],"tags":[10831,9722,58,59,1011,27,10318,6417,3019,664,9109,252,3171,1364,133],"class_list":{"0":"post-183863","1":"post","2":"type-post","3":"status-publish","4":"format-standard","5":"has-post-thumbnail","7":"category-television","8":"tag-bfmtv","9":"tag-cnews","10":"tag-divertissement","11":"tag-entertainment","12":"tag-fr","13":"tag-france","14":"tag-france-info","15":"tag-information","16":"tag-iran","17":"tag-israel","18":"tag-lci","19":"tag-television","20":"tag-tnt","21":"tag-tv","22":"tag-video"},"share_on_mastodon":{"url":"https:\/\/pubeurope.com\/@fr\/114699876709204575","error":""},"_links":{"self":[{"href":"https:\/\/www.europesays.com\/fr\/wp-json\/wp\/v2\/posts\/183863","targetHints":{"allow":["GET"]}}],"collection":[{"href":"https:\/\/www.europesays.com\/fr\/wp-json\/wp\/v2\/posts"}],"about":[{"href":"https:\/\/www.europesays.com\/fr\/wp-json\/wp\/v2\/types\/post"}],"author":[{"embeddable":true,"href":"https:\/\/www.europesays.com\/fr\/wp-json\/wp\/v2\/users\/2"}],"replies":[{"embeddable":true,"href":"https:\/\/www.europesays.com\/fr\/wp-json\/wp\/v2\/comments?post=183863"}],"version-history":[{"count":0,"href":"https:\/\/www.europesays.com\/fr\/wp-json\/wp\/v2\/posts\/183863\/revisions"}],"wp:featuredmedia":[{"embeddable":true,"href":"https:\/\/www.europesays.com\/fr\/wp-json\/wp\/v2\/media\/183864"}],"wp:attachment":[{"href":"https:\/\/www.europesays.com\/fr\/wp-json\/wp\/v2\/media?parent=183863"}],"wp:term":[{"taxonomy":"category","embeddable":true,"href":"https:\/\/www.europesays.com\/fr\/wp-json\/wp\/v2\/categories?post=183863"},{"taxonomy":"post_tag","embeddable":true,"href":"https:\/\/www.europesays.com\/fr\/wp-json\/wp\/v2\/tags?post=183863"}],"curies":[{"name":"wp","href":"https:\/\/api.w.org\/{rel}","templated":true}]}}