{"id":183869,"date":"2025-06-17T17:28:08","date_gmt":"2025-06-17T17:28:08","guid":{"rendered":"https:\/\/www.europesays.com\/fr\/183869\/"},"modified":"2025-06-17T17:28:08","modified_gmt":"2025-06-17T17:28:08","slug":"et-si-un-simple-somnifere-pouvait-ralentir-alzheimer-des-chercheurs-decouvrent-un-effet-secondaire-inattendu","status":"publish","type":"post","link":"https:\/\/www.europesays.com\/fr\/183869\/","title":{"rendered":"Et si un simple somnif\u00e8re pouvait ralentir Alzheimer ? Des chercheurs d\u00e9couvrent un effet secondaire inattendu"},"content":{"rendered":"<p data-start=\"333\" data-end=\"984\"><strong>Dans la lutte contre la<br \/>\nmaladie d\u2019Alzheimer, la science explore aujourd\u2019hui une piste aussi<br \/>\nprometteuse qu\u2019inattendue : un somnif\u00e8re courant pourrait<br \/>\ncontribuer \u00e0 ralentir la progression de cette redoutable maladie<br \/>\nneurod\u00e9g\u00e9n\u00e9rative. Une nouvelle \u00e9tude men\u00e9e par des chercheurs de<br \/>\nla facult\u00e9 de m\u00e9decine de l\u2019universit\u00e9 Washington \u00e0 Saint-Louis<br \/>\n(WashU Medicine), en collaboration avec le laboratoire<br \/>\npharmaceutique japonais Eisai, r\u00e9v\u00e8le que le lemborexant \u2013 un<br \/>\nm\u00e9dicament d\u00e9j\u00e0 autoris\u00e9 pour traiter l\u2019insomnie \u2013 pourrait<br \/>\nprot\u00e9ger le cerveau contre l\u2019accumulation de prot\u00e9ine tau, l\u2019un des<br \/>\nmarqueurs cl\u00e9s de la maladie d\u2019Alzheimer.<\/strong><\/p>\n<p>Le lemborexant, un somnif\u00e8re<br \/>\npas comme les autres<\/p>\n<p data-start=\"1049\" data-end=\"1459\">Contrairement aux s\u00e9datifs<br \/>\ntraditionnels, le lemborexant (nom commercial Dayvigo n\u2019agit pas en endormant le cerveau,<br \/>\nmais en bloquant l\u2019orexine, une mol\u00e9cule responsable de l\u2019\u00e9veil.<br \/>\nCette classe de <a href=\"https:\/\/sciencepost.fr\/le-baiser-de-la-mort-contre-le-cancer-comment-une-nouvelle-generation-de-medicaments-veut-sauver-les-enfants\/\" target=\"_blank\" rel=\"noopener nofollow\">m\u00e9dicaments<\/a>, appel\u00e9s<br \/>\nantagonistes des r\u00e9cepteurs de l\u2019orexine, est d\u00e9j\u00e0 utilis\u00e9e pour<br \/>\ntraiter l\u2019insomnie, mais suscite un int\u00e9r\u00eat croissant pour ses<br \/>\neffets au-del\u00e0 du sommeil.<\/p>\n<p data-start=\"1461\" data-end=\"1598\">C\u2019est dans cette optique que<br \/>\nles chercheurs ont explor\u00e9 son impact potentiel sur la sant\u00e9 du<br \/>\ncerveau \u2013 et les r\u00e9sultats sont surprenants.<\/p>\n<p>Moins de tau, plus de cerveau<br \/>\n: les r\u00e9sultats de l\u2019\u00e9tude<\/p>\n<p data-start=\"1670\" data-end=\"2070\">Dans leur \u00e9tude, publi\u00e9e dans<br \/>\n<a href=\"https:\/\/www.nature.com\/articles\/s41593-025-01966-7\" target=\"_blank\" rel=\"noopener nofollow\">Nature Neuroscience<\/a>, les scientifiques ont utilis\u00e9<br \/>\ndes souris g\u00e9n\u00e9tiquement modifi\u00e9es pour d\u00e9velopper une accumulation<br \/>\nanormale de prot\u00e9ine tau, caract\u00e9ristique de la maladie<br \/>\nd\u2019Alzheimer. Deux groupes d\u2019animaux ont \u00e9t\u00e9 trait\u00e9s : l\u2019un avec du<br \/>\nlemborexant, l\u2019autre avec un somnif\u00e8re plus classique, le zolpidem<br \/>\n(Ambien), qui agit via<br \/>\nle neurotransmetteur GABA.<\/p>\n<p data-start=\"2072\" data-end=\"2349\">R\u00e9sultat : les souris ayant<br \/>\nre\u00e7u du lemborexant ont conserv\u00e9 un volume c\u00e9r\u00e9bral 30 \u00e0 40 % plus<br \/>\nimportant dans l\u2019hippocampe, la r\u00e9gion du cerveau impliqu\u00e9e dans la<br \/>\nm\u00e9moire. Autrement dit, le m\u00e9dicament semble prot\u00e9ger le cerveau de<br \/>\nla perte de mati\u00e8re li\u00e9e \u00e0 la maladie.<\/p>\n<p data-start=\"2351\" data-end=\"2645\">Encore plus intriguant : cet<br \/>\neffet a \u00e9t\u00e9 observ\u00e9 m\u00eame si les deux groupes dormaient autant. Cela<br \/>\nsugg\u00e8re que le b\u00e9n\u00e9fice ne vient pas uniquement d\u2019un meilleur<br \/>\nsommeil, mais du m\u00e9canisme sp\u00e9cifique du lemborexant, qui semble<br \/>\nemp\u00eacher ou limiter l\u2019accumulation de tau dans le cerveau.<\/p>\n<p>Sommeil et Alzheimer : un<br \/>\nlien confirm\u00e9<\/p>\n<p data-start=\"2700\" data-end=\"3160\">Depuis plusieurs ann\u00e9es, les<br \/>\nchercheurs suspectent un lien fort entre troubles du sommeil et<br \/>\nd\u00e9veloppement de maladies neurod\u00e9g\u00e9n\u00e9ratives. Le cerveau utilise<br \/>\nnotamment les phases de sommeil profond pour nettoyer les prot\u00e9ines<br \/>\ntoxiques qui s\u2019accumulent au fil de la journ\u00e9e. Quand ce processus<br \/>\nest perturb\u00e9 \u2013 par des nuits trop courtes ou un sommeil de mauvaise<br \/>\nqualit\u00e9 \u2013, ces substances s\u2019accumulent, favorisant l\u2019apparition de<br \/>\nl\u2019amylo\u00efde et de la tau.<\/p>\n<p data-start=\"3162\" data-end=\"3337\">Mais cette \u00e9tude va plus loin<br \/>\n: elle sugg\u00e8re que certains m\u00e9dicaments pourraient agir directement<br \/>\nsur ce processus pathologique, et pas seulement en favorisant le<br \/>\nsommeil.<\/p>\n<p><img loading=\"lazy\" data-lazyloaded=\"1\" decoding=\"async\" class=\"size-full wp-image-308115\" src=\"https:\/\/www.europesays.com\/fr\/wp-content\/uploads\/2025\/06\/iStock-925224994-scaled.jpg\" alt=\"Alzheimer\" width=\"2048\" height=\"1367\"  data-\/><\/p>\n<p class=\"istock-credit\" style=\"text-align:center\">Cr\u00e9dit :<br \/>\niStock<\/p>\n<p>Cr\u00e9dits : nito100\/istockDes r\u00e9sultats diff\u00e9rents<br \/>\nselon le sexe<\/p>\n<p data-start=\"3393\" data-end=\"3850\">Un d\u00e9tail \u00e9tonnant de l\u2019\u00e9tude<br \/>\nm\u00e9rite d\u2019\u00eatre soulign\u00e9 : les effets protecteurs du lemborexant<br \/>\nn\u2019ont \u00e9t\u00e9 observ\u00e9s que chez les souris m\u00e2les. Les chercheurs<br \/>\npensent que cela pourrait \u00eatre li\u00e9 \u00e0 des diff\u00e9rences biologiques<br \/>\ndans la mani\u00e8re dont les cerveaux masculins et f\u00e9minins accumulent<br \/>\net r\u00e9agissent \u00e0 la prot\u00e9ine tau. Ce constat soul\u00e8ve des questions<br \/>\nimportantes pour la suite : les traitements devront-ils \u00eatre<br \/>\nadapt\u00e9s selon le sexe des patients ?<\/p>\n<p>Un potentiel th\u00e9rapeutique<br \/>\nprometteur, mais \u00e0 confirmer<\/p>\n<p data-start=\"3921\" data-end=\"4233\">Il faut garder \u00e0 l\u2019esprit que<br \/>\ncette recherche a \u00e9t\u00e9 r\u00e9alis\u00e9e chez la souris. Il est donc trop t\u00f4t<br \/>\npour en tirer des conclusions cliniques d\u00e9finitives chez l\u2019humain.<br \/>\nToutefois, elle ouvre une voie nouvelle et particuli\u00e8rement<br \/>\nint\u00e9ressante pour la pr\u00e9vention ou le ralentissement de la maladie<br \/>\nd\u2019Alzheimer.<\/p>\n<p data-start=\"4235\" data-end=\"4584\">En particulier, les chercheurs<br \/>\nenvisagent d\u2019int\u00e9grer le lemborexant dans des protocoles<br \/>\nth\u00e9rapeutiques combin\u00e9s, aux c\u00f4t\u00e9s des anticorps anti-amylo\u00efde d\u00e9j\u00e0<br \/>\nutilis\u00e9s pour ralentir la progression de la maladie \u00e0 un stade<br \/>\npr\u00e9coce. L\u2019objectif : agir \u00e0 la fois sur les deux prot\u00e9ines cl\u00e9s<br \/>\n(amylo\u00efde et tau) pour obtenir un effet plus complet.<\/p>\n<p>Une nouvelle arme contre la<br \/>\nd\u00e9mence, venue du sommeil<\/p>\n<p data-start=\"4653\" data-end=\"4996\">Dans un contexte o\u00f9 les<br \/>\ntraitements actuels restent d\u00e9cevants et o\u00f9 la maladie d\u2019Alzheimer<br \/>\ncontinue de progresser dans le monde, toute nouvelle piste est<br \/>\npr\u00e9cieuse. Et celle-ci a un avantage de taille : le lemborexant est<br \/>\nd\u00e9j\u00e0 disponible sur le march\u00e9, ce qui pourrait acc\u00e9l\u00e9rer<br \/>\nconsid\u00e9rablement les essais cliniques chez l\u2019humain.<\/p>\n<p data-start=\"4998\" data-end=\"5216\">Ce somnif\u00e8re, loin d\u2019\u00eatre un<br \/>\nsimple aide-dodo, pourrait bien devenir un alli\u00e9 inattendu du<br \/>\ncerveau vieillissant. De quoi changer notre regard sur le sommeil\u2026<br \/>\net sur les m\u00e9dicaments que nous croyions bien conna\u00eetre.<\/p>\n","protected":false},"excerpt":{"rendered":"Dans la lutte contre la maladie d\u2019Alzheimer, la science explore aujourd\u2019hui une piste aussi prometteuse qu\u2019inattendue : un&hellip;\n","protected":false},"author":2,"featured_media":183870,"comment_status":"","ping_status":"","sticky":false,"template":"","format":"standard","meta":{"footnotes":""},"categories":[10],"tags":[1011,27,72,71],"class_list":{"0":"post-183869","1":"post","2":"type-post","3":"status-publish","4":"format-standard","5":"has-post-thumbnail","7":"category-sante","8":"tag-fr","9":"tag-france","10":"tag-health","11":"tag-sante"},"share_on_mastodon":{"url":"https:\/\/pubeurope.com\/@fr\/114699888549660855","error":""},"_links":{"self":[{"href":"https:\/\/www.europesays.com\/fr\/wp-json\/wp\/v2\/posts\/183869","targetHints":{"allow":["GET"]}}],"collection":[{"href":"https:\/\/www.europesays.com\/fr\/wp-json\/wp\/v2\/posts"}],"about":[{"href":"https:\/\/www.europesays.com\/fr\/wp-json\/wp\/v2\/types\/post"}],"author":[{"embeddable":true,"href":"https:\/\/www.europesays.com\/fr\/wp-json\/wp\/v2\/users\/2"}],"replies":[{"embeddable":true,"href":"https:\/\/www.europesays.com\/fr\/wp-json\/wp\/v2\/comments?post=183869"}],"version-history":[{"count":0,"href":"https:\/\/www.europesays.com\/fr\/wp-json\/wp\/v2\/posts\/183869\/revisions"}],"wp:featuredmedia":[{"embeddable":true,"href":"https:\/\/www.europesays.com\/fr\/wp-json\/wp\/v2\/media\/183870"}],"wp:attachment":[{"href":"https:\/\/www.europesays.com\/fr\/wp-json\/wp\/v2\/media?parent=183869"}],"wp:term":[{"taxonomy":"category","embeddable":true,"href":"https:\/\/www.europesays.com\/fr\/wp-json\/wp\/v2\/categories?post=183869"},{"taxonomy":"post_tag","embeddable":true,"href":"https:\/\/www.europesays.com\/fr\/wp-json\/wp\/v2\/tags?post=183869"}],"curies":[{"name":"wp","href":"https:\/\/api.w.org\/{rel}","templated":true}]}}