{"id":183880,"date":"2025-06-17T17:34:08","date_gmt":"2025-06-17T17:34:08","guid":{"rendered":"https:\/\/www.europesays.com\/fr\/183880\/"},"modified":"2025-06-17T17:34:08","modified_gmt":"2025-06-17T17:34:08","slug":"un-mort-dans-un-incendie-en-vendee","status":"publish","type":"post","link":"https:\/\/www.europesays.com\/fr\/183880\/","title":{"rendered":"un mort dans un incendie en Vend\u00e9e"},"content":{"rendered":"<p>            Par<br \/>\n        <strong><br \/>\n            <a href=\"https:\/\/actu.fr\/auteur\/laurine-pollavini\" title=\"Consulter tous les articles de Laurine Pollavini\" rel=\"nofollow noopener\" target=\"_blank\">Laurine Pollavini<\/a><br \/>\n        <\/strong><\/p>\n<p>        Publi\u00e9 le<\/p>\n<p>            17 juin 2025 \u00e0 17h30        <\/p>\n<p>Une importante fum\u00e9e se d\u00e9gageait et \u00e9tait visible \u00e0 des centaines de m\u00e8tres. A <b><a href=\"https:\/\/actu.fr\/pays-de-la-loire\/sallertaine_85280\" rel=\"nofollow noopener\" target=\"_blank\">Sallertaine<\/a> (<a href=\"https:\/\/actu.fr\/pays-de-la-loire\/vendee_85\" rel=\"nofollow noopener\" target=\"_blank\">Vend\u00e9e)<\/a>,<\/b> un incendie s\u2019est d\u00e9clar\u00e9 dans un pavillon du c\u00f4t\u00e9 de Pont-Habert dans l\u2019apr\u00e8s-midi du 17 juin.\u00a0<\/p>\n<p>Des bruits d\u2019explosion entendus<\/p>\n<p class=\" wall-content\">\u00ab\u00a0Ca d\u00e9marr\u00e9 aux alentours de 15 h 40. Le vent s\u2019est lev\u00e9 et a amplifi\u00e9 l\u2019incendie\u00a0\u00bb, explique Sandrine, une voisine. D\u2019autres t\u00e9moins auraient entendu un bruit d\u2019explosion qui pourrait \u00eatre d\u00fb \u00e0 des bouteilles de gaz. \u00ab\u00a0On a entendu un grand boum. La fum\u00e9e est ensuite sortie de la maison\u00a0\u00bb, expliquent-ils.\u00a0<\/p>\n<p class=\" wall-content\">Le feu aurait pris tr\u00e8s rapidement comme en t\u00e9moigne Valentin, de passage dans la rue au moment de<b> l\u2019i<a href=\"https:\/\/actu.fr\/tag\/incendie\" rel=\"nofollow noopener\" target=\"_blank\">ncendie<\/a> : \u00ab\u00a0La toiture a br\u00fbl\u00e9 en 20 minutes.\u00a0\u00bb\u00a0<\/b><\/p>\n<p>Une potentielle victime<\/p>\n<p class=\" wall-content\">D\u2019apr\u00e8s plusieurs t\u00e9moins, un homme de 53 ans se trouvait \u00e0 l\u2019int\u00e9rieur de l\u2019habitation. Des t\u00e9moignages qui concordent avec les informations des pompiers qui indiquent qu\u2019il y a \u00ab\u00a0une victime a priori dans les d\u00e9combres\u00a0\u00bb.\u00a0<\/p>\n<p>Vid\u00e9os : en ce moment sur Actu<\/p>\n<p class=\" wall-content\">Le feu ne se serait pas \u00e9tendu aux habitations situ\u00e9es aux alentours.\u00a0<\/p>\n<p>D\u2019importants moyens d\u00e9ploy\u00e9s<\/p>\n<p class=\" wall-content\">Sur place, d\u2019importants moyens ont \u00e9t\u00e9 d\u00e9ploy\u00e9s. Pendant l\u2019intervention, une<b> d\u00e9viation a \u00e9t\u00e9 mise en place<\/b> sur la route menant \u00e0 Sallertaine. Les gendarmes \u00e9taient \u00e9galement pr\u00e9sents.\u00a0<\/p>\n<blockquote class=\"tiktok-embed\" cite=\"https:\/\/www.tiktok.com\/@lecourriervendeen\/video\/7516929484105256215\" data-video-id=\"7516929484105256215\" data-embed-from=\"oembed\" style=\"max-width:605px; min-width:325px;\"><p>\n<a target=\"_blank\" title=\"@lecourriervendeen\" href=\"https:\/\/www.tiktok.com\/@lecourriervendeen?refer=embed\" rel=\"nofollow noopener\">@lecourriervendeen<\/a> <\/p>\n<p>Un incendie s\u2019est d\u00e9clar\u00e9 dans un pavillon \u00e0 Challans. Plus d\u2019informations sur le site du Courrier Vend\u00e9en.  <a title=\"incendie\" target=\"_blank\" href=\"https:\/\/www.tiktok.com\/tag\/incendie?refer=embed\" rel=\"nofollow noopener\">#incendie<\/a> <a title=\"pompiers\" target=\"_blank\" href=\"https:\/\/www.tiktok.com\/tag\/pompiers?refer=embed\" rel=\"nofollow noopener\">#pompiers<\/a> <a title=\"vendee\" target=\"_blank\" href=\"https:\/\/www.tiktok.com\/tag\/vendee?refer=embed\" rel=\"nofollow noopener\">#vendee<\/a> <\/p>\n<p> <a target=\"_blank\" title=\"\u266c son original - Le Courrier Vend\u00e9en\" href=\"https:\/\/www.tiktok.com\/music\/son-original-7516929463655222038?refer=embed\" rel=\"nofollow noopener\">\u266c son original \u2013 Le Courrier Vend\u00e9en<\/a> <\/p>\n<\/blockquote>\n<p class=\" wall-content\">Du c\u00f4t\u00e9 des <a href=\"https:\/\/actu.fr\/tag\/pompiers\" rel=\"nofollow noopener\" target=\"_blank\">pompiers<\/a>, au moins six engins ont \u00e9t\u00e9 mobilis\u00e9s et la grande \u00e9chelle a \u00e9t\u00e9 utilis\u00e9e pour tenter d\u2019\u00e9teindre l\u2019incendie. A 17 h, l\u2019incendie \u00e9tait toujours en cours et les pompiers continuaient leur intervention. Ils venaient des casernes de Challans, de Saint-Jean-de-Monts et de La Garnache.\u00a0<\/p>\n<p class=\" wall-content\">Suivez toute l\u2019actualit\u00e9 de vos villes et m\u00e9dias favoris en vous inscrivant \u00e0 <a href=\"https:\/\/moncompte.actu.fr\" title=\"D\u00e9couvez Mon Actu\" rel=\"nofollow noopener\" data-trk=\"{&quot;cta&quot;:{&quot;action&quot;:&quot;https:\\\/\\\/moncompte.actu.fr&quot;,&quot;category&quot;:&quot;mon compte&quot;,&quot;from&quot;:&quot;article footer&quot;,&quot;name&quot;:&quot;Mon actu&quot;,&quot;type&quot;:&quot;cta&quot;}}\" target=\"_blank\">Mon Actu<\/a>.<\/p>\n<p>                    <script async src=\"\/\/www.tiktok.com\/embed.js\"><\/script><\/p>\n","protected":false},"excerpt":{"rendered":"Par Laurine Pollavini Publi\u00e9 le 17 juin 2025 \u00e0 17h30 Une importante fum\u00e9e se d\u00e9gageait et \u00e9tait visible&hellip;\n","protected":false},"author":2,"featured_media":183881,"comment_status":"","ping_status":"","sticky":false,"template":"","format":"standard","meta":{"footnotes":""},"categories":[4],"tags":[11,118,1011,27,1310,12,1311,25],"class_list":{"0":"post-183880","1":"post","2":"type-post","3":"status-publish","4":"format-standard","5":"has-post-thumbnail","7":"category-france","8":"tag-actualites","9":"tag-faits-divers","10":"tag-fr","11":"tag-france","12":"tag-incendie","13":"tag-news","14":"tag-pompiers","15":"tag-republique-francaise"},"share_on_mastodon":{"url":"https:\/\/pubeurope.com\/@fr\/114699912194279357","error":""},"_links":{"self":[{"href":"https:\/\/www.europesays.com\/fr\/wp-json\/wp\/v2\/posts\/183880","targetHints":{"allow":["GET"]}}],"collection":[{"href":"https:\/\/www.europesays.com\/fr\/wp-json\/wp\/v2\/posts"}],"about":[{"href":"https:\/\/www.europesays.com\/fr\/wp-json\/wp\/v2\/types\/post"}],"author":[{"embeddable":true,"href":"https:\/\/www.europesays.com\/fr\/wp-json\/wp\/v2\/users\/2"}],"replies":[{"embeddable":true,"href":"https:\/\/www.europesays.com\/fr\/wp-json\/wp\/v2\/comments?post=183880"}],"version-history":[{"count":0,"href":"https:\/\/www.europesays.com\/fr\/wp-json\/wp\/v2\/posts\/183880\/revisions"}],"wp:featuredmedia":[{"embeddable":true,"href":"https:\/\/www.europesays.com\/fr\/wp-json\/wp\/v2\/media\/183881"}],"wp:attachment":[{"href":"https:\/\/www.europesays.com\/fr\/wp-json\/wp\/v2\/media?parent=183880"}],"wp:term":[{"taxonomy":"category","embeddable":true,"href":"https:\/\/www.europesays.com\/fr\/wp-json\/wp\/v2\/categories?post=183880"},{"taxonomy":"post_tag","embeddable":true,"href":"https:\/\/www.europesays.com\/fr\/wp-json\/wp\/v2\/tags?post=183880"}],"curies":[{"name":"wp","href":"https:\/\/api.w.org\/{rel}","templated":true}]}}