{"id":183884,"date":"2025-06-17T17:36:17","date_gmt":"2025-06-17T17:36:17","guid":{"rendered":"https:\/\/www.europesays.com\/fr\/183884\/"},"modified":"2025-06-17T17:36:17","modified_gmt":"2025-06-17T17:36:17","slug":"les-ce2-creent-une-oeuvre-collective-avec-lartiste-florica","status":"publish","type":"post","link":"https:\/\/www.europesays.com\/fr\/183884\/","title":{"rendered":"les CE2 cr\u00e9ent une \u0153uvre collective avec l\u2019artiste Florica"},"content":{"rendered":"<p>Toute l\u2019ann\u00e9e, Charlotte, enseignante \u00e0 l\u2019\u00e9cole Saint-Joseph, a travaill\u00e9 avec ses 22 \u00e9l\u00e8ves sur le Street Art, m\u00ealant visites et histoire de l\u2019art. Les \u00e9l\u00e8ves ont ainsi travaill\u00e9 avec l\u2019artiste Florica\u00a0: \u00ab\u00a0D\u2019abord, chacun de nous a dessin\u00e9 un dessin sur le th\u00e8me de la libert\u00e9, expliquent les \u00e9l\u00e8ves. Puis Florica a rassembl\u00e9 tous nos dessins pour cr\u00e9er une \u0153uvre collective.\u00a0\u00bb<\/p>\n<p>\u00ab\u00a0On a vu nos dessins appara\u00eetre petit \u00e0 petit, c\u2019\u00e9tait g\u00e9nial\u00a0\u00bb<\/p>\n<p>\u00ab\u00a0La technique des pochoirs a \u00e9t\u00e9 mon moment pr\u00e9f\u00e9r\u00e9\u00a0\u00bb, explique un enfant. Un autre partage son&#8230;<\/p>\n","protected":false},"excerpt":{"rendered":"Toute l\u2019ann\u00e9e, Charlotte, enseignante \u00e0 l\u2019\u00e9cole Saint-Joseph, a travaill\u00e9 avec ses 22 \u00e9l\u00e8ves sur le Street Art, m\u00ealant&hellip;\n","protected":false},"author":2,"featured_media":183885,"comment_status":"","ping_status":"","sticky":false,"template":"","format":"standard","meta":{"footnotes":""},"categories":[9653],"tags":[1111,11,2430,7539,1057,1777,674,1011,27,10425,12,25,4001,9664,9663],"class_list":{"0":"post-183884","1":"post","2":"type-post","3":"status-publish","4":"format-standard","5":"has-post-thumbnail","7":"category-saint-etienne","8":"tag-actu","9":"tag-actualites","10":"tag-auvergne-rhone-alpes","11":"tag-edition-loire-sud","12":"tag-education","13":"tag-eu","14":"tag-europe","15":"tag-fr","16":"tag-france","17":"tag-maternelle-elementaire","18":"tag-news","19":"tag-republique-francaise","20":"tag-saint-etienne","21":"tag-saint-etienne-bassin","22":"tag-saint-jean-bonnefonds"},"share_on_mastodon":{"url":"https:\/\/pubeurope.com\/@fr\/114699919890097384","error":""},"_links":{"self":[{"href":"https:\/\/www.europesays.com\/fr\/wp-json\/wp\/v2\/posts\/183884","targetHints":{"allow":["GET"]}}],"collection":[{"href":"https:\/\/www.europesays.com\/fr\/wp-json\/wp\/v2\/posts"}],"about":[{"href":"https:\/\/www.europesays.com\/fr\/wp-json\/wp\/v2\/types\/post"}],"author":[{"embeddable":true,"href":"https:\/\/www.europesays.com\/fr\/wp-json\/wp\/v2\/users\/2"}],"replies":[{"embeddable":true,"href":"https:\/\/www.europesays.com\/fr\/wp-json\/wp\/v2\/comments?post=183884"}],"version-history":[{"count":0,"href":"https:\/\/www.europesays.com\/fr\/wp-json\/wp\/v2\/posts\/183884\/revisions"}],"wp:featuredmedia":[{"embeddable":true,"href":"https:\/\/www.europesays.com\/fr\/wp-json\/wp\/v2\/media\/183885"}],"wp:attachment":[{"href":"https:\/\/www.europesays.com\/fr\/wp-json\/wp\/v2\/media?parent=183884"}],"wp:term":[{"taxonomy":"category","embeddable":true,"href":"https:\/\/www.europesays.com\/fr\/wp-json\/wp\/v2\/categories?post=183884"},{"taxonomy":"post_tag","embeddable":true,"href":"https:\/\/www.europesays.com\/fr\/wp-json\/wp\/v2\/tags?post=183884"}],"curies":[{"name":"wp","href":"https:\/\/api.w.org\/{rel}","templated":true}]}}