{"id":183886,"date":"2025-06-17T17:37:16","date_gmt":"2025-06-17T17:37:16","guid":{"rendered":"https:\/\/www.europesays.com\/fr\/183886\/"},"modified":"2025-06-17T17:37:16","modified_gmt":"2025-06-17T17:37:16","slug":"saint-etienne-athleform42-a-fete-son-quinzieme-anniversaire","status":"publish","type":"post","link":"https:\/\/www.europesays.com\/fr\/183886\/","title":{"rendered":"Saint-Etienne. Athl\u00e9Form\u201942 a f\u00eat\u00e9 son quinzi\u00e8me anniversaire"},"content":{"rendered":"<p>150 adh\u00e9rents sur les 470 que compte le club st\u00e9phanois d\u2019Athl\u00e9Form\u201942 se sont r\u00e9unis samedi \u00e0 Andr\u00e9zieux-Bouth\u00e9on pour f\u00eater les quinze ans d\u2019existence de cette association sportive. Animation musicale ou par le biais de jeux divers et vari\u00e9s ont rythm\u00e9 cette journ\u00e9e o\u00f9 un g\u00e2teau bien sp\u00e9cifique pour marquer cet anniversaire a \u00e9t\u00e9 partag\u00e9 dans la bonne humeur.<\/p>\n","protected":false},"excerpt":{"rendered":"150 adh\u00e9rents sur les 470 que compte le club st\u00e9phanois d\u2019Athl\u00e9Form\u201942 se sont r\u00e9unis samedi \u00e0 Andr\u00e9zieux-Bouth\u00e9on pour&hellip;\n","protected":false},"author":2,"featured_media":183887,"comment_status":"","ping_status":"","sticky":false,"template":"","format":"standard","meta":{"footnotes":""},"categories":[9653],"tags":[1111,11,4132,2430,7539,1777,674,1011,27,12,25,4001,7538,517],"class_list":{"0":"post-183886","1":"post","2":"type-post","3":"status-publish","4":"format-standard","5":"has-post-thumbnail","7":"category-saint-etienne","8":"tag-actu","9":"tag-actualites","10":"tag-athletisme","11":"tag-auvergne-rhone-alpes","12":"tag-edition-loire-sud","13":"tag-eu","14":"tag-europe","15":"tag-fr","16":"tag-france","17":"tag-news","18":"tag-republique-francaise","19":"tag-saint-etienne","20":"tag-saint-etienne-ville","21":"tag-sport"},"share_on_mastodon":{"url":"https:\/\/pubeurope.com\/@fr\/114699923918835354","error":""},"_links":{"self":[{"href":"https:\/\/www.europesays.com\/fr\/wp-json\/wp\/v2\/posts\/183886","targetHints":{"allow":["GET"]}}],"collection":[{"href":"https:\/\/www.europesays.com\/fr\/wp-json\/wp\/v2\/posts"}],"about":[{"href":"https:\/\/www.europesays.com\/fr\/wp-json\/wp\/v2\/types\/post"}],"author":[{"embeddable":true,"href":"https:\/\/www.europesays.com\/fr\/wp-json\/wp\/v2\/users\/2"}],"replies":[{"embeddable":true,"href":"https:\/\/www.europesays.com\/fr\/wp-json\/wp\/v2\/comments?post=183886"}],"version-history":[{"count":0,"href":"https:\/\/www.europesays.com\/fr\/wp-json\/wp\/v2\/posts\/183886\/revisions"}],"wp:featuredmedia":[{"embeddable":true,"href":"https:\/\/www.europesays.com\/fr\/wp-json\/wp\/v2\/media\/183887"}],"wp:attachment":[{"href":"https:\/\/www.europesays.com\/fr\/wp-json\/wp\/v2\/media?parent=183886"}],"wp:term":[{"taxonomy":"category","embeddable":true,"href":"https:\/\/www.europesays.com\/fr\/wp-json\/wp\/v2\/categories?post=183886"},{"taxonomy":"post_tag","embeddable":true,"href":"https:\/\/www.europesays.com\/fr\/wp-json\/wp\/v2\/tags?post=183886"}],"curies":[{"name":"wp","href":"https:\/\/api.w.org\/{rel}","templated":true}]}}