{"id":183888,"date":"2025-06-17T17:38:14","date_gmt":"2025-06-17T17:38:14","guid":{"rendered":"https:\/\/www.europesays.com\/fr\/183888\/"},"modified":"2025-06-17T17:38:14","modified_gmt":"2025-06-17T17:38:14","slug":"video-un-drapeau-palestinien-brandi-par-des-maries-a-nancy-voici-ce-quil-sest-vraiment-passe","status":"publish","type":"post","link":"https:\/\/www.europesays.com\/fr\/183888\/","title":{"rendered":"VID\u00c9O. Un drapeau palestinien brandi par des mari\u00e9s \u00e0 Nancy : voici ce qu&rsquo;il s&rsquo;est\u00a0vraiment\u00a0pass\u00e9"},"content":{"rendered":"<p>            Par<br \/>\n        <strong><br \/>\n            <a href=\"https:\/\/actu.fr\/auteur\/pierre-emile-bouchy-actu-fr\" title=\"Consulter tous les articles de Paul-Emile Bouchy\" target=\"_blank\" rel=\"noopener\">Paul-Emile Bouchy<\/a><br \/>\n        <\/strong><\/p>\n<p>        Publi\u00e9 le<\/p>\n<p>            17 juin 2025 \u00e0 18h07        <\/p>\n<p>En raison de la situation \u00e0 <a href=\"https:\/\/actu.fr\/tag\/gaza\" target=\"_blank\" rel=\"noopener\">Gaza<\/a>, des manifestations pour soutenir le peuple palestinien ont eu lieu partout en France, et notamment sur la <a href=\"https:\/\/actu.fr\/tag\/place-stanislas\" target=\"_blank\" rel=\"noopener\">place Stanislas<\/a> \u00e0 Nancy samedi 14\u00a0juin.<\/p>\n<p class=\" wall-content\">Alors que les manifestants \u00e9taient mass\u00e9s devant l\u2019h\u00f4tel de ville, <strong>un couple de jeunes mari\u00e9s<\/strong> s\u2019est avanc\u00e9, comme le veut la tradition, sur le balcon de la mairie nanc\u00e9ienne et <strong>a brandi un drapeau de la Palestine<\/strong> pendant quelques secondes, avant que des agents interviennent.<\/p>\n<p>Les mari\u00e9s n\u2019avaient pas pr\u00e9vu de brandir le drapeau palestinien<\/p>\n<p class=\" wall-content\">La sc\u00e8ne a \u00e9t\u00e9 film\u00e9e par plusieurs manifestants et partag\u00e9e sur les r\u00e9seaux sociaux. Certains, \u00e0 l\u2019image d\u2019<strong>Hadrien Fournet<\/strong>, <a href=\"https:\/\/actu.fr\/grand-est\/nancy_54395\/municipales-2026-a-nancy-lfi-devoile-ses-chefs-de-file-une-main-tendue-pour-l-union-de-la-gauche_62678283.html\" target=\"_blank\" rel=\"noopener\">chef de file de La France Insoumise pour les \u00e9lections municipales \u00e0 Nancy<\/a>, y ont vu <strong>un \u00ab\u2009malaise de la mairie\u2009\u00bb<\/strong> qui ne souhaite pas que le drapeau palestinien soit affich\u00e9 sur son fronton.<\/p>\n<p>    <a href=\"https:\/\/www.facebook.com\/plugins\/post.php?href=https%3A%2F%2Fwww.facebook.com%2Fpermalink.php%3Fstory_fbid%3Dpfbid07RsuHY9Be6GmHULT3saYi7MmyatHnjzbWmmLFKeRoLRNbkfnFsDEQeMxvmV6ZZpAl%26id%3D1516473128&amp;show_text=true&amp;width=350\" title=\"Ouvrie le lien\" target=\"_blank\" rel=\"noopener\">Cliquez ici pour visualiser le contenu<\/a><\/p>\n<p class=\" wall-content\">Contact\u00e9, <strong>Bora Yilmaz, adjoint \u00e0 la Ville de Nancy qui a c\u00e9l\u00e9br\u00e9 les mariages samedi<\/strong>, raconte ce qu\u2019il s\u2019est pass\u00e9\u2009: \u00ab\u2009Leur mariage a eu lieu au moment o\u00f9 la manifestation arrivait sur la place Stanislas. <strong>Une militante s\u2019est introduite dans l\u2019h\u00f4tel de ville et a brandi le drapeau palestinien au balcon<\/strong>.\u2009\u00bb<\/p>\n<p class=\" wall-content\">D\u2019apr\u00e8s l\u2019\u00e9lu, la manifestante a ensuite donn\u00e9 le drapeau aux jeunes mari\u00e9s qui s\u2019avan\u00e7aient sur le balcon. \u00ab\u2009De bonne foi, ils l\u2019ont agit\u00e9 sans aucune mauvaise intention de leur part. <strong>Ce n\u2019\u00e9tait pas pr\u00e9m\u00e9dit\u00e9<\/strong>\u2009\u00bb, ajoute-t-il.<\/p>\n<p>Pas de revendications politiques au balcon lors des mariages<\/p>\n<p class=\" wall-content\">Rapidement, des agents en charge du protocole sont intervenus pour retirer le drapeau des mains des mari\u00e9s. Bora Yilmaz insiste sur le fait qu\u2019il n\u2019y a <strong>aucune consigne donn\u00e9e sp\u00e9cifiquement envers le drapeau palestinien<\/strong>\u2009: \u00ab\u2009On donne l\u2019acc\u00e8s au balcon pour que les mari\u00e9s puissent <strong>se faire prendre en photo par leurs invit\u00e9s, pas pour des revendications particuli\u00e8res<\/strong>. J\u2019insiste sur le fait que <strong>cette r\u00e8gle s\u2019applique quelles que soient les revendications et pour n\u2019importe quel drapeau.<\/strong>\u2009\u00bb<\/p>\n<p class=\" wall-content\">Il conclut en d\u00e9non\u00e7ant <strong>une instrumentalisation \u00ab\u2009insupportable\u2009\u00bb de cette affaire \u00ab\u2009qui n\u2019en est pas vraiment une\u2009\u00bb<\/strong>\u2009: \u00ab\u2009C\u2019est une cause pour laquelle on est tous engag\u00e9s au sein de la municipalit\u00e9. On a d\u00e9j\u00e0 affich\u00e9 au balcon de l\u2019h\u00f4tel de ville une banderole aux couleurs du drapeau palestinien, l\u2019exigence d\u2019une solution de paix \u00e0 deux \u00e9tats, d\u2019un cessez-le-feu.\u2009\u00bb<\/p>\n<p class=\" wall-content\">Suivez toute l\u2019actualit\u00e9 de vos villes et m\u00e9dias favoris en vous inscrivant \u00e0 <a href=\"https:\/\/moncompte.actu.fr\" title=\"D\u00e9couvez Mon Actu\" rel=\"nofollow noopener\" data-trk=\"{&quot;cta&quot;:{&quot;action&quot;:&quot;https:\\\/\\\/moncompte.actu.fr&quot;,&quot;category&quot;:&quot;mon compte&quot;,&quot;from&quot;:&quot;article footer&quot;,&quot;name&quot;:&quot;Mon actu&quot;,&quot;type&quot;:&quot;cta&quot;}}\" target=\"_blank\">Mon Actu<\/a>.<\/p>\n<ul class=\"ac-article-tag wall-content\">\n<li><a href=\"https:\/\/actu.fr\/tag\/gaza\" data-trk=\"{&quot;cta&quot;:{&quot;action&quot;:&quot;Gaza&quot;,&quot;category&quot;:&quot;tag&quot;,&quot;from&quot;:&quot;article footer&quot;,&quot;name&quot;:&quot;Gaza&quot;,&quot;type&quot;:&quot;cta&quot;}}\" target=\"_blank\" rel=\"noopener\">#Gaza<\/a><\/li>\n<li><a href=\"https:\/\/actu.fr\/tag\/guerre-israel-hamas\" data-trk=\"{&quot;cta&quot;:{&quot;action&quot;:&quot;Guerre Isra\\u00ebl-Hamas&quot;,&quot;category&quot;:&quot;tag&quot;,&quot;from&quot;:&quot;article footer&quot;,&quot;name&quot;:&quot;Guerre Isra\\u00ebl-Hamas&quot;,&quot;type&quot;:&quot;cta&quot;}}\" target=\"_blank\" rel=\"noopener\">#Guerre Isra\u00ebl-Hamas<\/a><\/li>\n<\/ul>\n","protected":false},"excerpt":{"rendered":"Par Paul-Emile Bouchy Publi\u00e9 le 17 juin 2025 \u00e0 18h07 En raison de la situation \u00e0 Gaza, des&hellip;\n","protected":false},"author":2,"featured_media":183889,"comment_status":"","ping_status":"","sticky":false,"template":"","format":"standard","meta":{"footnotes":""},"categories":[9635],"tags":[1111,11,1777,674,1011,27,665,775,5643,1702,12,25,104],"class_list":{"0":"post-183888","1":"post","2":"type-post","3":"status-publish","4":"format-standard","5":"has-post-thumbnail","7":"category-nancy","8":"tag-actu","9":"tag-actualites","10":"tag-eu","11":"tag-europe","12":"tag-fr","13":"tag-france","14":"tag-gaza","15":"tag-grand-est","16":"tag-guerre-israel-hamas","17":"tag-nancy","18":"tag-news","19":"tag-republique-francaise","20":"tag-societe"},"share_on_mastodon":{"url":"https:\/\/pubeurope.com\/@fr\/114699927832377631","error":""},"_links":{"self":[{"href":"https:\/\/www.europesays.com\/fr\/wp-json\/wp\/v2\/posts\/183888","targetHints":{"allow":["GET"]}}],"collection":[{"href":"https:\/\/www.europesays.com\/fr\/wp-json\/wp\/v2\/posts"}],"about":[{"href":"https:\/\/www.europesays.com\/fr\/wp-json\/wp\/v2\/types\/post"}],"author":[{"embeddable":true,"href":"https:\/\/www.europesays.com\/fr\/wp-json\/wp\/v2\/users\/2"}],"replies":[{"embeddable":true,"href":"https:\/\/www.europesays.com\/fr\/wp-json\/wp\/v2\/comments?post=183888"}],"version-history":[{"count":0,"href":"https:\/\/www.europesays.com\/fr\/wp-json\/wp\/v2\/posts\/183888\/revisions"}],"wp:featuredmedia":[{"embeddable":true,"href":"https:\/\/www.europesays.com\/fr\/wp-json\/wp\/v2\/media\/183889"}],"wp:attachment":[{"href":"https:\/\/www.europesays.com\/fr\/wp-json\/wp\/v2\/media?parent=183888"}],"wp:term":[{"taxonomy":"category","embeddable":true,"href":"https:\/\/www.europesays.com\/fr\/wp-json\/wp\/v2\/categories?post=183888"},{"taxonomy":"post_tag","embeddable":true,"href":"https:\/\/www.europesays.com\/fr\/wp-json\/wp\/v2\/tags?post=183888"}],"curies":[{"name":"wp","href":"https:\/\/api.w.org\/{rel}","templated":true}]}}