{"id":18389,"date":"2025-04-11T22:16:12","date_gmt":"2025-04-11T22:16:12","guid":{"rendered":"https:\/\/www.europesays.com\/fr\/18389\/"},"modified":"2025-04-11T22:16:12","modified_gmt":"2025-04-11T22:16:12","slug":"une-reconnaissance-de-la-palestine-par-la-france-pour-quoi-faire","status":"publish","type":"post","link":"https:\/\/www.europesays.com\/fr\/18389\/","title":{"rendered":"Une reconnaissance de la Palestine par la France, pour quoi faire ?"},"content":{"rendered":"<p><strong>Interview &#8211; L\u2019annonce que la France pourrait reconna\u00eetre officiellement l\u2019\u00c9tat palestinien est-elle une d\u00e9claration de plus dans un conflit vieux de 80 ans ou r\u00e9el \u00e9v\u00e9nement\u00a0? \u00ab\u00a020 Minutes\u00a0\u00bb a pos\u00e9 la question \u00e0 Am\u00e9lie F\u00e9rey, chercheuse \u00e0 l\u2019FRI<\/strong><\/p>\n<p>L\u2019heure est encore au suspens. Mais <a href=\"https:\/\/www.20minutes.fr\/monde\/egypte\/4147887-20250409-france-pourrait-reconnaitre-etat-palestinien-juin-annonce-macron\" rel=\"nofollow noopener\" target=\"_blank\" data-ylk=\"slk:Emmanuel Macron a ouvert la voie \u00e0 une reconnaissance par la France de l\u2019Etat palestinien;elm:context_link;itc:0;sec:content-canvas\" class=\"link \">Emmanuel Macron a ouvert la voie \u00e0 une reconnaissance par la France de l\u2019Etat palestinien<\/a>, et deviendrait ainsi le 149e pays \u00e0 prendre cette position.<\/p>\n<p>Et tandis qu\u2019<a href=\"https:\/\/www.20minutes.fr\/monde\/israel\/\" rel=\"nofollow noopener\" target=\"_blank\" data-ylk=\"slk:Isra\u00ebl;elm:context_link;itc:0;sec:content-canvas\" class=\"link \">Isra\u00ebl<\/a> poursuit ses op\u00e9rations militaires dans la bande de <a href=\"https:\/\/www.20minutes.fr\/monde\/gaza\/\" rel=\"nofollow noopener\" target=\"_blank\" data-ylk=\"slk:Gaza;elm:context_link;itc:0;sec:content-canvas\" class=\"link \">Gaza <\/a>depuis pr\u00e8s d\u2019un an et demi, on a demand\u00e9 \u00e0 Am\u00e9lie F\u00e9rey, chercheuse \u00e0 l\u2019IFRI, l\u2019Institut fran\u00e7ais des relations internationales, ce que pourrait changer \u2013 ou non \u2013 cette reconnaissance dans la perspective d\u2019un r\u00e8glement du <a href=\"https:\/\/www.20minutes.fr\/monde\/conflit_israelo-palestinien\/\" rel=\"nofollow noopener\" target=\"_blank\" data-ylk=\"slk:conflit isra\u00e9lo-palestinien;elm:context_link;itc:0;sec:content-canvas\" class=\"link \">conflit isra\u00e9lo-palestinien<\/a><\/p>\n<p>Que changerait une reconnaissance de la Palestine par la France\u00a0?<\/p>\n<p>Je pense que ce serait un positionnement important de la France, parce que ce serait un grand pays occidental qui reconna\u00eet la Palestine et qui pourrait avoir un vrai impact. Par ailleurs, cela permettrait de renouer avec une forme de politique arabe fran\u00e7aise \u2013 on a vu l\u2019activisme de Macron sur le Liban \u2013, on voit qu\u2019il y a un vrai effort de coordination avec un partenaire, car cette reconnaissance interviendrait \u00e0 l\u2019occasion d\u2019un sommet avec l\u2019Arabie saoudite.<\/p>\n<p>Cela avec l\u2019id\u00e9e d\u2019imposer un r\u00e9cit un peu diff\u00e9rent de celui des accords d\u2019Abraham, o\u00f9 il y a une reconnaissance unilat\u00e9rale de l\u2019\u00c9tat d\u2019Isra\u00ebl de la part du Bahre\u00efn et des Emirats arabes unis. En disant\u00a0: \u00ab\u00a0L\u00e0, on reconna\u00eet la Palestine, en \u00e9change, possiblement, d\u2019une reconnaissance d\u2019Isra\u00ebl par l\u2019Arabie saoudite.\u00a0\u00bb<\/p>\n<p>Mais cela ne rel\u00e8ve-t-il pas uniquement du symbole qui reste sans effet\u00a0?<\/p>\n<p>Il ne faut pas voir \u00e7a simplement comme une d\u00e9claratio(&#8230;)<\/p>\n<p><a href=\"https:\/\/www.20minutes.fr\/monde\/israel\/4148206-20250411-conflit-proche-orient-reconnaissance-palestine-france-quoi-faire&quot;\" rel=\"nofollow noopener\" target=\"_blank\" data-ylk=\"slk:Lire la suite sur 20minutes;elm:context_link;itc:0;sec:content-canvas\" class=\"link \">Lire la suite sur 20minutes<\/a><\/p>\n<p>\u00c0 lire aussi :<br \/><a href=\"https:\/\/www.20minutes.fr\/monde\/israel\/4148085-20250410-reconnaissance-etat-palestinien-israel-denonce-coup-pouce-terrorisme-tandis-hamas-rejouit\" rel=\"nofollow noopener\" target=\"_blank\" data-ylk=\"slk:Reconnaissance de l\u2019\u00c9tat palestinien\u00a0: Isra\u00ebl d\u00e9nonce \u00ab\u00a0un coup de pouce\u00a0\u00bb au terrorisme, le Hamas se r\u00e9jouit;elm:context_link;itc:0;sec:content-canvas\" class=\"link \">Reconnaissance de l\u2019\u00c9tat palestinien\u00a0: Isra\u00ebl d\u00e9nonce \u00ab\u00a0un coup de pouce\u00a0\u00bb au terrorisme, le Hamas se r\u00e9jouit<\/a><br \/><a href=\"https:\/\/www.20minutes.fr\/monde\/israel\/4147937-20250410-france-arreter-avion-netanyahou-recherche-crimes-guerre-crimes-contre-humanite\" rel=\"nofollow noopener\" target=\"_blank\" data-ylk=\"slk:La France aurait-elle d\u00fb arr\u00eater l\u2019avion de Netanyahou, recherch\u00e9 pour crimes de guerre et crimes contre l\u2019humanit\u00e9\u00a0?;elm:context_link;itc:0;sec:content-canvas\" class=\"link \">La France aurait-elle d\u00fb arr\u00eater l\u2019avion de Netanyahou, recherch\u00e9 pour crimes de guerre et crimes contre l\u2019humanit\u00e9\u00a0?<\/a><\/p>\n","protected":false},"excerpt":{"rendered":"Interview &#8211; L\u2019annonce que la France pourrait reconna\u00eetre officiellement l\u2019\u00c9tat palestinien est-elle une d\u00e9claration de plus dans un&hellip;\n","protected":false},"author":2,"featured_media":18390,"comment_status":"","ping_status":"","sticky":false,"template":"","format":"standard","meta":{"footnotes":""},"categories":[4],"tags":[11,1011,27,12,3518,25],"class_list":{"0":"post-18389","1":"post","2":"type-post","3":"status-publish","4":"format-standard","5":"has-post-thumbnail","7":"category-france","8":"tag-actualites","9":"tag-fr","10":"tag-france","11":"tag-news","12":"tag-palestine","13":"tag-republique-francaise"},"share_on_mastodon":{"url":"https:\/\/pubeurope.com\/@fr\/114321646170972805","error":""},"_links":{"self":[{"href":"https:\/\/www.europesays.com\/fr\/wp-json\/wp\/v2\/posts\/18389","targetHints":{"allow":["GET"]}}],"collection":[{"href":"https:\/\/www.europesays.com\/fr\/wp-json\/wp\/v2\/posts"}],"about":[{"href":"https:\/\/www.europesays.com\/fr\/wp-json\/wp\/v2\/types\/post"}],"author":[{"embeddable":true,"href":"https:\/\/www.europesays.com\/fr\/wp-json\/wp\/v2\/users\/2"}],"replies":[{"embeddable":true,"href":"https:\/\/www.europesays.com\/fr\/wp-json\/wp\/v2\/comments?post=18389"}],"version-history":[{"count":0,"href":"https:\/\/www.europesays.com\/fr\/wp-json\/wp\/v2\/posts\/18389\/revisions"}],"wp:featuredmedia":[{"embeddable":true,"href":"https:\/\/www.europesays.com\/fr\/wp-json\/wp\/v2\/media\/18390"}],"wp:attachment":[{"href":"https:\/\/www.europesays.com\/fr\/wp-json\/wp\/v2\/media?parent=18389"}],"wp:term":[{"taxonomy":"category","embeddable":true,"href":"https:\/\/www.europesays.com\/fr\/wp-json\/wp\/v2\/categories?post=18389"},{"taxonomy":"post_tag","embeddable":true,"href":"https:\/\/www.europesays.com\/fr\/wp-json\/wp\/v2\/tags?post=18389"}],"curies":[{"name":"wp","href":"https:\/\/api.w.org\/{rel}","templated":true}]}}