{"id":183893,"date":"2025-06-17T17:41:28","date_gmt":"2025-06-17T17:41:28","guid":{"rendered":"https:\/\/www.europesays.com\/fr\/183893\/"},"modified":"2025-06-17T17:41:28","modified_gmt":"2025-06-17T17:41:28","slug":"bielle-biarrey-ubb-forfait-pour-la-demi-finale-contre-toulon","status":"publish","type":"post","link":"https:\/\/www.europesays.com\/fr\/183893\/","title":{"rendered":"Bielle-Biarrey (UBB) forfait pour la demi-finale contre Toulon"},"content":{"rendered":"<p>L&rsquo;ailier de l&rsquo;Union Bordeaux-B\u00e8gles Louis Bielle-Biarrey est forfait pour la demi-finale du Top 14 contre Toulon, a appris l&rsquo;AFP mardi, confirmant une information de Canal +.<\/p>\n<p>Le meilleur joueur du Tournoi des six nations 2025 a encore besoin de repos apr\u00e8s avoir subi une commotion contre Vannes lors de la derni\u00e8re journ\u00e9e de championnat, dont il n&rsquo;est pas compl\u00e8tement r\u00e9tabli, selon une source proche. Il n&rsquo;avait pas repris l&rsquo;entra\u00eenement depuis.<\/p>\n<p>Le joueur de 21 ans a connu une ann\u00e9e tonitruante, avec 33 essais en 29 rencontres toutes comp\u00e9titions confondues, en club et en s\u00e9lection. Il a notamment marqu\u00e9 \u00e0 chaque match du Tournoi, une performance jamais r\u00e9alis\u00e9e en pr\u00e8s de 25 ans, participant activement au titre du XV de France.<\/p>\n<p>Avec l&rsquo;UBB, s&rsquo;il n&rsquo;a pas marqu\u00e9 lors de la victoire en finale de la Champions Cup gagn\u00e9e contre Northampton, il avait inscrit un doubl\u00e9 en demi-finale contre Toulouse.<\/p>\n<p>L&rsquo;UBB, deuxi\u00e8me de la saison r\u00e9guli\u00e8re et donc directement qualifi\u00e9e en demi-finale de Top 14 affronte Toulon samedi \u00e0 Lyon pour une place en finale, contre le vainqueur du match entre Toulouse et Bayonne la veille. La saison derni\u00e8re, le club girondin avait perdu en finale contre Toulouse.<\/p>\n<p>Le manager Yannick Bru s&rsquo;\u00e9tait montr\u00e9 prudent lundi sur la pr\u00e9sence d&rsquo;autres cadres bordelais, comme le demi de m\u00eal\u00e9e et capitaine Maxime Lucu (b\u00e9quille), l&rsquo;arri\u00e8re Romain Buros (ischios) et le pilier droit Sipili Falatea (commotion), qui n&rsquo;ont pas rejou\u00e9 depuis la finale de coupe d&rsquo;Europe le 24 mai. \u00ab\u00a0Les trois sont en ballottage favorable mais la r\u00e9ponse sera donn\u00e9e mercredi midi apr\u00e8s notre s\u00e9ance intense.\u00a0\u00bb<\/p>\n<p>fs\/ng<\/p>\n","protected":false},"excerpt":{"rendered":"L&rsquo;ailier de l&rsquo;Union Bordeaux-B\u00e8gles Louis Bielle-Biarrey est forfait pour la demi-finale du Top 14 contre Toulon, a appris&hellip;\n","protected":false},"author":2,"featured_media":183894,"comment_status":"","ping_status":"","sticky":false,"template":"","format":"standard","meta":{"footnotes":""},"categories":[9619],"tags":[1111,11,11170,1777,674,7428,1011,27,12099,2428,12,882,25,478,2310,2312,13169],"class_list":{"0":"post-183893","1":"post","2":"type-post","3":"status-publish","4":"format-standard","5":"has-post-thumbnail","7":"category-toulon","8":"tag-actu","9":"tag-actualites","10":"tag-demi-finale","11":"tag-eu","12":"tag-europe","13":"tag-finale-de-coupe-deurope","14":"tag-fr","15":"tag-france","16":"tag-louis-bielle-biarrey","17":"tag-lyon","18":"tag-news","19":"tag-provence-alpes-cote-dazur","20":"tag-republique-francaise","21":"tag-top-14","22":"tag-toulon","23":"tag-toulouse","24":"tag-tournoi-des-six-nations"},"share_on_mastodon":{"url":"https:\/\/pubeurope.com\/@fr\/114699939591033592","error":""},"_links":{"self":[{"href":"https:\/\/www.europesays.com\/fr\/wp-json\/wp\/v2\/posts\/183893","targetHints":{"allow":["GET"]}}],"collection":[{"href":"https:\/\/www.europesays.com\/fr\/wp-json\/wp\/v2\/posts"}],"about":[{"href":"https:\/\/www.europesays.com\/fr\/wp-json\/wp\/v2\/types\/post"}],"author":[{"embeddable":true,"href":"https:\/\/www.europesays.com\/fr\/wp-json\/wp\/v2\/users\/2"}],"replies":[{"embeddable":true,"href":"https:\/\/www.europesays.com\/fr\/wp-json\/wp\/v2\/comments?post=183893"}],"version-history":[{"count":0,"href":"https:\/\/www.europesays.com\/fr\/wp-json\/wp\/v2\/posts\/183893\/revisions"}],"wp:featuredmedia":[{"embeddable":true,"href":"https:\/\/www.europesays.com\/fr\/wp-json\/wp\/v2\/media\/183894"}],"wp:attachment":[{"href":"https:\/\/www.europesays.com\/fr\/wp-json\/wp\/v2\/media?parent=183893"}],"wp:term":[{"taxonomy":"category","embeddable":true,"href":"https:\/\/www.europesays.com\/fr\/wp-json\/wp\/v2\/categories?post=183893"},{"taxonomy":"post_tag","embeddable":true,"href":"https:\/\/www.europesays.com\/fr\/wp-json\/wp\/v2\/tags?post=183893"}],"curies":[{"name":"wp","href":"https:\/\/api.w.org\/{rel}","templated":true}]}}