{"id":183897,"date":"2025-06-17T17:43:10","date_gmt":"2025-06-17T17:43:10","guid":{"rendered":"https:\/\/www.europesays.com\/fr\/183897\/"},"modified":"2025-06-17T17:43:10","modified_gmt":"2025-06-17T17:43:10","slug":"drole-de-journee-pour-le-nicois-jeremie-delbois-aux-championnats-de-france-de-montpellier","status":"publish","type":"post","link":"https:\/\/www.europesays.com\/fr\/183897\/","title":{"rendered":"Dr\u00f4le de journ\u00e9e pour le Ni\u00e7ois J\u00e9r\u00e9mie Delbois aux championnats de France de Montpellier"},"content":{"rendered":"<p>Un chrono qui n&rsquo;a tenu que 8 heures, effac\u00e9 en finale par Antoine Viquerat (27\u00a0\u00bb02). Une course dont l&rsquo;Azur\u00e9en n&rsquo;a accroch\u00e9 que la 3e place, ce mardi soir, malgr\u00e9 un chrono encore am\u00e9lior\u00e9 (27\u00a0\u00bb16).<\/p>\n<p>Lilou Ressencourt n&rsquo;est pas la seule \u00e0 briller dans le bassin de Montpellier. D\u00e9j\u00e0 sacr\u00e9 champion de France du 100 m brasse samedi soir, J\u00e9r\u00e9mie Delbois est pass\u00e9 pr\u00e8s de remettre le couvert sur 50 m brasse, ce mardi soir.<\/p>\n<p>En s\u00e9ries, ce matin, le soci\u00e9taire de l&rsquo;Olympic Nice Natation avait battu le record de France en 27\u00a0\u00bb34. Pour deux centi\u00e8mes, il avait ray\u00e9 des tablettes Giacomo Perez Dortona qui le d\u00e9tenait depuis le 22 avril 2009.<\/p>\n<p>En soir\u00e9e, il esp\u00e9rait aller encore plus vite et d\u00e9crocher le titre. La concurrence ne lui en a pas laiss\u00e9 la possibilit\u00e9. Malgr\u00e9 un chrono am\u00e9lior\u00e9 (27\u00a0\u00bb16), il n&rsquo;a pas obtenu la premi\u00e8re place. Sur une \u00e9preuve d&rsquo;une grande densit\u00e9, il a boucl\u00e9 la finale en 3e position. Il a \u00e9t\u00e9 devanc\u00e9 par Antoine Viquerat (Racing Club de France, 27\u00a0\u00bb02, record de France) et Pierre Goudeneche (Bordeaux, 27\u00a0\u00bb10).<\/p>\n<p>Mathys Chouchaoui 4e sur 200 m dos<\/p>\n<p>Son co\u00e9quipier en club, Mathys Chouchaoui a termin\u00e9 4e du 200 m dos. En 1&rsquo;57\u00a0\u00bb41, il a r\u00e9ussi les minima B (1&rsquo;58\u00a0\u00bb07) pour les Mondiaux de Singapour (27 juillet-3 ao\u00fbt) dans une course compl\u00e8tement folle puisque les quatre premiers ont valid\u00e9 le temps de qualification demand\u00e9. Le champion de France Yohann Ndoye-Brouard (Annecy, 1&rsquo;56\u00a0\u00bb38), son dauphin Antoine Harlem (Toulouse, 1&rsquo;56\u00a0\u00bb52) et le troisi\u00e8me Mewen Tomac (Caen, 1&rsquo;56\u00a0\u00bb83) ayant accroch\u00e9 les minima A (1&rsquo;57\u00a0\u00bb50, ceux pour les plus de 23 ans).<\/p>\n<p>Tomac, recordman de France (1&rsquo;55\u00a0\u00bb38) et tenant du titre, 4e des Jeux Olympiques de Paris sur la distance l&rsquo;an dernier, ne participera pas aux Mondiaux. Comme Chouchaoui, il n&rsquo;a pas pris l&rsquo;une des deux premi\u00e8res places, l&rsquo;autre imp\u00e9ratif pour composter son ticket pour les Jeux, ce qui constitue une tr\u00e8s grande surprise.<\/p>\n","protected":false},"excerpt":{"rendered":"Un chrono qui n&rsquo;a tenu que 8 heures, effac\u00e9 en finale par Antoine Viquerat (27\u00a0\u00bb02). Une course dont&hellip;\n","protected":false},"author":2,"featured_media":183898,"comment_status":"","ping_status":"","sticky":false,"template":"","format":"standard","meta":{"footnotes":""},"categories":[9599],"tags":[1111,11,1777,674,1011,27,2208,5216,12,2680,25,60],"class_list":{"0":"post-183897","1":"post","2":"type-post","3":"status-publish","4":"format-standard","5":"has-post-thumbnail","7":"category-montpellier","8":"tag-actu","9":"tag-actualites","10":"tag-eu","11":"tag-europe","12":"tag-fr","13":"tag-france","14":"tag-montpellier","15":"tag-natation","16":"tag-news","17":"tag-occitanie","18":"tag-republique-francaise","19":"tag-sports"},"share_on_mastodon":{"url":"https:\/\/pubeurope.com\/@fr\/114699947568697968","error":""},"_links":{"self":[{"href":"https:\/\/www.europesays.com\/fr\/wp-json\/wp\/v2\/posts\/183897","targetHints":{"allow":["GET"]}}],"collection":[{"href":"https:\/\/www.europesays.com\/fr\/wp-json\/wp\/v2\/posts"}],"about":[{"href":"https:\/\/www.europesays.com\/fr\/wp-json\/wp\/v2\/types\/post"}],"author":[{"embeddable":true,"href":"https:\/\/www.europesays.com\/fr\/wp-json\/wp\/v2\/users\/2"}],"replies":[{"embeddable":true,"href":"https:\/\/www.europesays.com\/fr\/wp-json\/wp\/v2\/comments?post=183897"}],"version-history":[{"count":0,"href":"https:\/\/www.europesays.com\/fr\/wp-json\/wp\/v2\/posts\/183897\/revisions"}],"wp:featuredmedia":[{"embeddable":true,"href":"https:\/\/www.europesays.com\/fr\/wp-json\/wp\/v2\/media\/183898"}],"wp:attachment":[{"href":"https:\/\/www.europesays.com\/fr\/wp-json\/wp\/v2\/media?parent=183897"}],"wp:term":[{"taxonomy":"category","embeddable":true,"href":"https:\/\/www.europesays.com\/fr\/wp-json\/wp\/v2\/categories?post=183897"},{"taxonomy":"post_tag","embeddable":true,"href":"https:\/\/www.europesays.com\/fr\/wp-json\/wp\/v2\/tags?post=183897"}],"curies":[{"name":"wp","href":"https:\/\/api.w.org\/{rel}","templated":true}]}}