{"id":183899,"date":"2025-06-17T17:44:08","date_gmt":"2025-06-17T17:44:08","guid":{"rendered":"https:\/\/www.europesays.com\/fr\/183899\/"},"modified":"2025-06-17T17:44:08","modified_gmt":"2025-06-17T17:44:08","slug":"ou-en-est-le-projet-de-parc-public-a-lex-foyer-sainte-marie-jardins-joyeux-a-rouen","status":"publish","type":"post","link":"https:\/\/www.europesays.com\/fr\/183899\/","title":{"rendered":"O\u00f9 en est le projet de parc public \u00e0 l&rsquo;ex-foyer Sainte-Marie (Jardins Joyeux) \u00e0 Rouen\u00a0?"},"content":{"rendered":"<p>            Par<br \/>\n        <strong><br \/>\n            <a href=\"https:\/\/actu.fr\/auteur\/fmass\" title=\"Consulter tous les articles de Fabien Massin\" rel=\"nofollow noopener\" target=\"_blank\">Fabien Massin<\/a><br \/>\n        <\/strong><\/p>\n<p>        Publi\u00e9 le<\/p>\n<p>            17 juin 2025 \u00e0 19h16        <\/p>\n<p>Le feuilleton a agit\u00e9 l\u2019actualit\u00e9 rouennaise pendant plusieurs mois :<strong> le devenir de l\u2019ex-foyer Sainte-Marie<\/strong>, rue de Joyeuse \u00e0 <a href=\"https:\/\/actu.fr\/normandie\/rouen_76540\" rel=\"nofollow noopener\" target=\"_blank\">Rouen (Seine-Maritime)<\/a>. Acquis aupr\u00e8s du dioc\u00e8se par le promoteur immobilier Sedelka, ce projet avait fait naitre des oppositions chez certains habitants et \u00e9lus, \u00e0 propos notamment de l\u2019avenir des jardins, d\u2019o\u00f9 la cr\u00e9ation du collectif Jardins Joyeux, <a href=\"https:\/\/actu.fr\/normandie\/rouen_76540\/le-promoteur-des-jardins-joyeux-a-rouen-tombe-sur-un-os-le-chantier-menace_57070990.html\" rel=\"nofollow noopener\" target=\"_blank\">qui avait occup\u00e9 les lieux<\/a>. Un accord <a href=\"https:\/\/actu.fr\/normandie\/rouen_76540\/jardins-joyeux-un-accord-trouve-entre-la-ville-de-rouen-et-le-promoteur-sedelka_54127795.html\" rel=\"nofollow noopener\" target=\"_blank\">avait finalement \u00e9t\u00e9 trouv\u00e9<\/a> en 2022, et la Ville de Rouen avait fait part de sa volont\u00e9 d\u2019acqu\u00e9rir une partie du site <a href=\"https:\/\/actu.fr\/normandie\/rouen_76540\/chantier-de-la-rue-joyeuse-a-rouen-la-ville-veut-acquerir-les-jardins_60554287.html\" rel=\"nofollow noopener\" target=\"_blank\">pour en faire un parc public<\/a>. Trois ans apr\u00e8s, o\u00f9 en est-on ?\u00a0<\/p>\n<p>Encore un peu (beaucoup) de patience<\/p>\n<p class=\" wall-content\">\u00ab\u00a0Il faut d\u2019abord que Sedelka ait termin\u00e9 son gros \u0153uvre, informe Nicolas Zuili, adjoint en charge de la rive \u00e0 droite \u00e0 la ville de Rouen. La partie neuve de son programme est quasi termin\u00e9e, ils faudra ensuite qu\u2019ils passent \u00e0 la partie ancienne. Quand il n\u2019y aura plus d\u2019engins de chantier sur le site, <strong>alors la transaction pourra se faire<\/strong>. Ce n\u2019est donc pas pour tout de suite.\u00a0\u00bb<\/p>\n<blockquote class=\"ac-article-quote wall-content\">\n<p>Ce ne sera pas tr\u00e8s grand, ce sera une sorte d&rsquo;enclave accessible pour les riverains et le grand public la journ\u00e9e, et ferm\u00e9e la nuit. Mais s&rsquo;il va falloir \u00eatre patient, le projet est toujours bien d&rsquo;actualit\u00e9 : il avait \u00e9t\u00e9 une des cl\u00e9s pour apaiser les tensions \u00e0 l&rsquo;\u00e9poque, dans le cadre des n\u00e9gociations avec le promoteur.\u00a0<\/p>\n<p>    <strong>Nicolas Zuili<\/strong><br \/>\n        Adjoint de quartier en charge de la rive droite    <\/p><\/blockquote>\n<p>Suivez l\u2019actualit\u00e9 de Rouen sur notre <a href=\"https:\/\/www.whatsapp.com\/channel\/0029VaKfnf99hXF2ddApFB1D\" rel=\"nofollow noopener\" target=\"_blank\">cha\u00eene WhatsApp<\/a> et sur notre <a href=\"https:\/\/www.tiktok.com\/@76actu.fr?lang=fr\" rel=\"nofollow noopener\" target=\"_blank\">compte TikTok<\/a><\/p>\n<p class=\" wall-content\">Suivez toute l\u2019actualit\u00e9 de vos villes et m\u00e9dias favoris en vous inscrivant \u00e0 <a href=\"https:\/\/moncompte.actu.fr\" title=\"D\u00e9couvez Mon Actu\" rel=\"nofollow noopener\" data-trk=\"{&quot;cta&quot;:{&quot;action&quot;:&quot;https:\\\/\\\/moncompte.actu.fr&quot;,&quot;category&quot;:&quot;mon compte&quot;,&quot;from&quot;:&quot;article footer&quot;,&quot;name&quot;:&quot;Mon actu&quot;,&quot;type&quot;:&quot;cta&quot;}}\" target=\"_blank\">Mon Actu<\/a>.<\/p>\n<p>                    <script async src=\"\/\/www.tiktok.com\/embed.js\"><\/script><\/p>\n","protected":false},"excerpt":{"rendered":"Par Fabien Massin Publi\u00e9 le 17 juin 2025 \u00e0 19h16 Le feuilleton a agit\u00e9 l\u2019actualit\u00e9 rouennaise pendant plusieurs&hellip;\n","protected":false},"author":2,"featured_media":183900,"comment_status":"","ping_status":"","sticky":false,"template":"","format":"standard","meta":{"footnotes":""},"categories":[9587],"tags":[1111,11,1777,674,1011,27,1116,12,5161,2551,25,9590,104,2086],"class_list":{"0":"post-183899","1":"post","2":"type-post","3":"status-publish","4":"format-standard","5":"has-post-thumbnail","7":"category-rouen","8":"tag-actu","9":"tag-actualites","10":"tag-eu","11":"tag-europe","12":"tag-fr","13":"tag-france","14":"tag-immobilier","15":"tag-news","16":"tag-normandie","17":"tag-patrimoine","18":"tag-republique-francaise","19":"tag-rouen","20":"tag-societe","21":"tag-travaux"},"share_on_mastodon":{"url":"https:\/\/pubeurope.com\/@fr\/114699951505033863","error":""},"_links":{"self":[{"href":"https:\/\/www.europesays.com\/fr\/wp-json\/wp\/v2\/posts\/183899","targetHints":{"allow":["GET"]}}],"collection":[{"href":"https:\/\/www.europesays.com\/fr\/wp-json\/wp\/v2\/posts"}],"about":[{"href":"https:\/\/www.europesays.com\/fr\/wp-json\/wp\/v2\/types\/post"}],"author":[{"embeddable":true,"href":"https:\/\/www.europesays.com\/fr\/wp-json\/wp\/v2\/users\/2"}],"replies":[{"embeddable":true,"href":"https:\/\/www.europesays.com\/fr\/wp-json\/wp\/v2\/comments?post=183899"}],"version-history":[{"count":0,"href":"https:\/\/www.europesays.com\/fr\/wp-json\/wp\/v2\/posts\/183899\/revisions"}],"wp:featuredmedia":[{"embeddable":true,"href":"https:\/\/www.europesays.com\/fr\/wp-json\/wp\/v2\/media\/183900"}],"wp:attachment":[{"href":"https:\/\/www.europesays.com\/fr\/wp-json\/wp\/v2\/media?parent=183899"}],"wp:term":[{"taxonomy":"category","embeddable":true,"href":"https:\/\/www.europesays.com\/fr\/wp-json\/wp\/v2\/categories?post=183899"},{"taxonomy":"post_tag","embeddable":true,"href":"https:\/\/www.europesays.com\/fr\/wp-json\/wp\/v2\/tags?post=183899"}],"curies":[{"name":"wp","href":"https:\/\/api.w.org\/{rel}","templated":true}]}}