{"id":183901,"date":"2025-06-17T17:45:11","date_gmt":"2025-06-17T17:45:11","guid":{"rendered":"https:\/\/www.europesays.com\/fr\/183901\/"},"modified":"2025-06-17T17:45:11","modified_gmt":"2025-06-17T17:45:11","slug":"mercato-raphael-gerbeaud-sengage-avec-le-fc-rouen-en-national-1","status":"publish","type":"post","link":"https:\/\/www.europesays.com\/fr\/183901\/","title":{"rendered":"Mercato : Rapha\u00ebl Gerbeaud s&rsquo;engage avec le FC Rouen en National 1"},"content":{"rendered":"<p><img decoding=\"async\" src=\"https:\/\/www.europesays.com\/fr\/wp-content\/uploads\/2025\/06\/671_fbadce814885927d65626f0fbf68c20f.jpg\" alt=\"Mercato : Rapha\u00ebl Gerbeaud s'engage avec le FC Rouen en National 1\" class=\"img-responsive mt-3\"\/><\/p>\n<p class=\"text-center mb-3\" style=\"font-size: 14px\">\u00a9 Iconsport<\/p>\n<p style=\"text-align: justify;\">Le club normand du FC Rouen vient d&rsquo;annoncer une recrue ce mardi soir, dont l&rsquo;attaquant form\u00e9 \u00e0 Bordeaux Rapha\u00ebl Gerbeaud.<\/p>\n<p style=\"text-align: justify;\">Suivi par les Girondins de Bordeaux, Gerbeaud a marqu\u00e9 12 buts et d\u00e9livr\u00e9 6 passes d\u00e9cisives la saison derni\u00e8re avec les US Saint-Malo.<\/p>\n<p style=\"text-align: justify;\">Il va d\u00e9couvrir la division au-dessus avec Rouen et ne viendra donc pas \u00e0 Bordeaux qui avait toujours un \u0153il sur lui pour ce mercato.<\/p>\n<blockquote class=\"twitter-tweet\">\n<p dir=\"ltr\" lang=\"fr\">Rapha\u00ebl Gerbeaud r\u00e9pond \u00e0 l\u2019appel du FC Rouen ! :telephone_receiver:<\/p>\n<p>Le FC Rouen 1899 se renforce en attaque. Le club est ravi d\u2019annoncer l\u2019arriv\u00e9e de Rapha\u00ebl Gerbeaud, en provenance de Saint-Malo. Avec les Malouins, Rapha\u00ebl vient de conclure une saison pleine avec 12 buts et 6 passes d\u00e9cisives\u2026 <a href=\"https:\/\/t.co\/Vm6UmtJgfI\">pic.twitter.com\/Vm6UmtJgfI<\/a><\/p>\n<p>\u2014 FC Rouen 1899 (@fcr1899) <a href=\"https:\/\/twitter.com\/fcr1899\/status\/1935016204617265395?ref_src=twsrc%5Etfw\" target=\"_blank\" rel=\"noopener\">June 17, 2025<\/a>\n<\/p><\/blockquote>\n<p>\u00a0<\/p>\n<p style=\"text-align: justify;\">&gt;&gt; <strong><a href=\"https:\/\/www.webgirondins.com\/actualite-girondins-girondins-alexis-sauvage-suivi-par-bordeaux-129449\" target=\"_blank\" rel=\"noopener\">Mercato : Alexis Sauvage suivi par Bordeaux<\/a><\/strong><\/p>\n<p style=\"text-align: justify;\">\u00a0<\/p>\n<p style=\"text-align: justify;\">Notre podcast court :<\/p>\n<p>\u00a0<\/p>\n<p>\u00a0<\/p>\n<p>    <script async src=\"https:\/\/platform.twitter.com\/widgets.js\" charset=\"utf-8\"><\/script><\/p>\n","protected":false},"excerpt":{"rendered":"\u00a9 Iconsport Le club normand du FC Rouen vient d&rsquo;annoncer une recrue ce mardi soir, dont l&rsquo;attaquant form\u00e9&hellip;\n","protected":false},"author":2,"featured_media":183902,"comment_status":"","ping_status":"","sticky":false,"template":"","format":"standard","meta":{"footnotes":""},"categories":[9587],"tags":[1111,11,13771,3396,1997,5244,12708,8485,1777,674,1011,27,32189,1987,6073,9778,1434,3238,12,5161,13399,25,9590,3213,9620],"class_list":{"0":"post-183901","1":"post","2":"type-post","3":"status-publish","4":"format-standard","5":"has-post-thumbnail","7":"category-rouen","8":"tag-actu","9":"tag-actualites","10":"tag-attaquant","11":"tag-avec","12":"tag-bordeaux","13":"tag-club","14":"tag-engage","15":"tag-etait","16":"tag-eu","17":"tag-europe","18":"tag-fr","19":"tag-france","20":"tag-gerbeaud","21":"tag-girondins","22":"tag-malo","23":"tag-mardi","24":"tag-mercato","25":"tag-national","26":"tag-news","27":"tag-normandie","28":"tag-raphael","29":"tag-republique-francaise","30":"tag-rouen","31":"tag-saint","32":"tag-suivi"},"share_on_mastodon":{"url":"https:\/\/pubeurope.com\/@fr\/114699955375731454","error":""},"_links":{"self":[{"href":"https:\/\/www.europesays.com\/fr\/wp-json\/wp\/v2\/posts\/183901","targetHints":{"allow":["GET"]}}],"collection":[{"href":"https:\/\/www.europesays.com\/fr\/wp-json\/wp\/v2\/posts"}],"about":[{"href":"https:\/\/www.europesays.com\/fr\/wp-json\/wp\/v2\/types\/post"}],"author":[{"embeddable":true,"href":"https:\/\/www.europesays.com\/fr\/wp-json\/wp\/v2\/users\/2"}],"replies":[{"embeddable":true,"href":"https:\/\/www.europesays.com\/fr\/wp-json\/wp\/v2\/comments?post=183901"}],"version-history":[{"count":0,"href":"https:\/\/www.europesays.com\/fr\/wp-json\/wp\/v2\/posts\/183901\/revisions"}],"wp:featuredmedia":[{"embeddable":true,"href":"https:\/\/www.europesays.com\/fr\/wp-json\/wp\/v2\/media\/183902"}],"wp:attachment":[{"href":"https:\/\/www.europesays.com\/fr\/wp-json\/wp\/v2\/media?parent=183901"}],"wp:term":[{"taxonomy":"category","embeddable":true,"href":"https:\/\/www.europesays.com\/fr\/wp-json\/wp\/v2\/categories?post=183901"},{"taxonomy":"post_tag","embeddable":true,"href":"https:\/\/www.europesays.com\/fr\/wp-json\/wp\/v2\/tags?post=183901"}],"curies":[{"name":"wp","href":"https:\/\/api.w.org\/{rel}","templated":true}]}}