{"id":183911,"date":"2025-06-17T17:50:12","date_gmt":"2025-06-17T17:50:12","guid":{"rendered":"https:\/\/www.europesays.com\/fr\/183911\/"},"modified":"2025-06-17T17:50:12","modified_gmt":"2025-06-17T17:50:12","slug":"metallurgie-pour-luimm-alsace-la-formation-reste-la-mere-des-batailles-malgre-lincertitude-economique","status":"publish","type":"post","link":"https:\/\/www.europesays.com\/fr\/183911\/","title":{"rendered":"M\u00e9tallurgie. Pour l\u2019UIMM Alsace \u00ab\u00a0la formation reste la m\u00e8re des batailles\u00a0\u00bb malgr\u00e9 l\u2019incertitude \u00e9conomique"},"content":{"rendered":"<p>\u201cIncertitude\u201d. C\u2019est le mot que choisirait Fabien Urban, pr\u00e9sident de l\u2019UIMM Alsace, s\u2019il devait r\u00e9sumer la conjoncture \u00e9conomique de ces derniers mois. \u00ab\u00a0La m\u00e9t\u00e9o est agit\u00e9e, les entreprises naviguent \u00e0 vue, la conjoncture n\u2019est pas propice aux grands plans pluriannuels. L\u2019attentisme r\u00e8gne\u00a0\u00bb, r\u00e9sume-t-il. L\u2019\u00e9lection de <a href=\"https:\/\/www.lalsace.fr\/p\/donald-trump\" target=\"_blank\" rel=\"nofollow noopener\">Donald Trump<\/a> et la menace qu\u2019il fait peser sur le commerce international ont ajout\u00e9 une couche d\u2019instabilit\u00e9 \u00e0 une situation d\u00e9j\u00e0 pr\u00e9caire. \u00ab\u00a0Nous sortons d\u2019une p\u00e9riode de trente ans o\u00f9 le monde \u00e9tait compl\u00e8tement fluide. Le dogme est cruellement entam\u00e9\u00a0\u00bb, compl\u00e8te Patrick Reimeringer, vice-pr\u00e9sident, pour lequel la \u00ab\u00a0redistribution des cartes mondiales\u00a0\u00bb fera des perdants, mais aussi des gagnants.<\/p>\n<p>\u00ab\u00a0Le tissu industriel a bien tenu\u00a0\u00bb<\/p>\n<p>L\u2019UIMM Alsace, qui&#8230;<\/p>\n","protected":false},"excerpt":{"rendered":"\u201cIncertitude\u201d. C\u2019est le mot que choisirait Fabien Urban, pr\u00e9sident de l\u2019UIMM Alsace, s\u2019il devait r\u00e9sumer la conjoncture \u00e9conomique&hellip;\n","protected":false},"author":2,"featured_media":183912,"comment_status":"","ping_status":"","sticky":false,"template":"","format":"standard","meta":{"footnotes":""},"categories":[2820],"tags":[1111,11,2389,33,1777,674,107,1011,27,775,693,12,25,640],"class_list":{"0":"post-183911","1":"post","2":"type-post","3":"status-publish","4":"format-standard","5":"has-post-thumbnail","7":"category-strasbourg","8":"tag-actu","9":"tag-actualites","10":"tag-alsace","11":"tag-economie","12":"tag-eu","13":"tag-europe","14":"tag-fil-info","15":"tag-fr","16":"tag-france","17":"tag-grand-est","18":"tag-industrie","19":"tag-news","20":"tag-republique-francaise","21":"tag-strasbourg"},"share_on_mastodon":{"url":"https:\/\/pubeurope.com\/@fr\/114699974998040374","error":""},"_links":{"self":[{"href":"https:\/\/www.europesays.com\/fr\/wp-json\/wp\/v2\/posts\/183911","targetHints":{"allow":["GET"]}}],"collection":[{"href":"https:\/\/www.europesays.com\/fr\/wp-json\/wp\/v2\/posts"}],"about":[{"href":"https:\/\/www.europesays.com\/fr\/wp-json\/wp\/v2\/types\/post"}],"author":[{"embeddable":true,"href":"https:\/\/www.europesays.com\/fr\/wp-json\/wp\/v2\/users\/2"}],"replies":[{"embeddable":true,"href":"https:\/\/www.europesays.com\/fr\/wp-json\/wp\/v2\/comments?post=183911"}],"version-history":[{"count":0,"href":"https:\/\/www.europesays.com\/fr\/wp-json\/wp\/v2\/posts\/183911\/revisions"}],"wp:featuredmedia":[{"embeddable":true,"href":"https:\/\/www.europesays.com\/fr\/wp-json\/wp\/v2\/media\/183912"}],"wp:attachment":[{"href":"https:\/\/www.europesays.com\/fr\/wp-json\/wp\/v2\/media?parent=183911"}],"wp:term":[{"taxonomy":"category","embeddable":true,"href":"https:\/\/www.europesays.com\/fr\/wp-json\/wp\/v2\/categories?post=183911"},{"taxonomy":"post_tag","embeddable":true,"href":"https:\/\/www.europesays.com\/fr\/wp-json\/wp\/v2\/tags?post=183911"}],"curies":[{"name":"wp","href":"https:\/\/api.w.org\/{rel}","templated":true}]}}