{"id":183917,"date":"2025-06-17T17:53:10","date_gmt":"2025-06-17T17:53:10","guid":{"rendered":"https:\/\/www.europesays.com\/fr\/183917\/"},"modified":"2025-06-17T17:53:10","modified_gmt":"2025-06-17T17:53:10","slug":"une-centaine-de-policiers-le-raid-et-la-crs-81-en-renfort-des-armes-et-du-cash-saisis-ce-que-lon-sait-sur-le-vaste-coup-de-filet-anti-stups-mene-a-nice-et-dans-sa-region","status":"publish","type":"post","link":"https:\/\/www.europesays.com\/fr\/183917\/","title":{"rendered":"Une centaine de policiers, le RAID et la CRS 81 en renfort, des armes et du cash saisis&#8230; Ce que l\u2019on sait sur le vaste coup de filet anti-stups men\u00e9 \u00e0 Nice et dans sa r\u00e9gion"},"content":{"rendered":"<p>C\u2019est tout un r\u00e9seau de trafic de stup\u00e9fiants qui \u00e9tait dans le viseur de la police nationale, au moment de passer \u00e0 l\u2019action ce mardi matin. Et c\u2019est en force que les policiers azur\u00e9ens ont investi plusieurs quartiers de Nice et sa r\u00e9gion, avec des renforts venus de Marseille. Voici ce que l\u2019on sait, \u00e0 ce stade, sur le vaste coup de filet anti-stups qui a mobilis\u00e9 une bonne centaine de policiers et conduit \u00e0 quinze interpellations.<\/p>\n<p>Le narcotrafic dans le viseur<\/p>\n<p>Le bleu de la police et le noir du RAID \u00e9taient de sortie pour une op\u00e9ration d\u2019envergure, ce mardi matin, \u00e0 Nice et dans sa p\u00e9riph\u00e9rie. \u00ab\u00a0Une importante op\u00e9ration a \u00e9t\u00e9 men\u00e9e dans le cadre d\u2019une affaire de trafic de stup\u00e9fiants\u00a0\u00bb, a confirm\u00e9 \u00e0 Nice-Matin le procureur de la R\u00e9publique de Nice Damien Martinelli. Ce coup de filet d\u00e9coule de plusieurs mois d\u2019enqu\u00eate men\u00e9e par la brigade des stups du service local de police judiciaire (SLPJ) de Nice.<\/p>\n<p>Des Moulins \u00e0 Drap<\/p>\n<p>La police a notamment proc\u00e9d\u00e9 \u00e0 des interpellations \u00e0 Nice-Ouest, aux Moulins, quartier de reconqu\u00eate r\u00e9publicaine gangren\u00e9 par le narcotrafic. Cette d\u00e9monstration de force n\u2019est pas pass\u00e9e inaper\u00e7ue. La CRS 81, cette unit\u00e9 sp\u00e9cialis\u00e9e dans la gestion des violences urbaines, est venue de Marseille avec plus d\u2019une cinquantaine d\u2019agents. D\u2019autres \u00ab\u00a0objectifs\u00a0\u00bb ont \u00e9t\u00e9 interpell\u00e9s dans l\u2019agglom\u00e9ration ni\u00e7oise, avec le concours du RAID. Selon nos informations, c\u2019est \u00e0 Drap que cette unit\u00e9 d\u2019\u00e9lite de la police nationale a appr\u00e9hend\u00e9 le principal objectif. D\u2019autres interpellations ont encore eu lieu \u00e0 Saint-Laurent-du-Var, notamment.<\/p>\n<p>Trafiquant, vendeur, nourrice&#8230;<\/p>\n<p>Les gard\u00e9s \u00e0 vue sont essentiellement des hommes \u00e2g\u00e9s de 18 \u00e0 35 ans. Trafiquants, tr\u00e9soriers, vendeurs, nourrices&#8230; Selon nos informations, toutes les strates du r\u00e9seau de narcotrafic seraient repr\u00e9sent\u00e9es. M\u00eame si dans ces affaires, la plupart des suspects tendent \u00e0 nier ou minimiser leur r\u00f4le. \u00e0 charge pour les enqu\u00eateurs de cerner leur degr\u00e9 d\u2019implication. Ils ont jusqu\u2019\u00e0 96 heures de garde \u00e0 vue, \u00e0 la caserne Auvare, pour y voir plus clair.<\/p>\n<p>              <img ci-src=\"https:\/\/www.varmatin.com\/justice\/protec\/DATA_ART_15736739-foSezlGS.jpg?vh=c9ec08&amp;ci_seal=9fed02eea9\" alt=\"\"\/><br \/>\n        Le RAID (ici aux Moulins en novembre 2023) a interpell\u00e9 le principal objectif \u00e0 Drap.&#13;<br \/>\nPhoto archives Dylan Meiffret <strong>Photo archives Dylan Meiffret.<\/strong> <\/p>\n<p>                                Stups, armes et cash<\/p>\n<p>Des perquisitions ont \u00e9t\u00e9 men\u00e9es tout au long de la matin\u00e9e dans les immeubles cibl\u00e9s. De source polici\u00e8re, les forces de l\u2019ordre ont notamment saisi diverses quantit\u00e9s de cannabis et de coca\u00efne, deux pistolets \u00e0 grenailles, et pr\u00e8s de 80.000 euros en esp\u00e8ces. En revanche, pas de voiture de luxe ni bolide \u00e0 premi\u00e8re vue.<\/p>\n<p>Un point de deal dans le viseur<\/p>\n<p>La police esp\u00e8re avoir d\u00e9mantel\u00e9 l\u2019un des nombreux r\u00e9seaux qui irriguent la C\u00f4te d\u2019Azur avec de la drogue. Celui-ci tiendrait un point de deal en vue aux Moulins. L\u2019affaire n\u2019aurait pas de lien connu avec les r\u00e8glements de comptes qui ont d\u00e9fray\u00e9 la chronique ces derniers mois. Le procureur Martinelli communiquera plus en d\u00e9tail sur cette affaire dans un second temps.<\/p>\n","protected":false},"excerpt":{"rendered":"C\u2019est tout un r\u00e9seau de trafic de stup\u00e9fiants qui \u00e9tait dans le viseur de la police nationale, au&hellip;\n","protected":false},"author":2,"featured_media":183918,"comment_status":"","ping_status":"","sticky":false,"template":"","format":"standard","meta":{"footnotes":""},"categories":[2819],"tags":[1111,11,1777,674,118,1011,27,303,12,2401,882,25],"class_list":{"0":"post-183917","1":"post","2":"type-post","3":"status-publish","4":"format-standard","5":"has-post-thumbnail","7":"category-nice","8":"tag-actu","9":"tag-actualites","10":"tag-eu","11":"tag-europe","12":"tag-faits-divers","13":"tag-fr","14":"tag-france","15":"tag-justice","16":"tag-news","17":"tag-nice","18":"tag-provence-alpes-cote-dazur","19":"tag-republique-francaise"},"share_on_mastodon":{"url":"https:\/\/pubeurope.com\/@fr\/114699986768647644","error":""},"_links":{"self":[{"href":"https:\/\/www.europesays.com\/fr\/wp-json\/wp\/v2\/posts\/183917","targetHints":{"allow":["GET"]}}],"collection":[{"href":"https:\/\/www.europesays.com\/fr\/wp-json\/wp\/v2\/posts"}],"about":[{"href":"https:\/\/www.europesays.com\/fr\/wp-json\/wp\/v2\/types\/post"}],"author":[{"embeddable":true,"href":"https:\/\/www.europesays.com\/fr\/wp-json\/wp\/v2\/users\/2"}],"replies":[{"embeddable":true,"href":"https:\/\/www.europesays.com\/fr\/wp-json\/wp\/v2\/comments?post=183917"}],"version-history":[{"count":0,"href":"https:\/\/www.europesays.com\/fr\/wp-json\/wp\/v2\/posts\/183917\/revisions"}],"wp:featuredmedia":[{"embeddable":true,"href":"https:\/\/www.europesays.com\/fr\/wp-json\/wp\/v2\/media\/183918"}],"wp:attachment":[{"href":"https:\/\/www.europesays.com\/fr\/wp-json\/wp\/v2\/media?parent=183917"}],"wp:term":[{"taxonomy":"category","embeddable":true,"href":"https:\/\/www.europesays.com\/fr\/wp-json\/wp\/v2\/categories?post=183917"},{"taxonomy":"post_tag","embeddable":true,"href":"https:\/\/www.europesays.com\/fr\/wp-json\/wp\/v2\/tags?post=183917"}],"curies":[{"name":"wp","href":"https:\/\/api.w.org\/{rel}","templated":true}]}}