{"id":18393,"date":"2025-04-11T22:19:26","date_gmt":"2025-04-11T22:19:26","guid":{"rendered":"https:\/\/www.europesays.com\/fr\/18393\/"},"modified":"2025-04-11T22:19:26","modified_gmt":"2025-04-11T22:19:26","slug":"super-xiii-on-note-la-communication-des-clubs-de-super-xiii-rugby-a-xiii","status":"publish","type":"post","link":"https:\/\/www.europesays.com\/fr\/18393\/","title":{"rendered":"Super XIII &#8211; On note la communication des clubs de Super XIII &#8211; Rugby \u00e0 XIII"},"content":{"rendered":"<p style=\"text-align: justify;\"><strong>Alors que la saison r\u00e9guli\u00e8re se termine dans trois semaines, on donne notre classement sur la communication de chaque club de Super XIII.<\/strong><\/p>\n<p style=\"text-align: justify;\">Une note est donn\u00e9e sur 10 \u00e0 propos du contenu post\u00e9 par les clubs de Super XIII sur Facebook, Instagram, X et YouTube. Parmi les crit\u00e8res d\u2019\u00e9valuation : la qualit\u00e9, la quantit\u00e9, la diffusion des matchs, les annonces (groupes, compositions, r\u00e9sultats\u2026), le suivi des matchs en direct, le site internet.<\/p>\n<p>1 \u2013 L\u00e9zignan <img loading=\"lazy\" decoding=\"async\" class=\"alignnone wp-image-3536 \" src=\"https:\/\/www.europesays.com\/fr\/wp-content\/uploads\/2025\/04\/LEZIGNAN-FDM-150x150.png\" alt=\"\" width=\"20\" height=\"20\"  \/>\u00a09\/10<\/p>\n<p><a href=\"https:\/\/www.facebook.com\/fcl13\" rel=\"nofollow noopener\" target=\"_blank\"><img loading=\"lazy\" decoding=\"async\" class=\"alignnone wp-image-261882\" src=\"https:\/\/www.europesays.com\/fr\/wp-content\/uploads\/2025\/04\/2023_Facebook_icon.svg.png\" alt=\"\" width=\"15\" height=\"15\"  \/><\/a> 10000 <a href=\"https:\/\/www.instagram.com\/lezignan13\/\" rel=\"nofollow noopener\" target=\"_blank\"><img loading=\"lazy\" decoding=\"async\" class=\"alignnone wp-image-261881\" src=\"https:\/\/www.europesays.com\/fr\/wp-content\/uploads\/2025\/04\/Instagram_icon.png.webp.webp\" alt=\"\" width=\"15\" height=\"15\"  \/><\/a> 4928 <a href=\"https:\/\/x.com\/fcl13\" rel=\"nofollow\"><img loading=\"lazy\" decoding=\"async\" class=\"\" src=\"https:\/\/www.europesays.com\/fr\/wp-content\/uploads\/2025\/04\/Logo-X.avif.avif\" width=\"15\" height=\"15\"\/><\/a> 2684 <a href=\"https:\/\/www.youtube.com\/@fclxiii\" rel=\"nofollow noopener\" target=\"_blank\"><img loading=\"lazy\" decoding=\"async\" class=\"alignnone wp-image-153361\" src=\"https:\/\/www.europesays.com\/fr\/wp-content\/uploads\/2025\/04\/Logo-Youtube.png\" alt=\"\" width=\"22\" height=\"15\"  \/><\/a> 1100<\/p>\n<p style=\"text-align: justify;\"><strong>Points forts<\/strong> : Excellente communication sur toutes les cat\u00e9gories du club (photos, visuels et vid\u00e9os de qualit\u00e9). Site moderne avec un large contenu, tr\u00e8s bonne diffusion des matchs \u00e0 domicile en direct sur YouTube avec les r\u00e9sum\u00e9s disponibles rapidement.<\/p>\n<p style=\"text-align: justify;\"><strong>Points faibles<\/strong> : Abandon du compte X, effectif pas \u00e0 jour sur le site internet.<\/p>\n<p>\t<a href=\"https:\/\/www.fcl13.fr\/\" class=\"vlp-link\" title=\"FC.L\u00c9ZIGNAN XIII | Site Officiel\" rel=\"nofollow noopener\" target=\"_blank\">\t\t<\/p>\n<p>\t\t\t<img decoding=\"async\" src=\"https:\/\/www.europesays.com\/fr\/wp-content\/uploads\/2025\/04\/FCL-blanc.jpg\" style=\"max-width: 150px; max-height: 150px\"\/>\t\t<\/p>\n<p>\n\t\t\tFC.L\u00c9ZIGNAN XIII | Site Officiel\t\t<\/p>\n<p>\n\t\t\tBienvenue sur le site officiel du FC.L\u00c9ZIGNAN XIII, le club de Rugby \u00e0 XIII de L\u00e9zignan-Corbi\u00e8res dans l\u2019Aude.\t\t<\/p>\n<p>2 \u2013 Albi <img loading=\"lazy\" decoding=\"async\" class=\"wp-image-3533 alignnone\" src=\"http:\/\/treizemondial.fr\/wp-content\/uploads\/2018\/01\/ALBI-FDM.png\" alt=\"\" width=\"20\" height=\"20\"  \/> 8,5\/10<\/p>\n<p><a href=\"https:\/\/www.facebook.com\/AlbiRugbyLeagueOfficiel\" rel=\"nofollow noopener\" target=\"_blank\"><img loading=\"lazy\" decoding=\"async\" class=\"alignnone wp-image-261882\" src=\"https:\/\/www.europesays.com\/fr\/wp-content\/uploads\/2025\/04\/2023_Facebook_icon.svg.png\" alt=\"\" width=\"15\" height=\"15\"  \/><\/a> 6700 <a href=\"https:\/\/www.instagram.com\/albixiii\/\" rel=\"nofollow noopener\" target=\"_blank\"><img loading=\"lazy\" decoding=\"async\" class=\"alignnone wp-image-261881\" src=\"https:\/\/www.europesays.com\/fr\/wp-content\/uploads\/2025\/04\/Instagram_icon.png.webp.webp\" alt=\"\" width=\"15\" height=\"15\"  \/><\/a> 4081 <a href=\"https:\/\/x.com\/AlbiXIII\" rel=\"nofollow\"><img loading=\"lazy\" decoding=\"async\" class=\"\" src=\"https:\/\/www.europesays.com\/fr\/wp-content\/uploads\/2025\/04\/Logo-X.avif.avif\" width=\"15\" height=\"15\"\/><\/a> 1061 <a href=\"https:\/\/www.youtube.com\/@albirugbyleaguexiii\" rel=\"nofollow noopener\" target=\"_blank\"><img loading=\"lazy\" decoding=\"async\" class=\"alignnone wp-image-153361\" src=\"https:\/\/www.europesays.com\/fr\/wp-content\/uploads\/2025\/04\/Logo-Youtube.png\" alt=\"\" width=\"22\" height=\"15\"  \/><\/a> 2040<\/p>\n<p style=\"text-align: justify;\"><strong>Points forts<\/strong> : Tr\u00e8s bonne communication dans l\u2019ensemble, actif sur tous les r\u00e9seaux sociaux avec de nombreux contenus de qualit\u00e9 (Composition, programme, groupe, photos, interviews vid\u00e9o\u2026). Tr\u00e8s bonne diffusion des matchs en live sur YouTube avec les r\u00e9sum\u00e9s \u00e9galement disponibles. Le site internet est assez complet avec de nombreuses informations et articles.<\/p>\n<p style=\"text-align: justify;\"><strong>Points faibles<\/strong> : Absence des r\u00e9sultats des matchs sur le site, classement \u00e0 am\u00e9liorer (page \u00e0 part enti\u00e8re).<\/p>\n<p>\t<a href=\"https:\/\/www.albirugbyleague.com\/\" class=\"vlp-link\" title=\"Albi Rugby League XIII\" rel=\"nofollow noopener\" target=\"_blank\">\t\t<\/p>\n<p>\t\t\t<img decoding=\"async\" src=\"https:\/\/www.europesays.com\/fr\/wp-content\/uploads\/2025\/04\/ARL13-LOGO.png\" style=\"max-width: 150px; max-height: 150px\"\/>\t\t<\/p>\n<p>\n\t\t\tAlbi Rugby League XIII\t\t<\/p>\n<p>\n\t\t\tAlbi Rugby League XIII club de Rugby \u00e0 XIII de la ville d\u2019Albi. Retrouvez toutes les actualit\u00e9s du club.\t\t<\/p>\n<p>2 \u2013 Carcassonne <img loading=\"lazy\" decoding=\"async\" class=\"wp-image-32259 alignnone\" src=\"http:\/\/treizemondial.fr\/wp-content\/uploads\/2018\/07\/Carcassonne-XIII.png\" alt=\"\" width=\"20\" height=\"20\"  \/> 8,5\/10<\/p>\n<p><a href=\"https:\/\/facebook.com\/carcassonneXIII\/\" rel=\"nofollow noopener\" target=\"_blank\"><img loading=\"lazy\" decoding=\"async\" class=\"alignnone wp-image-261882\" src=\"https:\/\/www.europesays.com\/fr\/wp-content\/uploads\/2025\/04\/2023_Facebook_icon.svg.png\" alt=\"\" width=\"15\" height=\"15\"  \/><\/a> 14000 <a href=\"https:\/\/www.instagram.com\/carcassonnexiii\/\" rel=\"nofollow noopener\" target=\"_blank\"><img loading=\"lazy\" decoding=\"async\" class=\"alignnone wp-image-261881\" src=\"https:\/\/www.europesays.com\/fr\/wp-content\/uploads\/2025\/04\/Instagram_icon.png.webp.webp\" alt=\"\" width=\"15\" height=\"15\"  \/><\/a> 4732 <a href=\"https:\/\/x.com\/CarcassonneXIII\" rel=\"nofollow\"><img loading=\"lazy\" decoding=\"async\" class=\"\" src=\"https:\/\/www.europesays.com\/fr\/wp-content\/uploads\/2025\/04\/Logo-X.avif.avif\" width=\"15\" height=\"15\"\/><\/a> 1974 <a href=\"https:\/\/www.youtube.com\/@carcassonnexiii\" rel=\"nofollow noopener\" target=\"_blank\"><img loading=\"lazy\" decoding=\"async\" class=\"alignnone wp-image-153361\" src=\"https:\/\/www.europesays.com\/fr\/wp-content\/uploads\/2025\/04\/Logo-Youtube.png\" alt=\"\" width=\"22\" height=\"15\"  \/><\/a> 1650<\/p>\n<p style=\"text-align: justify;\"><strong>Points forts<\/strong> : Tr\u00e8s bonne communication g\u00e9n\u00e9rale avec de tr\u00e8s nombreux contenus de qualit\u00e9 que ce soit en image (Affiche de match, composition, groupe, scores\u2026) ou en vid\u00e9o (Interviews, Parlons Carcassonne XIII, mise en avant des partenaires\u2026). Tr\u00e8s bonne diffusion des matchs en direct sur YouTube avec les r\u00e9sum\u00e9s disponibles rapidement.<\/p>\n<p style=\"text-align: justify;\"><strong>Points faibles<\/strong> : Abandon du compte X, r\u00e9sultats et classement pas \u00e0 jour sur le site internet, pas d\u2019effectif, pas d\u2019articles.<\/p>\n<p>\t<a href=\"https:\/\/www.carcassonne13.fr\/\" class=\"vlp-link\" title=\"Carcassonne XIII\" rel=\"nofollow noopener\" target=\"_blank\">\t\t<\/p>\n<p>\t\t\t<img loading=\"lazy\" decoding=\"async\" style=\"max-width: 150px;\" width=\"150\" height=\"150\" src=\"https:\/\/www.europesays.com\/fr\/wp-content\/uploads\/2025\/04\/Carcassonne.png\" class=\"attachment-150x999 size-150x999\" alt=\"\"  \/>\t\t<\/p>\n<p>\n\t\t\tCarcassonne XIII\t\t<\/p>\n<p>\n\t\t\tBienvenue sur le site officiel de Carcassonne XIII, club de Super XIII.\t\t<\/p>\n<p>4 \u2013 Pia <img loading=\"lazy\" decoding=\"async\" class=\"alignnone wp-image-208931 \" src=\"https:\/\/www.europesays.com\/fr\/wp-content\/uploads\/2025\/04\/Logo-Pia-2022.png\" alt=\"\" width=\"20\" height=\"20\"  \/>\u00a08\/10<\/p>\n<p><a href=\"https:\/\/www.facebook.com\/piaxiiibaroudeur\/\" rel=\"nofollow noopener\" target=\"_blank\"><img loading=\"lazy\" decoding=\"async\" class=\"alignnone wp-image-261882\" src=\"https:\/\/www.europesays.com\/fr\/wp-content\/uploads\/2025\/04\/2023_Facebook_icon.svg.png\" alt=\"\" width=\"15\" height=\"15\"  \/><\/a> 1600 <a href=\"https:\/\/www.instagram.com\/pia_xiii_baroudeur\/?hl=fr\" rel=\"nofollow noopener\" target=\"_blank\"><img loading=\"lazy\" decoding=\"async\" class=\"alignnone wp-image-261881\" src=\"https:\/\/www.europesays.com\/fr\/wp-content\/uploads\/2025\/04\/Instagram_icon.png.webp.webp\" alt=\"\" width=\"15\" height=\"15\"  \/><\/a> 2609 <a href=\"https:\/\/www.youtube.com\/@piaxiiibaroudeur4527\" rel=\"nofollow noopener\" target=\"_blank\"><img loading=\"lazy\" decoding=\"async\" class=\"alignnone wp-image-153361\" src=\"https:\/\/www.europesays.com\/fr\/wp-content\/uploads\/2025\/04\/Logo-Youtube.png\" alt=\"\" width=\"22\" height=\"15\"  \/><\/a> 948<\/p>\n<p style=\"text-align: justify;\"><strong>Points forts<\/strong> : Excellente communication sur les r\u00e9seaux sociaux avec des visuels, des photos et des vid\u00e9os de qualit\u00e9 (Groupe, composition, essais, pr\u00e9sentation des nouveaux joueurs\u2026). Excellente diffusion des matchs en direct sur YouTube.<\/p>\n<p style=\"text-align: justify;\"><strong>Points faibles<\/strong> : Pas de site internet, ni de compte X.<\/p>\n<blockquote class=\"instagram-media\" data-instgrm-captioned=\"\" data-instgrm-permalink=\"https:\/\/www.instagram.com\/p\/DDmOJSOoAEj\/?utm_source=ig_embed&amp;utm_campaign=loading\" data-instgrm-version=\"14\" style=\" background:#FFF; border:0; border-radius:3px; box-shadow:0 0 1px 0 rgba(0,0,0,0.5),0 1px 10px 0 rgba(0,0,0,0.15); margin: 1px; max-width:500px; min-width:326px; padding:0; width:99.375%; width:-webkit-calc(100% - 2px); width:calc(100% - 2px);\">\n<\/blockquote>\n<p>5 \u2013 Villeneuve <img loading=\"lazy\" decoding=\"async\" class=\"alignnone wp-image-252466 \" src=\"https:\/\/www.europesays.com\/fr\/wp-content\/uploads\/2025\/04\/Logo-New-Villeneuve-XIII.png\" alt=\"\" width=\"20\" height=\"20\"  \/> 7,5\/10<\/p>\n<p><a href=\"https:\/\/www.facebook.com\/villeneuve13rugby\/?locale=fr_FR\" rel=\"nofollow noopener\" target=\"_blank\"><img loading=\"lazy\" decoding=\"async\" class=\"alignnone wp-image-261882\" src=\"https:\/\/www.europesays.com\/fr\/wp-content\/uploads\/2025\/04\/2023_Facebook_icon.svg.png\" alt=\"\" width=\"15\" height=\"15\"  \/><\/a> 5400 <a href=\"https:\/\/www.instagram.com\/leopardsdaquitaine\/?hl=fr\" rel=\"nofollow noopener\" target=\"_blank\"><img loading=\"lazy\" decoding=\"async\" class=\"alignnone wp-image-261881\" src=\"https:\/\/www.europesays.com\/fr\/wp-content\/uploads\/2025\/04\/Instagram_icon.png.webp.webp\" alt=\"\" width=\"15\" height=\"15\"  \/><\/a> 2721 <a href=\"https:\/\/x.com\/VilleneuveXIII\" rel=\"nofollow\"><img loading=\"lazy\" decoding=\"async\" class=\"alignnone\" src=\"https:\/\/www.europesays.com\/fr\/wp-content\/uploads\/2025\/04\/Logo-X.avif.avif\" alt=\"\" width=\"15\" height=\"15\"\/><\/a> 610 <a href=\"https:\/\/www.youtube.com\/@leopardsdaquitaine\" rel=\"nofollow noopener\" target=\"_blank\"><img loading=\"lazy\" decoding=\"async\" class=\"alignnone wp-image-153361\" src=\"https:\/\/www.europesays.com\/fr\/wp-content\/uploads\/2025\/04\/Logo-Youtube.png\" alt=\"\" width=\"22\" height=\"15\"  \/><\/a> 94<\/p>\n<p style=\"text-align: justify;\"><strong>Points forts<\/strong> : Excellente communication avec du contenu photos et vid\u00e9os de qualit\u00e9 (Groupe, composition, scores, essais, photos de match\u2026). S\u2019adapte aux tendances actuelles d\u2019internet avec des visuels et des vid\u00e9os divertissants. Site internet \u00e9pur\u00e9 avec une bonne base d\u2019informations, replay des matchs sur YouTube.<\/p>\n<p style=\"text-align: justify;\"><strong>Points faibles<\/strong> : Pas de diffusion des matchs en direct, r\u00e9sultats et classement pas \u00e0 jour sur le site, abandon du compte X.<\/p>\n<p>\t<a href=\"https:\/\/www.villeneuve13.com\/\" class=\"vlp-link\" title=\"Site officiel de Villeneuve XIII Rugby League\" rel=\"nofollow noopener\" target=\"_blank\">\t\t<\/p>\n<p>\t\t\t<img decoding=\"async\" src=\"https:\/\/www.europesays.com\/fr\/wp-content\/uploads\/2025\/04\/3730db_9dc6792793224ca7a111d5a0ce6d58b8~mv2.png\" style=\"max-width: 150px; max-height: 150px\"\/>\t\t<\/p>\n<p>\n\t\t\tSite officiel de Villeneuve XIII Rugby League\t\t<\/p>\n<p>\n\t\t\tClub historique de rugby \u00e0 XIII cr\u00e9\u00e9 en 1934 \u00e0 Villeneuve-sur-Lot.\t\t<\/p>\n<p>6 \u2013 Limoux <img loading=\"lazy\" decoding=\"async\" class=\"alignnone wp-image-71893\" src=\"http:\/\/treizemondial.fr\/wp-content\/uploads\/2018\/01\/Limoux-Logo-e1558617428840.png\" alt=\"\" width=\"20\" height=\"20\"  \/> 7\/10<\/p>\n<p><a href=\"https:\/\/www.facebook.com\/13Limouxin\/?locale=fr_FR\" rel=\"nofollow noopener\" target=\"_blank\"><img loading=\"lazy\" decoding=\"async\" class=\"alignnone wp-image-261882\" src=\"https:\/\/www.europesays.com\/fr\/wp-content\/uploads\/2025\/04\/2023_Facebook_icon.svg.png\" alt=\"\" width=\"15\" height=\"15\"  \/><\/a> 6900 <a href=\"https:\/\/www.instagram.com\/xiii_limouxin\/?hl=fr\" rel=\"nofollow noopener\" target=\"_blank\"><img loading=\"lazy\" decoding=\"async\" class=\"alignnone wp-image-261881\" src=\"https:\/\/www.europesays.com\/fr\/wp-content\/uploads\/2025\/04\/Instagram_icon.png.webp.webp\" alt=\"\" width=\"15\" height=\"15\"  \/><\/a> 3656 <a href=\"https:\/\/x.com\/xiii_limouxin\" rel=\"nofollow\"><img loading=\"lazy\" decoding=\"async\" class=\"alignnone\" src=\"https:\/\/www.europesays.com\/fr\/wp-content\/uploads\/2025\/04\/Logo-X.avif.avif\" alt=\"\" width=\"15\" height=\"15\"\/><\/a> 819 <a href=\"https:\/\/www.youtube.com\/@xiiilimouxintv-chaineoffic1981\" rel=\"nofollow noopener\" target=\"_blank\"><img loading=\"lazy\" decoding=\"async\" class=\"alignnone wp-image-153361\" src=\"https:\/\/www.europesays.com\/fr\/wp-content\/uploads\/2025\/04\/Logo-Youtube.png\" alt=\"\" width=\"22\" height=\"15\"  \/><\/a> 1200<\/p>\n<p style=\"text-align: justify;\"><strong>Points forts<\/strong> : Bonne communication dans l\u2019ensemble (Groupe, composition, r\u00e9sultat\u2026). Excellente diffusion des matchs en direct sur YouTube.<\/p>\n<p style=\"text-align: justify;\"><strong>Points faibles<\/strong> : Pas de site internet, abandon du compte X, pas de r\u00e9sum\u00e9s des matchs et pas d\u2019autres contenus sur YouTube. Les compositions annonc\u00e9es diff\u00e8rent souvent des officielles.<\/p>\n<blockquote class=\"instagram-media\" data-instgrm-captioned=\"\" data-instgrm-permalink=\"https:\/\/www.instagram.com\/reel\/DGKekpHvvqX\/?utm_source=ig_embed&amp;utm_campaign=loading\" data-instgrm-version=\"14\" style=\" background:#FFF; border:0; border-radius:3px; box-shadow:0 0 1px 0 rgba(0,0,0,0.5),0 1px 10px 0 rgba(0,0,0,0.15); margin: 1px; max-width:500px; min-width:326px; padding:0; width:99.375%; width:-webkit-calc(100% - 2px); width:calc(100% - 2px);\">\n<\/blockquote>\n<p>7 \u2013 Villefranche <img loading=\"lazy\" decoding=\"async\" class=\"wp-image-22378 alignnone\" src=\"http:\/\/treizemondial.fr\/wp-content\/uploads\/2018\/07\/Villefranche-300x300.png\" alt=\"\" width=\"20\" height=\"20\"  \/> 6,5\/10<\/p>\n<p><a href=\"https:\/\/www.facebook.com\/villefranche13\/?locale=fr_FR\" rel=\"nofollow noopener\" target=\"_blank\"><img loading=\"lazy\" decoding=\"async\" class=\"alignnone wp-image-261882\" src=\"https:\/\/www.europesays.com\/fr\/wp-content\/uploads\/2025\/04\/2023_Facebook_icon.svg.png\" alt=\"\" width=\"15\" height=\"15\"  \/><\/a> 4900 <a href=\"https:\/\/www.instagram.com\/villefranche13\/\" rel=\"nofollow noopener\" target=\"_blank\"><img loading=\"lazy\" decoding=\"async\" class=\"alignnone wp-image-261881\" src=\"https:\/\/www.europesays.com\/fr\/wp-content\/uploads\/2025\/04\/Instagram_icon.png.webp.webp\" alt=\"\" width=\"15\" height=\"15\"  \/><\/a> 1781 <a href=\"https:\/\/x.com\/Villefranche13A\" rel=\"nofollow\"><img loading=\"lazy\" decoding=\"async\" class=\"alignnone\" src=\"https:\/\/www.europesays.com\/fr\/wp-content\/uploads\/2025\/04\/Logo-X.avif.avif\" alt=\"\" width=\"15\" height=\"15\"\/><\/a> 629 <a href=\"https:\/\/www.youtube.com\/@lesloupsvillefrancheXIII\" rel=\"nofollow noopener\" target=\"_blank\"><img loading=\"lazy\" decoding=\"async\" class=\"alignnone wp-image-153361\" src=\"https:\/\/www.europesays.com\/fr\/wp-content\/uploads\/2025\/04\/Logo-Youtube.png\" alt=\"\" width=\"22\" height=\"15\"  \/><\/a> 60<\/p>\n<p style=\"text-align: justify;\"><strong>Points forts<\/strong> : Bonne communication sur l\u2019ensemble des r\u00e9seaux sociaux (Composition d\u2019\u00e9quipe, suivi du match en direct, r\u00e9sultat, photos de qualit\u00e9\u2026). Site internet avec tous les r\u00e9sultats du Super XIII, classement \u00e0 jour, les compositions et les marqueurs de chaque match du club. Quelques matchs en replay sur YouTube.<\/p>\n<p style=\"text-align: justify;\"><strong>Points faibles<\/strong> : Pas de diffusion des matchs \u00e0 domicile, peu de quantit\u00e9, le design du site pourrait \u00eatre mis au gout du jour.<\/p>\n<p>\t<a href=\"https:\/\/www.villefranche13.com\/\" class=\"vlp-link\" title=\"Villefranche XIII\" rel=\"nofollow noopener\" target=\"_blank\">\t\t<\/p>\n<p>\t\t\t<img loading=\"lazy\" decoding=\"async\" style=\"max-width: 150px;\" width=\"150\" height=\"150\" src=\"https:\/\/www.europesays.com\/fr\/wp-content\/uploads\/2025\/04\/Villefranche.png\" class=\"attachment-150x999 size-150x999\" alt=\"\"  \/>\t\t<\/p>\n<p>\n\t\t\tVillefranche XIII\t\t<\/p>\n<p>\n\t\t\tSite officiel des Loups de Villefranche XIII Aveyron, \u00e9quipe disputant le meilleur championnat fran\u00e7ais, le Super XIII.\t\t<\/p>\n<p>7 \u2013 Avignon <img loading=\"lazy\" decoding=\"async\" class=\"alignnone wp-image-40429\" src=\"http:\/\/treizemondial.fr\/wp-content\/uploads\/2018\/07\/So-Avignon.png\" alt=\"\" width=\"20\" height=\"20\"  \/> 6,5\/10<\/p>\n<p><a href=\"https:\/\/www.facebook.com\/SOAvignonXIII\/?locale=fr_FR\" rel=\"nofollow noopener\" target=\"_blank\"><img loading=\"lazy\" decoding=\"async\" class=\"alignnone wp-image-261882\" src=\"https:\/\/www.europesays.com\/fr\/wp-content\/uploads\/2025\/04\/2023_Facebook_icon.svg.png\" alt=\"\" width=\"15\" height=\"15\"  \/><\/a> 6200 <a href=\"https:\/\/www.instagram.com\/soa13officiel\/\" rel=\"nofollow noopener\" target=\"_blank\"><img loading=\"lazy\" decoding=\"async\" class=\"alignnone wp-image-261881\" src=\"https:\/\/www.europesays.com\/fr\/wp-content\/uploads\/2025\/04\/Instagram_icon.png.webp.webp\" alt=\"\" width=\"15\" height=\"15\"  \/><\/a> 3235 <a href=\"https:\/\/x.com\/SOAXIII\" rel=\"nofollow\"><img loading=\"lazy\" decoding=\"async\" class=\"alignnone\" src=\"https:\/\/www.europesays.com\/fr\/wp-content\/uploads\/2025\/04\/Logo-X.avif.avif\" alt=\"\" width=\"15\" height=\"15\"\/><\/a> 1503 <a href=\"https:\/\/www.youtube.com\/@SOAVIGNONXIIIOFFICIEL\" rel=\"nofollow noopener\" target=\"_blank\"><img loading=\"lazy\" decoding=\"async\" class=\"alignnone wp-image-153361\" src=\"https:\/\/www.europesays.com\/fr\/wp-content\/uploads\/2025\/04\/Logo-Youtube.png\" alt=\"\" width=\"22\" height=\"15\"  \/><\/a> 949<\/p>\n<p style=\"text-align: justify;\"><strong>Points forts<\/strong> : Contenu image et vid\u00e9o de tr\u00e8s haute qualit\u00e9 (Affiche de match, groupe, interviews vid\u00e9o\u2026). Excellente diffusion des matchs en direct sur YouTube, site internet moderne.<\/p>\n<p style=\"text-align: justify;\"><strong>Points faibles<\/strong> : Pas de composition, pas d\u2019annonce des r\u00e9sultats, site pas \u00e0 jour (effectif, r\u00e9sultats, classement\u2026), abandon du compte X.<\/p>\n<p>\t<a href=\"https:\/\/soa13.fr\/\" class=\"vlp-link\" title=\"Sporting Olympique Avignon XIII | Site Officiel\" rel=\"nofollow noopener\" target=\"_blank\">\t\t<\/p>\n<p>\t\t\t<img decoding=\"async\" src=\"https:\/\/www.europesays.com\/fr\/wp-content\/uploads\/2025\/04\/SOA-AVIGNON.jpg\" style=\"max-width: 150px; max-height: 150px\"\/>\t\t<\/p>\n<p>\n\t\t\tSporting Olympique Avignon XIII | Site Officiel\t\t<\/p>\n<p>\n\t\t\tLe SOA XIII, c\u2019est avant tout une grande famille : supporteurs d\u00e9vou\u00e9s, dirigeants engag\u00e9s et joueurs qui portent fi\u00e8rement nos couleurs.\t\t<\/p>\n<p>9 \u2013 Saint-Est\u00e8ve XIII Catalan <img loading=\"lazy\" decoding=\"async\" class=\"wp-image-3539 alignnone\" src=\"http:\/\/treizemondial.fr\/wp-content\/uploads\/2018\/01\/ST-ESTEVE-FDM.png\" alt=\"\" width=\"20\" height=\"20\"  \/> 5\/10<\/p>\n<p><a href=\"https:\/\/www.facebook.com\/p\/Saint-Est%C3%A8ve-XIII-Catalan-100063583868139\/?locale=fr_FR&amp;_rdr\" rel=\"nofollow noopener\" target=\"_blank\"><img loading=\"lazy\" decoding=\"async\" class=\"alignnone wp-image-261882\" src=\"https:\/\/www.europesays.com\/fr\/wp-content\/uploads\/2025\/04\/2023_Facebook_icon.svg.png\" alt=\"\" width=\"15\" height=\"15\"  \/><\/a> 4400 <a href=\"https:\/\/www.instagram.com\/stesteve.13catalan\/\" rel=\"nofollow noopener\" target=\"_blank\"><img loading=\"lazy\" decoding=\"async\" class=\"alignnone wp-image-261881\" src=\"https:\/\/www.europesays.com\/fr\/wp-content\/uploads\/2025\/04\/Instagram_icon.png.webp.webp\" alt=\"\" width=\"15\" height=\"15\"  \/><\/a> 1421\u00a0<a href=\"https:\/\/www.youtube.com\/@Saint-EsteveXIIICatalan\" rel=\"nofollow noopener\" target=\"_blank\"><img loading=\"lazy\" decoding=\"async\" class=\"alignnone wp-image-153361\" src=\"https:\/\/www.europesays.com\/fr\/wp-content\/uploads\/2025\/04\/Logo-Youtube.png\" alt=\"\" width=\"22\" height=\"15\"  \/><\/a> 370<\/p>\n<p style=\"text-align: justify;\"><strong>Points forts<\/strong> : Matchs diffus\u00e9s en live sur YouTube, affiches de match. Compositions, groupes, photos, r\u00e9sultats et r\u00e9sum\u00e9s des matchs (mais par les Dragons Catalans).<\/p>\n<p style=\"text-align: justify;\"><strong>Points faibles<\/strong> : Diffusion \u00e0 am\u00e9liorer (pas de chronom\u00e8tre, pas de score, ni de commentateurs), pas de suivi si le match n\u2019est pas diffus\u00e9. Pas de compte X, pas de site internet. Les r\u00e9sultats sont sur le site des Dragons Catalans, mais classement pas \u00e0 jour.<\/p>\n<p>\t<a href=\"http:\/\/www.catalansdragons.com\/equipe-elite\/\" class=\"vlp-link\" title=\"Saint-Est\u00e8ve XIII Catalan\" rel=\"nofollow noopener\" target=\"_blank\">\t\t<\/p>\n<p>\t\t\t<img loading=\"lazy\" decoding=\"async\" style=\"max-width: 150px;\" width=\"150\" height=\"150\" src=\"https:\/\/www.europesays.com\/fr\/wp-content\/uploads\/2025\/04\/ST-ESTEVE-XIII.png\" class=\"attachment-150x999 size-150x999\" alt=\"ST ESTEVE XIII\"  \/>\t\t<\/p>\n<p>\n\t\t\tSaint-Est\u00e8ve XIII Catalan\t\t<\/p>\n<p>\n\t\t\tEffectif, calendrier et classement de l&rsquo;\u00e9quipe r\u00e9serve des Dragons Catalans.\t\t<\/p>\n<p>10 \u2013 Toulouse Olympique <img loading=\"lazy\" decoding=\"async\" class=\"alignnone wp-image-3541\" src=\"https:\/\/www.europesays.com\/fr\/wp-content\/uploads\/2025\/04\/TOULOUSE-FDM.png\" alt=\"\" width=\"20\" height=\"20\"  \/> 4,5\/10<\/p>\n<p><a href=\"https:\/\/www.facebook.com\/assoto13\/?locale=fr_FR\" rel=\"nofollow noopener\" target=\"_blank\"><img loading=\"lazy\" decoding=\"async\" class=\"alignnone wp-image-261882\" src=\"https:\/\/www.europesays.com\/fr\/wp-content\/uploads\/2025\/04\/2023_Facebook_icon.svg.png\" alt=\"\" width=\"15\" height=\"15\"  \/><\/a> 3600 <a href=\"https:\/\/www.instagram.com\/to13association\/\" rel=\"nofollow noopener\" target=\"_blank\"><img loading=\"lazy\" decoding=\"async\" class=\"alignnone wp-image-261881\" src=\"https:\/\/www.europesays.com\/fr\/wp-content\/uploads\/2025\/04\/Instagram_icon.png.webp.webp\" alt=\"\" width=\"15\" height=\"15\"  \/><\/a> 1947\u00a0<a href=\"https:\/\/www.youtube.com\/@associationtoulouseolympique13\" rel=\"nofollow noopener\" target=\"_blank\"><img loading=\"lazy\" decoding=\"async\" class=\"alignnone wp-image-153361\" src=\"https:\/\/www.europesays.com\/fr\/wp-content\/uploads\/2025\/04\/Logo-Youtube.png\" alt=\"\" width=\"22\" height=\"15\"  \/><\/a> 606<\/p>\n<p style=\"text-align: justify;\"><strong>Points forts<\/strong> : Matchs diffus\u00e9s en direct sur YouTube, affiches, photos et r\u00e9sultats des matchs. Bonne communication sur l\u2019ensemble des autres cat\u00e9gories.<\/p>\n<p style=\"text-align: justify;\"><strong>Points faibles<\/strong> : Diffusion \u00e0 am\u00e9liorer (pas de commentateurs, qualit\u00e9 moyenne). Pas de groupe, pas de composition. Pas de compte X, pas de site internet, quasiment aucune information sur celui du club de Championship.<\/p>\n<p>\t<a href=\"https:\/\/www.to13.com\/category\/to-elite-1\/\" class=\"vlp-link\" title=\"Toulouse Olympique Elite\" rel=\"nofollow noopener\" target=\"_blank\">\t\t<\/p>\n<p>\t\t\t<img loading=\"lazy\" decoding=\"async\" style=\"max-width: 150px;\" width=\"150\" height=\"150\" src=\"https:\/\/www.europesays.com\/fr\/wp-content\/uploads\/2025\/04\/TOULOUSE-FDM.png\" class=\"attachment-150x999 size-150x999\" alt=\"\"  \/>\t\t<\/p>\n<p>\n\t\t\tToulouse Olympique Elite\t\t<\/p>\n<p>\n\t\t\t\u00c9quipe r\u00e9serve du Toulouse Olympique qui \u00e9volue en Championship.\t\t<\/p>\n<p>11 \u2013\u00a0Saint-Gaudens <img loading=\"lazy\" decoding=\"async\" class=\"alignnone wp-image-40265\" src=\"http:\/\/treizemondial.fr\/wp-content\/uploads\/2018\/01\/Logo-Saint-Gaudens-2018-2019.png\" alt=\"\" width=\"20\" height=\"20\"  \/> 4\/10<\/p>\n<p><a href=\"https:\/\/www.facebook.com\/RACINGCLUBSAINTGAUDENSXIII\/?locale=fr_FR\" rel=\"nofollow noopener\" target=\"_blank\"><img loading=\"lazy\" decoding=\"async\" class=\"alignnone wp-image-261882\" src=\"https:\/\/www.europesays.com\/fr\/wp-content\/uploads\/2025\/04\/2023_Facebook_icon.svg.png\" alt=\"\" width=\"15\" height=\"15\"  \/><\/a> 5500 <a href=\"https:\/\/www.instagram.com\/racingclubsaintgaudens\/?hl=fr\" rel=\"nofollow noopener\" target=\"_blank\"><img loading=\"lazy\" decoding=\"async\" class=\"alignnone wp-image-261881\" src=\"https:\/\/www.europesays.com\/fr\/wp-content\/uploads\/2025\/04\/Instagram_icon.png.webp.webp\" alt=\"\" width=\"15\" height=\"15\"  \/><\/a> 3079 <a href=\"https:\/\/x.com\/RCSTGAUDENSXIII\" rel=\"nofollow\"><img loading=\"lazy\" decoding=\"async\" class=\"alignnone\" src=\"https:\/\/www.europesays.com\/fr\/wp-content\/uploads\/2025\/04\/Logo-X.avif.avif\" alt=\"\" width=\"15\" height=\"15\"\/><\/a> 222<\/p>\n<p style=\"text-align: justify;\"><strong>Points forts<\/strong> : Affiches et photos des matchs, compositions, r\u00e9sultats. Site internet moderne avec l\u2019effectif et quelques articles.<\/p>\n<p style=\"text-align: justify;\"><strong>Points faibles<\/strong> : Pas de diffusion des matchs, pas de suivi en direct, peu de quantit\u00e9, pas de r\u00e9sultats ni classement sur le site internet, manque de r\u00e9activit\u00e9 sur la publication des scores, abandon du compte X.<\/p>\n<p>\t<a href=\"https:\/\/www.racingclubsaintgaudinoiscommingesxiii.com\/\" class=\"vlp-link\" title=\"Racing Club Saint-Gaudinois Comminges XIII | RC Saint-Gaudens XIII\" rel=\"nofollow noopener\" target=\"_blank\">\t\t<\/p>\n<p>\t\t\t<img decoding=\"async\" src=\"https:\/\/www.europesays.com\/fr\/wp-content\/uploads\/2025\/04\/677cda_b4f10029ac6643768dc53a64bd55508d~mv2.jpg\" style=\"max-width: 150px; max-height: 150px\"\/>\t\t<\/p>\n<p>\n\t\t\tRacing Club Saint-Gaudinois Comminges XIII | RC Saint-Gaudens XIII\t\t<\/p>\n<p>\n\t\t\tLe Racing Club Saint-Gaudinois Comminges XIII est un club de rugby \u00e0 13 localis\u00e9 dans le bassin de la Garonne et au pied des Pyr\u00e9n\u00e9es.\t\t<\/p>\n<p>        <script async src=\"\/\/www.instagram.com\/embed.js\"><\/script><\/p>\n","protected":false},"excerpt":{"rendered":"Alors que la saison r\u00e9guli\u00e8re se termine dans trois semaines, on donne notre classement sur la communication de&hellip;\n","protected":false},"author":2,"featured_media":18394,"comment_status":"","ping_status":"","sticky":false,"template":"","format":"standard","meta":{"footnotes":""},"categories":[1416],"tags":[7296,7297,7298,7299,1011,27,7300,479,2228,1468,2229,2230,7301,60,2231,7302,7303,7304,7305],"class_list":{"0":"post-18393","1":"post","2":"type-post","3":"status-publish","4":"format-standard","5":"has-post-thumbnail","7":"category-rugby","8":"tag-albi","9":"tag-baroudeurs-de-pia","10":"tag-carcassonne-xiii","11":"tag-fc-lezignan","12":"tag-fr","13":"tag-france","14":"tag-rc-saint-gaudens-xiii","15":"tag-rugby","16":"tag-rugby-a-xiii","17":"tag-rugby-football","18":"tag-rugby-league","19":"tag-saint-esteve-xiii-catalan","20":"tag-so-avignon-xiii","21":"tag-sports","22":"tag-super-xiii","23":"tag-toulouse-olympique-elite","24":"tag-villefranche-aveyron-xiii","25":"tag-villeneuve-xiii","26":"tag-xiii-limouxin"},"share_on_mastodon":{"url":"https:\/\/pubeurope.com\/@fr\/114321658229417092","error":""},"_links":{"self":[{"href":"https:\/\/www.europesays.com\/fr\/wp-json\/wp\/v2\/posts\/18393","targetHints":{"allow":["GET"]}}],"collection":[{"href":"https:\/\/www.europesays.com\/fr\/wp-json\/wp\/v2\/posts"}],"about":[{"href":"https:\/\/www.europesays.com\/fr\/wp-json\/wp\/v2\/types\/post"}],"author":[{"embeddable":true,"href":"https:\/\/www.europesays.com\/fr\/wp-json\/wp\/v2\/users\/2"}],"replies":[{"embeddable":true,"href":"https:\/\/www.europesays.com\/fr\/wp-json\/wp\/v2\/comments?post=18393"}],"version-history":[{"count":0,"href":"https:\/\/www.europesays.com\/fr\/wp-json\/wp\/v2\/posts\/18393\/revisions"}],"wp:featuredmedia":[{"embeddable":true,"href":"https:\/\/www.europesays.com\/fr\/wp-json\/wp\/v2\/media\/18394"}],"wp:attachment":[{"href":"https:\/\/www.europesays.com\/fr\/wp-json\/wp\/v2\/media?parent=18393"}],"wp:term":[{"taxonomy":"category","embeddable":true,"href":"https:\/\/www.europesays.com\/fr\/wp-json\/wp\/v2\/categories?post=18393"},{"taxonomy":"post_tag","embeddable":true,"href":"https:\/\/www.europesays.com\/fr\/wp-json\/wp\/v2\/tags?post=18393"}],"curies":[{"name":"wp","href":"https:\/\/api.w.org\/{rel}","templated":true}]}}