{"id":183934,"date":"2025-06-17T18:02:09","date_gmt":"2025-06-17T18:02:09","guid":{"rendered":"https:\/\/www.europesays.com\/fr\/183934\/"},"modified":"2025-06-17T18:02:09","modified_gmt":"2025-06-17T18:02:09","slug":"avec-600-refugies-formes-a-la-cuisine-le-refugee-food-festival-un-tremplin-marseillais-pour-sintegrer","status":"publish","type":"post","link":"https:\/\/www.europesays.com\/fr\/183934\/","title":{"rendered":"Avec 600 r\u00e9fugi\u00e9s form\u00e9s \u00e0 la cuisine, le Refugee Food Festival, un \u00ab\u00a0tremplin\u00a0\u00bb marseillais pour s&rsquo;int\u00e9grer"},"content":{"rendered":"<p>Shogofa Nabizada, cheffe afghane, dresse les assiettes \u00e0 la cha\u00eene. \u00ab\u00a0Chaud devant\u00a0!\u00a0\u00bb, lance-t-elle en envoyant les plats en salle. En cuisine, la jeune femme est dans son \u00e9l\u00e9ment. \u00ab\u00a0Je fais un kefta chalaw. C&rsquo;est un plat typique en Afghanistan\u00a0: des boulettes de viande et du riz \u00e0 la tomate. On le pr\u00e9pare surtout pour les mariages\u00a0\u00bb, raconte-t-elle en repla\u00e7ant son tablier. Ce mardi 17\u00a0juin, les saveurs afghanes s&rsquo;invitent dans les assiettes des r\u00e9sidents du Centre communal d&rsquo;action sociale (CCAS) \u00ab\u00a0Les Massiliennes\u00a0\u00bb dans le Panier\u00a0(2e), <a href=\"https:\/\/www.laprovence.com\/article\/region\/187215417985215\/le-refugee-food-festival-rassemble-autour-de-la-cuisine-a-la-ciotat\" target=\"_blank\" rel=\"noopener\">\u00e0 l&rsquo;occasion du Refugee Food Festival.<\/a><\/p>\n<p>\u00ab\u00a0La cuisine met tout le monde d&rsquo;accord\u00a0\u00bb<\/p>\n<p>Organis\u00e9 du 17 au 25\u00a0juin, l&rsquo;\u00e9v\u00e9nement, dont c&rsquo;est la 9e \u00e9dition \u00e0 <a href=\"https:\/\/www.laprovence.com\/bouches-du-rhone\/marseille-13055\" target=\"_blank\" rel=\"noopener\">Marseille<\/a>, permet aux cuisiniers r\u00e9fugi\u00e9s, form\u00e9s par l&rsquo;association Refugee Food, de concocter des menus dans des \u00e9tablissements locaux comme un CCAS, un restaurant, une chocolaterie&#8230;<\/p>\n","protected":false},"excerpt":{"rendered":"Shogofa Nabizada, cheffe afghane, dresse les assiettes \u00e0 la cha\u00eene. \u00ab\u00a0Chaud devant\u00a0!\u00a0\u00bb, lance-t-elle en envoyant les plats en&hellip;\n","protected":false},"author":2,"featured_media":183935,"comment_status":"","ping_status":"","sticky":false,"template":"","format":"standard","meta":{"footnotes":""},"categories":[2814],"tags":[17,13709,1111,11,3396,902,1777,674,2656,20101,1011,27,884,12,882,32192,2495,16,25],"class_list":{"0":"post-183934","1":"post","2":"type-post","3":"status-publish","4":"format-standard","5":"has-post-thumbnail","7":"category-marseille","8":"tag-17","9":"tag-13709","10":"tag-actu","11":"tag-actualites","12":"tag-avec","13":"tag-cuisine","14":"tag-eu","15":"tag-europe","16":"tag-food","17":"tag-formes","18":"tag-fr","19":"tag-france","20":"tag-marseille","21":"tag-news","22":"tag-provence-alpes-cote-dazur","23":"tag-refugee","24":"tag-refugies","25":"tag-region","26":"tag-republique-francaise"},"share_on_mastodon":{"url":"https:\/\/pubeurope.com\/@fr\/114700022263823201","error":""},"_links":{"self":[{"href":"https:\/\/www.europesays.com\/fr\/wp-json\/wp\/v2\/posts\/183934","targetHints":{"allow":["GET"]}}],"collection":[{"href":"https:\/\/www.europesays.com\/fr\/wp-json\/wp\/v2\/posts"}],"about":[{"href":"https:\/\/www.europesays.com\/fr\/wp-json\/wp\/v2\/types\/post"}],"author":[{"embeddable":true,"href":"https:\/\/www.europesays.com\/fr\/wp-json\/wp\/v2\/users\/2"}],"replies":[{"embeddable":true,"href":"https:\/\/www.europesays.com\/fr\/wp-json\/wp\/v2\/comments?post=183934"}],"version-history":[{"count":0,"href":"https:\/\/www.europesays.com\/fr\/wp-json\/wp\/v2\/posts\/183934\/revisions"}],"wp:featuredmedia":[{"embeddable":true,"href":"https:\/\/www.europesays.com\/fr\/wp-json\/wp\/v2\/media\/183935"}],"wp:attachment":[{"href":"https:\/\/www.europesays.com\/fr\/wp-json\/wp\/v2\/media?parent=183934"}],"wp:term":[{"taxonomy":"category","embeddable":true,"href":"https:\/\/www.europesays.com\/fr\/wp-json\/wp\/v2\/categories?post=183934"},{"taxonomy":"post_tag","embeddable":true,"href":"https:\/\/www.europesays.com\/fr\/wp-json\/wp\/v2\/tags?post=183934"}],"curies":[{"name":"wp","href":"https:\/\/api.w.org\/{rel}","templated":true}]}}