{"id":183936,"date":"2025-06-17T18:03:18","date_gmt":"2025-06-17T18:03:18","guid":{"rendered":"https:\/\/www.europesays.com\/fr\/183936\/"},"modified":"2025-06-17T18:03:18","modified_gmt":"2025-06-17T18:03:18","slug":"immobilier-a-marseille-la-guerre-explosive-entre-deux-franchises-de-stephane-plaza","status":"publish","type":"post","link":"https:\/\/www.europesays.com\/fr\/183936\/","title":{"rendered":"Immobilier. \u00c0 Marseille, la guerre explosive entre deux franchis\u00e9s de St\u00e9phane Plaza"},"content":{"rendered":"<p>            Par<br \/>\n        <strong><br \/>\n            <a href=\"https:\/\/actu.fr\/auteur\/thibault-nadal-actu-fr\" title=\"Consulter tous les articles de Thibault Nadal\" rel=\"nofollow noopener\" target=\"_blank\">Thibault Nadal<\/a><br \/>\n        <\/strong><\/p>\n<p>        Publi\u00e9 le<\/p>\n<p>            17 juin 2025 \u00e0 17h59        <\/p>\n<p>\u00ab\u2009Des accusations graves port\u00e9es de part et d\u2019autre\u2009\u00bb qui vont se r\u00e9gler <strong>devant les tribunaux<\/strong>. Depuis plusieurs ann\u00e9es, deux franchis\u00e9s du r\u00e9seau de St\u00e9phane Plaza \u00e0 <a href=\"https:\/\/actu.fr\/marseille\/\" rel=\"nofollow noopener\" target=\"_blank\">Marseille<\/a> se livrent une v\u00e9ritable guerre. Mais celle-ci a pris un tournant violent avec des messages d\u2019insultes \u00e0 caract\u00e8re raciste, de la diffamation, du harc\u00e8lement ou encore des menaces.<\/p>\n<p>Une histoire de business qui a d\u00e9g\u00e9n\u00e9r\u00e9\u2009?<\/p>\n<p class=\" wall-content\">Cette affaire qui date de plusieurs ann\u00e9es a \u00e9t\u00e9 mise sur la place publique par Corneille F., g\u00e9rant de quatre agences dans le centre de Marseille (2e, 5e, 6e et 7e). Dans un communiqu\u00e9, il explique \u00eatre victime \u00ab\u2009de <strong>propos diffamatoires, de harc\u00e8lement moral et d\u2019injures \u00e0 caract\u00e8re raciste<\/strong>\u2009\u00bb par Jean-S\u00e9bastien G., associ\u00e9 dans plusieurs agences des 9e, 10e et 11e arrondissements de Marseille.<\/p>\n<p class=\" wall-content\">Un r\u00e9seau que l\u2019homme a r\u00e9cemment quitt\u00e9, comme il l\u2019explique sur <a href=\"https:\/\/www.facebook.com\/jeansebastiengelbard\" rel=\"nofollow noopener\" target=\"_blank\">sa page Facebook<\/a>.<\/p>\n<p>    <a href=\"https:\/\/www.facebook.com\/plugins\/post.php?href=https%3A%2F%2Fwww.facebook.com%2Fstephaneplazaimmobiliermarseille%2Fposts%2Fpfbid02qqQ3xbdQ26R9eegNnZxrzPQBeHmRhVP3JJZwoNdpjkYwtqgcTesk8QH8NHKpmoHTl&amp;show_text=true&amp;width=350\" title=\"Ouvrie le lien\" rel=\"nofollow noopener\" target=\"_blank\">Cliquez ici pour visualiser le contenu<\/a><\/p>\n<p class=\" wall-content\">Mais alors, comment expliquer que ces deux agents faisant partie du m\u00eame r\u00e9seau en soient arriv\u00e9s l\u00e0\u2009? Contact\u00e9 par actu Marseille, Jean-S\u00e9bastien G. parle d\u2019une <strong>\u00ab\u2009guerre comme commercial qui dure depuis huit ans\u2009\u00bb<\/strong>. Ce dernier reproche \u00e0 son concurrent d\u2019avoir \u00ab\u2009voulu travailler sur ses secteurs\u2009\u00bb.<\/p>\n<p>Que se reprochent les deux hommes\u2009?<\/p>\n<p class=\" wall-content\">Les avocats de Corneille F. indiquent avoir d\u00e9pos\u00e9 <strong>quatre plaintes en un an<\/strong>. La premi\u00e8re pour \u00ab\u2009diffamation priv\u00e9e\u2009\u00bb en avril\u00a02024 \u00e0 la suite d\u2019appel \u00ab\u2009jug\u00e9 malveillant\u2009\u00bb \u00e0 une collaboratrice de l\u2019agent immobilier. La seconde pour \u00ab\u2009injures racistes\u2009\u00bb en juin\u00a02024. La troisi\u00e8me remonte au mois de mars\u00a02025 pour \u00ab\u2009injures \u00e0 caract\u00e8re raciste\u2009\u00bb, mais cette fois-ci envers un collaborateur.<\/p>\n<p class=\" wall-content\">Enfin, la derni\u00e8re date de quelques semaines pour diffamation, mais \u00e9galement pour harc\u00e8lement \u00e0 la suite de \u00ab\u2009propos tenus dans le r\u00e9seau interne\u2009\u00bb.<\/p>\n<p class=\" wall-content\">Jean-S\u00e9bastien G. a aussi d\u00e9pos\u00e9 plainte pour \u00ab\u2009diffamation\u2009\u00bb \u00e0 l\u2019encontre de son rival. Il nous indique que \u00ab\u2009tout est faux\u2009\u00bb et confirme uniquement <strong>avoir qualifi\u00e9 Corneille F. de \u00ab\u2009Kirikou\u2009\u00bb<\/strong>. Mais il explique que cette insulte est \u00ab\u2009contraire \u00e0 ses valeurs\u2009\u00bb et qu\u2019elle serait survenue en 2021 apr\u00e8s que ce dernier l\u2019a trait\u00e9 de \u00ab\u2009oui-oui\u2009\u00bb. Il reproche aussi \u00e0 son ancien coll\u00e8gue de l\u2019avoir qualifi\u00e9 de \u00ab\u2009raciste\u2009\u00bb aupr\u00e8s de St\u00e9phane Plaza et d\u2019avoir post\u00e9 des messages en ce sens sur les r\u00e9seaux sociaux.<\/p>\n<p class=\" wall-content\">Une plainte, qu\u2019actu Marseille a pu consulter, a \u00e9galement \u00e9t\u00e9 d\u00e9pos\u00e9e par une ex-collaboratrice de Corneille F. pour des accusations de tentatives de chantage.<\/p>\n<p class=\" wall-content\"><b>Le proc\u00e8s se tiendra le 2\u00a0septembre<\/b><\/p>\n<p class=\" wall-content\">Inform\u00e9 de ces attaques mutuelles, l\u2019agent immobilier pr\u00e9f\u00e9r\u00e9 des Fran\u00e7ais aurait \u00e9crit sur le r\u00e9seau interne des agences ne pas \u00ab\u2009tol\u00e9rer le racisme et toute forme de misogynie\u2009\u00bb et qu\u2019il n\u2019y avait \u00ab\u2009pas de place aux propos discriminatoires et injurieux\u2009\u00bb.<\/p>\n<p class=\" wall-content\">Mais St\u00e9phane Plaza est d\u00e9sormais \u00e0 l\u2019\u00e9cart de son r\u00e9seau apr\u00e8s <a href=\"https:\/\/actu.fr\/ile-de-france\/paris_75056\/paris-stephane-plaza-condamne-a-12-mois-de-prison-avec-sursis-pour-violences-conjugales_62265395.html\" rel=\"nofollow noopener\" target=\"_blank\">sa condamnation \u00e0 12\u00a0mois de prison avec sursis pour violences conjugales<\/a>. Contact\u00e9 par actu Marseille, le r\u00e9seau St\u00e9phane Plaza France fait savoir qu\u2019il \u00ab\u2009a rappel\u00e9 aux franchis\u00e9s concern\u00e9s comme au r\u00e9seau dans son ensemble, les valeurs port\u00e9es par le franchiseur, \u00e0 savoir le respect, la tol\u00e9rance, le refus de toutes discriminations, le refus du racisme et la misogynie\u2009\u00bb.<\/p>\n<blockquote class=\"ac-article-quote wall-content\">\n<p>Si de tels faits \u00e9taient av\u00e9r\u00e9s, les auteurs de telles infractions verraient leur contrat de franchise r\u00e9sili\u00e9.<\/p>\n<p>    <strong>St\u00e9phane Plaza France<\/strong>\n            <\/p><\/blockquote>\n<p class=\" wall-content\">Le proc\u00e8s doit se tenir le 2\u00a0septembre prochain.<\/p>\n<p class=\" wall-content\">Suivez toute l\u2019actualit\u00e9 de vos villes et m\u00e9dias favoris en vous inscrivant \u00e0 <a href=\"https:\/\/moncompte.actu.fr\" title=\"D\u00e9couvez Mon Actu\" rel=\"nofollow noopener\" data-trk=\"{&quot;cta&quot;:{&quot;action&quot;:&quot;https:\\\/\\\/moncompte.actu.fr&quot;,&quot;category&quot;:&quot;mon compte&quot;,&quot;from&quot;:&quot;article footer&quot;,&quot;name&quot;:&quot;Mon actu&quot;,&quot;type&quot;:&quot;cta&quot;}}\" target=\"_blank\">Mon Actu<\/a>.<\/p>\n","protected":false},"excerpt":{"rendered":"Par Thibault Nadal Publi\u00e9 le 17 juin 2025 \u00e0 17h59 \u00ab\u2009Des accusations graves port\u00e9es de part et d\u2019autre\u2009\u00bb&hellip;\n","protected":false},"author":2,"featured_media":183937,"comment_status":"","ping_status":"","sticky":false,"template":"","format":"standard","meta":{"footnotes":""},"categories":[2814],"tags":[1111,11,1777,674,1011,27,1116,303,884,12,882,25,104],"class_list":{"0":"post-183936","1":"post","2":"type-post","3":"status-publish","4":"format-standard","5":"has-post-thumbnail","7":"category-marseille","8":"tag-actu","9":"tag-actualites","10":"tag-eu","11":"tag-europe","12":"tag-fr","13":"tag-france","14":"tag-immobilier","15":"tag-justice","16":"tag-marseille","17":"tag-news","18":"tag-provence-alpes-cote-dazur","19":"tag-republique-francaise","20":"tag-societe"},"share_on_mastodon":{"url":"https:\/\/pubeurope.com\/@fr\/114700026223956949","error":""},"_links":{"self":[{"href":"https:\/\/www.europesays.com\/fr\/wp-json\/wp\/v2\/posts\/183936","targetHints":{"allow":["GET"]}}],"collection":[{"href":"https:\/\/www.europesays.com\/fr\/wp-json\/wp\/v2\/posts"}],"about":[{"href":"https:\/\/www.europesays.com\/fr\/wp-json\/wp\/v2\/types\/post"}],"author":[{"embeddable":true,"href":"https:\/\/www.europesays.com\/fr\/wp-json\/wp\/v2\/users\/2"}],"replies":[{"embeddable":true,"href":"https:\/\/www.europesays.com\/fr\/wp-json\/wp\/v2\/comments?post=183936"}],"version-history":[{"count":0,"href":"https:\/\/www.europesays.com\/fr\/wp-json\/wp\/v2\/posts\/183936\/revisions"}],"wp:featuredmedia":[{"embeddable":true,"href":"https:\/\/www.europesays.com\/fr\/wp-json\/wp\/v2\/media\/183937"}],"wp:attachment":[{"href":"https:\/\/www.europesays.com\/fr\/wp-json\/wp\/v2\/media?parent=183936"}],"wp:term":[{"taxonomy":"category","embeddable":true,"href":"https:\/\/www.europesays.com\/fr\/wp-json\/wp\/v2\/categories?post=183936"},{"taxonomy":"post_tag","embeddable":true,"href":"https:\/\/www.europesays.com\/fr\/wp-json\/wp\/v2\/tags?post=183936"}],"curies":[{"name":"wp","href":"https:\/\/api.w.org\/{rel}","templated":true}]}}