{"id":183940,"date":"2025-06-17T18:05:16","date_gmt":"2025-06-17T18:05:16","guid":{"rendered":"https:\/\/www.europesays.com\/fr\/183940\/"},"modified":"2025-06-17T18:05:16","modified_gmt":"2025-06-17T18:05:16","slug":"la-ville-sest-calmee-partout","status":"publish","type":"post","link":"https:\/\/www.europesays.com\/fr\/183940\/","title":{"rendered":"La ville s&rsquo;est calm\u00e9e partout"},"content":{"rendered":"<p>            Par<br \/>\n        <strong><br \/>\n            <a href=\"https:\/\/actu.fr\/auteur\/julien-damboise\" title=\"Consulter tous les articles de Julien Damboise\" rel=\"nofollow noopener\" target=\"_blank\">Julien Damboise<\/a><br \/>\n        <\/strong><\/p>\n<p>        Publi\u00e9 le<\/p>\n<p>            17 juin 2025 \u00e0 19h14        <\/p>\n<p>L\u2019adjoint \u00e0 la S\u00fbret\u00e9 de la Ville de <a href=\"https:\/\/actu.fr\/auvergne-rhone-alpes\/lyon_69123\" rel=\"nofollow noopener\" target=\"_blank\">Lyon<\/a>, <strong>Mohamed Chihi<\/strong>, r\u00e9pond \u00e0 nos questions dans une interview exclusive.\u00a0D\u00e9ploiement des cam\u00e9ras de vid\u00e9osurveillance, s\u00e9curit\u00e9 routi\u00e8re, quartiers difficiles ou encore critiques de <a href=\"https:\/\/actu.fr\/auvergne-rhone-alpes\/lyon_69123\/lyon-la-mairie-ecologiste-ironise-sur-les-rues-apaiser-de-jean-michel-aulas_62771202.html\" rel=\"nofollow noopener\" target=\"_blank\">Jean-Michel Aulas<\/a>, voici les r\u00e9ponses de l\u2019\u00e9lu proche de <a href=\"https:\/\/actu.fr\/auvergne-rhone-alpes\/lyon_69123\/le-maire-de-lyon-gregory-doucet-reclame-la-reconnaissance-de-l-etat-palestinien-a-emmanuel-macron_62785850.html\" rel=\"nofollow noopener\" target=\"_blank\">Gr\u00e9gory Doucet<\/a>.<br \/>Depuis le d\u00e9but du mandat des \u00e9cologistes, la s\u00e9curit\u00e9 est un sujet de critiques r\u00e9guli\u00e8res contre le maire et sa majorit\u00e9 de gauche. Situation \u00e0 Guilloti\u00e8re, rod\u00e9os en Presqu\u2019\u00eele, d\u00e9linquance, tags et salet\u00e9 dans l\u2019espace public, s\u00e9curit\u00e9 routi\u00e8re et accidents, effectifs de police municipale : les dossiers sont nombreux sur cette th\u00e9matique br\u00fblante.<\/p>\n<p>Des cam\u00e9ras \u00e0 des points strat\u00e9giques<\/p>\n<p class=\"ac-article-content__question wall-content\"><strong class=\"color-primary\">Actu : <\/strong>L&rsquo;ajout de 60 cam\u00e9ras sera vot\u00e9 le 26 juin en conseil municipal \u00e0 Lyon, quels seront les secteurs concern\u00e9s ?<\/p>\n<p class=\" wall-content\"><strong class=\"color-primary\">Mohamed Chihi : <\/strong>Le flou est volontaire, nous donnons les implantations g\u00e9n\u00e9rales (La mairie avait \u00e9voqu\u00e9 une priorit\u00e9 dans les secteurs en mutation qui comptent de nouveaux espaces publics comme la Part-Dieu ou les haltes fluviales, aux abords de certains \u00e9tablissements scolaires, de parcs, de lieux communautaires et de culte, et de sites touristiques, NDLR) mais pas les adresses de chaque cam\u00e9ra implant\u00e9e.<\/p>\n<p>Nous avons des points avec la police tous les six semaines dans chaque arrondissement, avec tous les acteurs concern\u00e9s. Ce travail permet un recensement pr\u00e9cis des points sur lesquels nous avons besoin d&rsquo;une objectivation de cam\u00e9ra, que l&rsquo;on fait d&rsquo;abord syst\u00e9matiquement avec des cam\u00e9ras nomades. Seize cameras seront install\u00e9es \u00e0 la place des nomades \u00e0 partir du 26 juin.<\/p>\n<p class=\"ac-article-content__question wall-content\">Concernant toujours les cam\u00e9ras, o\u00f9 est-ce qu&rsquo;on vid\u00e9o-verbalise \u00e0 Lyon ? <\/p>\n<p class=\" wall-content\"><strong class=\"color-primary\">MC : <\/strong>Presqu&rsquo;\u00eele beaucoup, et notamment les fins de semaine autour de l&rsquo;axe \u00c9douard-Herriot qui va \u00eatre apais\u00e9 par la Zone \u00e0 trafic limit\u00e9. Il y a des gens qui viennent faire vrombir leurs moteurs, klaxonnent&#8230; Ceux-l\u00e0 sont verbalis\u00e9s, il y a un effet dissuasif : seulement entre 2 et 3 % de r\u00e9it\u00e9ration \u00e0 plus de 10 jours.<\/p>\n<p>Aussi pour surveiller les personnes qui utilisent leur v\u00e9hicule pour d\u00e9poser des immondices, notamment sur Gabriel-P\u00e9ri (Guilloti\u00e8re) et aux alentours. Les cam\u00e9ras nomades peuvent \u00e9galement \u00eatre utilis\u00e9es pour vid\u00e9o-verbaliser, \u00e7a a \u00e9t\u00e9 le cas devant une \u00e9cole du 8e arrondissement o\u00f9 il y avait beaucoup trop de stationnement. <\/p>\n<p>    <img   decoding=\"async\" loading=\"lazy\" src=\"https:\/\/www.europesays.com\/fr\/wp-content\/uploads\/2025\/05\/police-guillotiere-lyon-tramway-960x640.png\" alt=\"Un vendeur \u00e0 la sauvette est verbalis\u00e9 lors d'une importante op\u00e9ration de police mardi 27 mai 2025 dans le quartier de la Guilloti\u00e8re \u00e0 Lyon.\" width=\"960\" height=\"640\"\/><br \/>\n    Un vendeur \u00e0 la sauvette est verbalis\u00e9 lors d\u2019une importante op\u00e9ration de police fin mai 2025 dans le quartier de la Guilloti\u00e8re \u00e0 Lyon. (\u00a9JD \/ actu Lyon)Guilloti\u00e8re ? \u00ab\u00a0On va continuer \u00e0 travailler\u00a0\u00bb.<\/p>\n<p class=\"ac-article-content__question wall-content\">Dans le quartier de la Guilloti\u00e8re, il reste des probl\u00e9matiques d&rsquo;agressions, rixes \u00e0 l&rsquo;arme blanche, ou encore des ventes de cigarettes de contrebande et de m\u00e9dicaments, que faites-vous pour am\u00e9liorer la situation ? <\/p>\n<p class=\" wall-content\"><strong class=\"color-primary\">MC : <\/strong>Mon approche est tr\u00e8s claire. D&rsquo;abord, la s\u00e9curit\u00e9 du quotidien, ce sont des passages de police. On a bien entendu travaill\u00e9 avec la pr\u00e9fecture et on a mis la place Mazagran au m\u00eame niveau de tous les secteurs sensibles dont on discute. <\/p>\n<p>Nous faisons un travail r\u00e9gulier de bilan et de perspectives sur le secteur. En plus des effectifs de police, nous avons install\u00e9 des cam\u00e9ras, nous en sommes \u00e0 la troisi\u00e8me p\u00e9rennisation.<\/p>\n<p>Un travail tr\u00e8s important est effectu\u00e9 par la direction s\u00e9curit\u00e9 de pr\u00e9vention, en mati\u00e8re de suivi. Les jeux qui sont aujourd&rsquo;hui r\u00e9utilis\u00e9s par les enfants, ne sont plus des lieux de squat. Les espaces verts ont \u00e9t\u00e9 modifi\u00e9s pour r\u00e9duire les usages et notamment les caches de drogues.<\/p>\n<p>Enfin, l&rsquo;intervention des travailleurs sociaux, pour identifier les besoins d&rsquo;une partie de la population sur place, dont une large partie est marginale. Vous dire qu&rsquo;on a tout r\u00e9gl\u00e9, non, on va continuer \u00e0 travailler.<\/p>\n<p>En Presqu\u2019\u00eele, \u00ab\u00a0la ville s\u2019est calm\u00e9e\u00a0\u00bb<\/p>\n<p class=\"ac-article-content__question wall-content\">Concernant la Presqu&rsquo;\u00eele, on rel\u00e8ve toujours les m\u00eames difficult\u00e9s ann\u00e9e apr\u00e8s ann\u00e9e, et notamment l&rsquo;\u00e9t\u00e9 avec des agressions, notamment en deuxi\u00e8me partie de nuit, comment traitez-vous ce probl\u00e8me ? <\/p>\n<p class=\" wall-content\"><strong class=\"color-primary\">MC : <\/strong>On a fait un super travail, je crois. D&rsquo;abord en identifiant que l&rsquo;alcool dans toutes ces affaires-l\u00e0 \u00e9tait soit un facteur d\u00e9clenchant soit aggravant. Et qu&rsquo;il fait qu&rsquo;on retrouvait beaucoup de personnes ivres, \u00e0 la fois du c\u00f4t\u00e9 victime que du c\u00f4t\u00e9 auteur. <\/p>\n<p>Nous avons r\u00e9duit drastiquement l&rsquo;acc\u00e8s au c\u0153ur de nuit \u00e0 des personnes alcoolis\u00e9es et j&rsquo;ai pris un arr\u00eat\u00e9 en juin 2021 pour interdire sur toute la commune, de 21 h \u00e0 6 h du matin, la vente d&rsquo;alcool \u00e0 emporter. Nous avons constat\u00e9, partout, que la ville s&rsquo;est calm\u00e9e. <\/p>\n<p>Les faits de voie publique ont \u00e9norm\u00e9ment baiss\u00e9. Nous r\u00e9alisons un travail important, qui nous a permis de faire rentrer dans le rang des \u00e9piceries qui n&rsquo;ouvraient que pour vendre de l&rsquo;alcool. Certaines qui n&rsquo;ont pas fait \u00e9voluer leur mod\u00e8le ont mis la cl\u00e9 sous la porte apr\u00e8s des fermetures administratives. Tr\u00e8s souvent, nous avons des rixes, des regroupements, des gens qui font du bruit, tr\u00e8s souvent, on trouve une \u00e9picerie pas tr\u00e8s loin. Par exemple dans le 8e pr\u00e8s d&rsquo;un \u00e9tablissement de nuit, elle a d\u00e9j\u00e0 eu 3 ou 4 fermetures. Vous dire que \u00e7a r\u00e8gle tout, non. Mais ce travail pr\u00e9ventif, \u00e7a r\u00e9duit le nombre de victimes et de m\u00e9faits. <\/p>\n<p>Vols dans les voitures : \u00ab\u00a0nous aurons toujours ce ph\u00e9nom\u00e8ne \u00e0 Lyon\u00a0\u00bb<\/p>\n<p class=\"ac-article-content__question wall-content\">Pour les vols \u00e0 la roulotte (dans les voitures), avec le 2e et le 6e arrondissements particuli\u00e8rement touch\u00e9s, comment fait-on pour stopper cela ? <\/p>\n<p class=\" wall-content\"><strong class=\"color-primary\">MC : <\/strong>C&rsquo;est parfois sous nos cam\u00e9ras que cela se passe. Nous n&rsquo;arrivons pas \u00e0 intervenir assez vite, ces gens passent tr\u00e8s peu de temps, quelques secondes, ce sont des professionnels du vol \u00e0 la roulotte. <\/p>\n<p>Donc la premi\u00e8re chose pour lutter contre le ph\u00e9nom\u00e8ne, c&rsquo;est redire que chacun doit \u00eatre conscient qu&rsquo;il ne faut rien laisser d&rsquo;apparent dans son v\u00e9hicule. Ensuite, il faut bien s\u00fbr des passages de police municipale et nationale. Nous aurons toujours ce ph\u00e9nom\u00e8ne \u00e0 Lyon, parce qu&rsquo;on a un effet supermarch\u00e9 avec de nombreuses voitures dans les agglom\u00e9rations comme les n\u00f4tres. Toutes les grandes villes de France sont touch\u00e9es.<\/p>\n<p class=\"ac-article-content__question wall-content\">Quel sentiment avez-vous sur les routes de Lyon ? Jean-Michel Aulas et d&rsquo;autres trouvent que c&rsquo;est compliqu\u00e9 avec plus d&rsquo;agressivit\u00e9, faites-vous \u00e9galement ce constat ?<\/p>\n<p class=\" wall-content\"><strong class=\"color-primary\">MC : <\/strong>D&rsquo;abord, il faut redire la diminution de 50% des accidents graves et une diminution de 58% des bless\u00e9s graves. Nous voyons une explosion de l&rsquo;utilisation des v\u00e9los, des modes doux d&rsquo;une mani\u00e8re g\u00e9n\u00e9rale, avec une baisse de 7% du nombre d&rsquo;accidents pour ces personnes. <\/p>\n<p>Je pense que la situation n&rsquo;est pas pleinement satisfaisante, mais la dynamique est tr\u00e8s bonne. Il y a plusieurs choses qui concourent \u00e0 cela : bien s\u00fbr la question des am\u00e9nagements, des flux s\u00e9par\u00e9s, extr\u00eamement utiles pour la s\u00e9curit\u00e9 de chacun. <\/p>\n<p>Et aussi l&rsquo;action du maire de Lyon, et du pr\u00e9sident de la M\u00e9tropole, d&rsquo;abaisser la vitesse \u00e0 30 km\/h. Il y a eu 1 700 points de contr\u00f4le en 2024, plusieurs chaque jour. On va continuer \u00e0 faire ce travail. On sait qu&rsquo;on peut compter sur nos agents de police, mais si on peut compter sur l&rsquo;esprit citoyen de bon nombre de Lyonnais qui adoptent les bons comportements.<\/p>\n<p>    <img   decoding=\"async\" loading=\"lazy\" src=\"https:\/\/www.europesays.com\/fr\/wp-content\/uploads\/2025\/06\/img-8509-960x640.jpg\" alt=\"La police municipale de Lyon est dot\u00e9e d'une unit\u00e9 cycliste. Voici ce qu'il faut savoir sur cette brigade pas comme les autres.\" width=\"960\" height=\"640\"\/><br \/>\n    La police municipale de Lyon est dot\u00e9e d\u2019une unit\u00e9 cycliste. (\u00a9TZ \/ Actu Lyon)<\/p>\n<p class=\" wall-content\">Suivez toute l\u2019actualit\u00e9 de vos villes et m\u00e9dias favoris en vous inscrivant \u00e0 <a href=\"https:\/\/moncompte.actu.fr\" title=\"D\u00e9couvez Mon Actu\" rel=\"nofollow noopener\" data-trk=\"{&quot;cta&quot;:{&quot;action&quot;:&quot;https:\\\/\\\/moncompte.actu.fr&quot;,&quot;category&quot;:&quot;mon compte&quot;,&quot;from&quot;:&quot;article footer&quot;,&quot;name&quot;:&quot;Mon actu&quot;,&quot;type&quot;:&quot;cta&quot;}}\" target=\"_blank\">Mon Actu<\/a>.<\/p>\n<ul class=\"ac-article-tag wall-content\">\n<li><a href=\"https:\/\/actu.fr\/tag\/gregory-doucet\" data-trk=\"{&quot;cta&quot;:{&quot;action&quot;:&quot;Gr\\u00e9gory Doucet&quot;,&quot;category&quot;:&quot;tag&quot;,&quot;from&quot;:&quot;article footer&quot;,&quot;name&quot;:&quot;Gr\\u00e9gory Doucet&quot;,&quot;type&quot;:&quot;cta&quot;}}\" rel=\"nofollow noopener\" target=\"_blank\">#Gr\u00e9gory Doucet<\/a><\/li>\n<li><a href=\"https:\/\/actu.fr\/tag\/insecurite\" data-trk=\"{&quot;cta&quot;:{&quot;action&quot;:&quot;Ins\\u00e9curit\\u00e9&quot;,&quot;category&quot;:&quot;tag&quot;,&quot;from&quot;:&quot;article footer&quot;,&quot;name&quot;:&quot;Ins\\u00e9curit\\u00e9&quot;,&quot;type&quot;:&quot;cta&quot;}}\" rel=\"nofollow noopener\" target=\"_blank\">#Ins\u00e9curit\u00e9<\/a><\/li>\n<\/ul>\n","protected":false},"excerpt":{"rendered":"Par Julien Damboise Publi\u00e9 le 17 juin 2025 \u00e0 19h14 L\u2019adjoint \u00e0 la S\u00fbret\u00e9 de la Ville de&hellip;\n","protected":false},"author":2,"featured_media":183941,"comment_status":"","ping_status":"","sticky":false,"template":"","format":"standard","meta":{"footnotes":""},"categories":[1889],"tags":[1111,11,2430,1777,674,1011,27,5226,2825,2428,12,316,25],"class_list":{"0":"post-183940","1":"post","2":"type-post","3":"status-publish","4":"format-standard","5":"has-post-thumbnail","7":"category-lyon","8":"tag-actu","9":"tag-actualites","10":"tag-auvergne-rhone-alpes","11":"tag-eu","12":"tag-europe","13":"tag-fr","14":"tag-france","15":"tag-gregory-doucet","16":"tag-insecurite","17":"tag-lyon","18":"tag-news","19":"tag-politique","20":"tag-republique-francaise"},"share_on_mastodon":{"url":"https:\/\/pubeurope.com\/@fr\/114700034390193415","error":""},"_links":{"self":[{"href":"https:\/\/www.europesays.com\/fr\/wp-json\/wp\/v2\/posts\/183940","targetHints":{"allow":["GET"]}}],"collection":[{"href":"https:\/\/www.europesays.com\/fr\/wp-json\/wp\/v2\/posts"}],"about":[{"href":"https:\/\/www.europesays.com\/fr\/wp-json\/wp\/v2\/types\/post"}],"author":[{"embeddable":true,"href":"https:\/\/www.europesays.com\/fr\/wp-json\/wp\/v2\/users\/2"}],"replies":[{"embeddable":true,"href":"https:\/\/www.europesays.com\/fr\/wp-json\/wp\/v2\/comments?post=183940"}],"version-history":[{"count":0,"href":"https:\/\/www.europesays.com\/fr\/wp-json\/wp\/v2\/posts\/183940\/revisions"}],"wp:featuredmedia":[{"embeddable":true,"href":"https:\/\/www.europesays.com\/fr\/wp-json\/wp\/v2\/media\/183941"}],"wp:attachment":[{"href":"https:\/\/www.europesays.com\/fr\/wp-json\/wp\/v2\/media?parent=183940"}],"wp:term":[{"taxonomy":"category","embeddable":true,"href":"https:\/\/www.europesays.com\/fr\/wp-json\/wp\/v2\/categories?post=183940"},{"taxonomy":"post_tag","embeddable":true,"href":"https:\/\/www.europesays.com\/fr\/wp-json\/wp\/v2\/tags?post=183940"}],"curies":[{"name":"wp","href":"https:\/\/api.w.org\/{rel}","templated":true}]}}