{"id":183948,"date":"2025-06-17T18:10:11","date_gmt":"2025-06-17T18:10:11","guid":{"rendered":"https:\/\/www.europesays.com\/fr\/183948\/"},"modified":"2025-06-17T18:10:11","modified_gmt":"2025-06-17T18:10:11","slug":"dans-lindre-suzie-vise-la-comedie-francaise-a-10-ans","status":"publish","type":"post","link":"https:\/\/www.europesays.com\/fr\/183948\/","title":{"rendered":"dans l\u2019Indre, Suzie vise la Com\u00e9die-Fran\u00e7aise \u00e0 10 ans"},"content":{"rendered":"<p>Un tableau blanc, des verbes au pass\u00e9 simple, des dessins de dragons sur les murs. Ce lundi 16\u00a0juin, la salle de classe de<a target=\"_self\" href=\"https:\/\/www.lanouvellerepublique.fr\/indre\/commune\/chabris\/chabris-de-menus-changements-pour-la-rentree\" rel=\"noopener\"> l\u2019\u00e9cole des Marronniers \u00e0 Chabris<\/a> s\u2019est transform\u00e9e en petite sc\u00e8ne litt\u00e9raire. Au centre, Suzie Morel, 10\u00a0ans, finaliste<a target=\"_self\" href=\"https:\/\/www.lanouvellerepublique.fr\/indre\/commune\/chabris\/petits-champions-de-la-lecture-eleve-a-chabris-suzie-representera-la-region-centre-a-la-finale-nationale-du-concours-1748962785\" rel=\"noopener\"> r\u00e9gionale du concours des Petits Champions de la lecture<\/a>, attend son tour. Autour d\u2019elle, ses camarades de CM2, son enseignante, des invit\u00e9s\u00a0\u2013\u00a0dont le directeur acad\u00e9mique de l\u2019Indre et le maire\u00a0\u2013\u00a0et surtout une visiteuse d\u2019exception\u00a0: Anne Auger, autrice du Peuple des dragons, le roman dont Suzie a choisi un extrait pour la grande finale.<\/p>\n<p>Le 25\u00a0juin prochain, elle <a target=\"_self\" href=\"https:\/\/www.lanouvellerepublique.fr\/indre\/commune\/chabris\/petits-champions-de-la-lecture-suzie-morel-de-chabris-representera-le-centre-val-de-loire-a-la-comedie-francaise-1746199761\" rel=\"noopener\">montera sur la sc\u00e8ne de la Com\u00e9die-Fran\u00e7aise \u00e0 Paris<\/a>. Une des quinze finalistes nationales, sur pr\u00e8s de 200.000 participants. \u00ab\u00a0C\u2019est une tr\u00e8s belle aventure pour Suzie\u2026 et pour moi aussi\u00a0\u00bb, souffle Anne Auger, encore \u00e9tonn\u00e9e que son texte ait franchi les murs de l\u2019\u00e9cole pour atterrir dans les mains d\u2019une finaliste. \u00ab\u00a0J\u2019ai \u00e9crit cette histoire pour mes filles. J\u2019ai commenc\u00e9 \u00e0 \u00e9crire tard, il y a trois ans \u00e0 peine. \u00catre publi\u00e9e, et aujourd\u2019hui lue dans ce cadre\u2026 c\u2019est un peu fou&#8230;. <\/p>\n<p>    Cet article a \u00e9t\u00e9 tronqu\u00e9. Abonnez-vous pour lire l&rsquo;article complet sur notre site.<\/p>\n<p>\u00a0\u00bb<\/p>\n<p style=\"margin: 0 !important; padding: 0 !important; font-size: 12px !important;\">Cet article a \u00e9t\u00e9 tronqu\u00e9. Abonnez-vous pour lire l&rsquo;article complet.<\/p>\n<p>    <a href=\"https:\/\/www.lanouvellerepublique.fr\/abonnements\" style=\"display: inline-block; margin-top: 5px !important; padding: 6px 12px !important; background: #cb1c27; color: white; text-decoration: none; border-radius: 4px; font-size: 12px !important;\" target=\"_blank\" rel=\"noopener\"><br \/>\n      S&rsquo;abonner<br \/>\n    <\/a><\/p>\n","protected":false},"excerpt":{"rendered":"Un tableau blanc, des verbes au pass\u00e9 simple, des dessins de dragons sur les murs. Ce lundi 16\u00a0juin,&hellip;\n","protected":false},"author":2,"featured_media":183949,"comment_status":"","ping_status":"","sticky":false,"template":"","format":"standard","meta":{"footnotes":""},"categories":[1888],"tags":[1392,11,13153,32193,4019,1057,1777,674,1011,27,5052,1380,1393,12,626,25],"class_list":{"0":"post-183948","1":"post","2":"type-post","3":"status-publish","4":"format-standard","5":"has-post-thumbnail","7":"category-paris","8":"tag-a-la-une-local","9":"tag-actualites","10":"tag-bande-dessinee","11":"tag-chabris","12":"tag-ecoles","13":"tag-education","14":"tag-eu","15":"tag-europe","16":"tag-fr","17":"tag-france","18":"tag-indre","19":"tag-livres","20":"tag-loisirs","21":"tag-news","22":"tag-paris","23":"tag-republique-francaise"},"share_on_mastodon":{"url":"https:\/\/pubeurope.com\/@fr\/114700053652986863","error":""},"_links":{"self":[{"href":"https:\/\/www.europesays.com\/fr\/wp-json\/wp\/v2\/posts\/183948","targetHints":{"allow":["GET"]}}],"collection":[{"href":"https:\/\/www.europesays.com\/fr\/wp-json\/wp\/v2\/posts"}],"about":[{"href":"https:\/\/www.europesays.com\/fr\/wp-json\/wp\/v2\/types\/post"}],"author":[{"embeddable":true,"href":"https:\/\/www.europesays.com\/fr\/wp-json\/wp\/v2\/users\/2"}],"replies":[{"embeddable":true,"href":"https:\/\/www.europesays.com\/fr\/wp-json\/wp\/v2\/comments?post=183948"}],"version-history":[{"count":0,"href":"https:\/\/www.europesays.com\/fr\/wp-json\/wp\/v2\/posts\/183948\/revisions"}],"wp:featuredmedia":[{"embeddable":true,"href":"https:\/\/www.europesays.com\/fr\/wp-json\/wp\/v2\/media\/183949"}],"wp:attachment":[{"href":"https:\/\/www.europesays.com\/fr\/wp-json\/wp\/v2\/media?parent=183948"}],"wp:term":[{"taxonomy":"category","embeddable":true,"href":"https:\/\/www.europesays.com\/fr\/wp-json\/wp\/v2\/categories?post=183948"},{"taxonomy":"post_tag","embeddable":true,"href":"https:\/\/www.europesays.com\/fr\/wp-json\/wp\/v2\/tags?post=183948"}],"curies":[{"name":"wp","href":"https:\/\/api.w.org\/{rel}","templated":true}]}}