{"id":18395,"date":"2025-04-11T22:20:09","date_gmt":"2025-04-11T22:20:09","guid":{"rendered":"https:\/\/www.europesays.com\/fr\/18395\/"},"modified":"2025-04-11T22:20:09","modified_gmt":"2025-04-11T22:20:09","slug":"atp-bernard-tomic-lorsque-novak-djokovic-jouait-a-son-meilleur-niveau-personne-ne-pouvait-legaler-il-battait-facilement-federer-et-nadal","status":"publish","type":"post","link":"https:\/\/www.europesays.com\/fr\/18395\/","title":{"rendered":"ATP > Bernard Tomic : \u00ab\u00a0Lorsque Novak Djokovic jouait \u00e0 son meilleur niveau, personne ne pouvait l&rsquo;\u00e9galer. Il battait facilement Federer et Nadal\u00a0\u00bb"},"content":{"rendered":"<p>R\u00e9cemment invit\u00e9 du podcast, Changeover, Bernard Tomic, ancien 17e joueur mondial et actuel 236e, a \u00e9t\u00e9 invit\u00e9 \u00e0 s\u2019ex\u00adprimer sur le fameux d\u00e9bat du GOAT, ou meilleur joueur de tous les temps. Et il a rapi\u00adde\u00adment d\u00e9sign\u00e9 Novak Djokovic.\u00a0<\/p>\n<p><strong>\u00ab\u202fNovak Djokovic \u00e0 son apog\u00e9e, personne ne pouvait l\u2019\u00e9galer, c\u2019est certain. Quand il jouait bien, il battait Roger Federer 6\u20132, 6\u20132 et Rafa Nadal 6\u20132, 6\u20131, il \u00e9tait si bon. On ne peut pas riva\u00adliser, c\u2019est le plus grand de tous les\u00a0temps.\u202f\u00bb<\/strong><\/p>\n<p class=\"post-published-date\" style=\"color: silver; font-size: 75%; text-align: left;\">Publi\u00e9 le vendredi 11 avril 2025 \u00e0 12:52<\/p>\n","protected":false},"excerpt":{"rendered":"R\u00e9cemment invit\u00e9 du podcast, Changeover, Bernard Tomic, ancien 17e joueur mondial et actuel 236e, a \u00e9t\u00e9 invit\u00e9 \u00e0&hellip;\n","protected":false},"author":2,"featured_media":9393,"comment_status":"","ping_status":"","sticky":false,"template":"","format":"standard","meta":{"footnotes":""},"categories":[1415],"tags":[105,2199,1011,27,1960,60,1467],"class_list":{"0":"post-18395","1":"post","2":"type-post","3":"status-publish","4":"format-standard","5":"has-post-thumbnail","7":"category-tennis","8":"tag-djokovic","9":"tag-federer","10":"tag-fr","11":"tag-france","12":"tag-nadal","13":"tag-sports","14":"tag-tennis"},"share_on_mastodon":{"url":"https:\/\/pubeurope.com\/@fr\/114321661804012818","error":""},"_links":{"self":[{"href":"https:\/\/www.europesays.com\/fr\/wp-json\/wp\/v2\/posts\/18395","targetHints":{"allow":["GET"]}}],"collection":[{"href":"https:\/\/www.europesays.com\/fr\/wp-json\/wp\/v2\/posts"}],"about":[{"href":"https:\/\/www.europesays.com\/fr\/wp-json\/wp\/v2\/types\/post"}],"author":[{"embeddable":true,"href":"https:\/\/www.europesays.com\/fr\/wp-json\/wp\/v2\/users\/2"}],"replies":[{"embeddable":true,"href":"https:\/\/www.europesays.com\/fr\/wp-json\/wp\/v2\/comments?post=18395"}],"version-history":[{"count":0,"href":"https:\/\/www.europesays.com\/fr\/wp-json\/wp\/v2\/posts\/18395\/revisions"}],"wp:featuredmedia":[{"embeddable":true,"href":"https:\/\/www.europesays.com\/fr\/wp-json\/wp\/v2\/media\/9393"}],"wp:attachment":[{"href":"https:\/\/www.europesays.com\/fr\/wp-json\/wp\/v2\/media?parent=18395"}],"wp:term":[{"taxonomy":"category","embeddable":true,"href":"https:\/\/www.europesays.com\/fr\/wp-json\/wp\/v2\/categories?post=18395"},{"taxonomy":"post_tag","embeddable":true,"href":"https:\/\/www.europesays.com\/fr\/wp-json\/wp\/v2\/tags?post=18395"}],"curies":[{"name":"wp","href":"https:\/\/api.w.org\/{rel}","templated":true}]}}